{"id":14128,"date":"2022-11-01T09:43:16","date_gmt":"2022-11-01T08:43:16","guid":{"rendered":"https:\/\/elbullifoundation.com\/elbullistore\/?p=14128"},"modified":"2022-11-01T09:49:22","modified_gmt":"2022-11-01T08:49:22","slug":"otros-procesos-cognitivos-la-cata-lenguaje-atencion-memoria-inteligencia-pensamiento","status":"publish","type":"post","link":"https:\/\/elbullifoundation.com\/elbullistore\/otros-procesos-cognitivos-la-cata-lenguaje-atencion-memoria-inteligencia-pensamiento\/","title":{"rendered":"OTROS PROCESOS COGNITIVOS DE LA CATA. LENGUAJE, ATENCI\u00d3N, MEMORIA, INTELIGENCIA Y PENSAMIENTO"},"content":{"rendered":"<p>Los procesos cognitivos se refieren a los procesos por los que el cerebro gestiona, maneja, integra, genera, procesa y, en general, trabaja con las se\u00f1ales electroqu\u00edmicas que se suceden en todo momento entre las neuronas. No son en absoluto tareas secuenciales, sino que se sucede un entrecruzamiento de procesos que desde fuera podr\u00eda parecer un enmara\u00f1amiento.<\/p>\n<p>&nbsp;<\/p>\n<p>La sensopercepci\u00f3n es un proceso cognitivo bastante bien estudiado, como tambi\u00e9n lo son el lenguaje, la memoria, la atenci\u00f3n, el pensamiento y la inteligencia. Y todos resultan indispensables para la cata del vino. Excede el prop\u00f3sito de este volumen abordarlos exhaustivamente, pero hemos hecho una selecci\u00f3n y expondremos, por ejemplo, la anatom\u00eda y el funcionamiento del aparato fonador. Tambi\u00e9n se clasificar\u00e1n los distintos lenguajes del vino: po\u00e9tico, narrativo, enol\u00f3gico, organol\u00e9ptico y cient\u00edfico. Y, por su gran inter\u00e9s por lo frecuentes que son durante una cata, se abordar\u00e1n los sesgos cognitivos, una especie de atajos mentales tan \u00fatiles \u2013biol\u00f3gicamente hablando\u2013 como equ\u00edvocos, pues suponen una distorsi\u00f3n de la percepci\u00f3n que induce a error.<\/p>\n","protected":false},"excerpt":{"rendered":"<p>Los procesos cognitivos se refieren a los procesos por los que el cerebro gestiona, maneja, integra, genera, procesa y, en general, trabaja con las se\u00f1ales electroqu\u00edmicas que se suceden en todo momento entre las neuronas. No son en absoluto tareas secuenciales, sino que se sucede un entrecruzamiento de procesos que desde fuera podr\u00eda parecer un [&hellip;]<\/p>\n","protected":false},"author":4,"featured_media":14049,"comment_status":"closed","ping_status":"open","sticky":false,"template":"","format":"standard","meta":{"_acf_changed":false,"footnotes":""},"categories":[1],"tags":[],"class_list":["post-14128","post","type-post","status-publish","format-standard","has-post-thumbnail","hentry","category-sin-categorizar"],"acf":[],"yoast_head":"<!-- This site is optimized with the Yoast SEO plugin v26.9 - https:\/\/yoast.com\/product\/yoast-seo-wordpress\/ -->\n<title>OTROS PROCESOS COGNITIVOS DE LA CATA. LENGUAJE, ATENCI\u00d3N, MEMORIA, INTELIGENCIA Y PENSAMIENTO - elBullistore<\/title>\n<meta name=\"robots\" content=\"index, follow, max-snippet:-1, max-image-preview:large, max-video-preview:-1\" \/>\n<link rel=\"canonical\" href=\"https:\/\/elbullifoundation.com\/elbullistore\/otros-procesos-cognitivos-la-cata-lenguaje-atencion-memoria-inteligencia-pensamiento\/\" \/>\n<meta property=\"og:locale\" content=\"es_ES\" \/>\n<meta property=\"og:type\" content=\"article\" \/>\n<meta property=\"og:title\" content=\"OTROS PROCESOS COGNITIVOS DE LA CATA. LENGUAJE, ATENCI\u00d3N, MEMORIA, INTELIGENCIA Y PENSAMIENTO - elBullistore\" \/>\n<meta property=\"og:description\" content=\"Los procesos cognitivos se refieren a los procesos por los que el cerebro gestiona, maneja, integra, genera, procesa y, en general, trabaja con las se\u00f1ales electroqu\u00edmicas que se suceden en todo momento entre las neuronas. No son en absoluto tareas secuenciales, sino que se sucede un entrecruzamiento de procesos que desde fuera podr\u00eda parecer un [&hellip;]\" \/>\n<meta property=\"og:url\" content=\"https:\/\/elbullifoundation.com\/elbullistore\/otros-procesos-cognitivos-la-cata-lenguaje-atencion-memoria-inteligencia-pensamiento\/\" \/>\n<meta property=\"og:site_name\" content=\"elBullistore\" \/>\n<meta property=\"article:published_time\" content=\"2022-11-01T08:43:16+00:00\" \/>\n<meta property=\"article:modified_time\" content=\"2022-11-01T08:49:22+00:00\" \/>\n<meta property=\"og:image\" content=\"https:\/\/elbullifoundation.com\/elbullistore\/wp-content\/uploads\/2022\/11\/4.png\" \/>\n\t<meta property=\"og:image:width\" content=\"515\" \/>\n\t<meta property=\"og:image:height\" content=\"449\" \/>\n\t<meta property=\"og:image:type\" content=\"image\/png\" \/>\n<meta name=\"author\" content=\"rita\" \/>\n<meta name=\"twitter:card\" content=\"summary_large_image\" \/>\n<meta name=\"twitter:label1\" content=\"Escrito por\" \/>\n\t<meta name=\"twitter:data1\" content=\"rita\" \/>\n\t<meta name=\"twitter:label2\" content=\"Tiempo de lectura\" \/>\n\t<meta name=\"twitter:data2\" content=\"1 minuto\" \/>\n<script type=\"application\/ld+json\" class=\"yoast-schema-graph\">{\"@context\":\"https:\/\/schema.org\",\"@graph\":[{\"@type\":\"Article\",\"@id\":\"https:\/\/elbullifoundation.com\/elbullistore\/otros-procesos-cognitivos-la-cata-lenguaje-atencion-memoria-inteligencia-pensamiento\/#article\",\"isPartOf\":{\"@id\":\"https:\/\/elbullifoundation.com\/elbullistore\/otros-procesos-cognitivos-la-cata-lenguaje-atencion-memoria-inteligencia-pensamiento\/\"},\"author\":{\"name\":\"rita\",\"@id\":\"https:\/\/elbullifoundation.com\/elbullistore\/#\/schema\/person\/c640447c0fe37ad06d5ba717d15195db\"},\"headline\":\"OTROS PROCESOS COGNITIVOS DE LA CATA. LENGUAJE, ATENCI\u00d3N, MEMORIA, INTELIGENCIA Y PENSAMIENTO\",\"datePublished\":\"2022-11-01T08:43:16+00:00\",\"dateModified\":\"2022-11-01T08:49:22+00:00\",\"mainEntityOfPage\":{\"@id\":\"https:\/\/elbullifoundation.com\/elbullistore\/otros-procesos-cognitivos-la-cata-lenguaje-atencion-memoria-inteligencia-pensamiento\/\"},\"wordCount\":204,\"image\":{\"@id\":\"https:\/\/elbullifoundation.com\/elbullistore\/otros-procesos-cognitivos-la-cata-lenguaje-atencion-memoria-inteligencia-pensamiento\/#primaryimage\"},\"thumbnailUrl\":\"https:\/\/elbullifoundation.com\/elbullistore\/wp-content\/uploads\/2022\/11\/4.png\",\"articleSection\":[\"Sin categorizar\"],\"inLanguage\":\"es\"},{\"@type\":\"WebPage\",\"@id\":\"https:\/\/elbullifoundation.com\/elbullistore\/otros-procesos-cognitivos-la-cata-lenguaje-atencion-memoria-inteligencia-pensamiento\/\",\"url\":\"https:\/\/elbullifoundation.com\/elbullistore\/otros-procesos-cognitivos-la-cata-lenguaje-atencion-memoria-inteligencia-pensamiento\/\",\"name\":\"OTROS PROCESOS COGNITIVOS DE LA CATA. LENGUAJE, ATENCI\u00d3N, MEMORIA, INTELIGENCIA Y PENSAMIENTO - elBullistore\",\"isPartOf\":{\"@id\":\"https:\/\/elbullifoundation.com\/elbullistore\/#website\"},\"primaryImageOfPage\":{\"@id\":\"https:\/\/elbullifoundation.com\/elbullistore\/otros-procesos-cognitivos-la-cata-lenguaje-atencion-memoria-inteligencia-pensamiento\/#primaryimage\"},\"image\":{\"@id\":\"https:\/\/elbullifoundation.com\/elbullistore\/otros-procesos-cognitivos-la-cata-lenguaje-atencion-memoria-inteligencia-pensamiento\/#primaryimage\"},\"thumbnailUrl\":\"https:\/\/elbullifoundation.com\/elbullistore\/wp-content\/uploads\/2022\/11\/4.png\",\"datePublished\":\"2022-11-01T08:43:16+00:00\",\"dateModified\":\"2022-11-01T08:49:22+00:00\",\"author\":{\"@id\":\"https:\/\/elbullifoundation.com\/elbullistore\/#\/schema\/person\/c640447c0fe37ad06d5ba717d15195db\"},\"breadcrumb\":{\"@id\":\"https:\/\/elbullifoundation.com\/elbullistore\/otros-procesos-cognitivos-la-cata-lenguaje-atencion-memoria-inteligencia-pensamiento\/#breadcrumb\"},\"inLanguage\":\"es\",\"potentialAction\":[{\"@type\":\"ReadAction\",\"target\":[\"https:\/\/elbullifoundation.com\/elbullistore\/otros-procesos-cognitivos-la-cata-lenguaje-atencion-memoria-inteligencia-pensamiento\/\"]}]},{\"@type\":\"ImageObject\",\"inLanguage\":\"es\",\"@id\":\"https:\/\/elbullifoundation.com\/elbullistore\/otros-procesos-cognitivos-la-cata-lenguaje-atencion-memoria-inteligencia-pensamiento\/#primaryimage\",\"url\":\"https:\/\/elbullifoundation.com\/elbullistore\/wp-content\/uploads\/2022\/11\/4.png\",\"contentUrl\":\"https:\/\/elbullifoundation.com\/elbullistore\/wp-content\/uploads\/2022\/11\/4.png\",\"width\":515,\"height\":449},{\"@type\":\"BreadcrumbList\",\"@id\":\"https:\/\/elbullifoundation.com\/elbullistore\/otros-procesos-cognitivos-la-cata-lenguaje-atencion-memoria-inteligencia-pensamiento\/#breadcrumb\",\"itemListElement\":[{\"@type\":\"ListItem\",\"position\":1,\"name\":\"Portada\",\"item\":\"https:\/\/elbullifoundation.com\/elbullistore\/\"},{\"@type\":\"ListItem\",\"position\":2,\"name\":\"OTROS PROCESOS COGNITIVOS DE LA CATA. LENGUAJE, ATENCI\u00d3N, MEMORIA, INTELIGENCIA Y PENSAMIENTO\"}]},{\"@type\":\"WebSite\",\"@id\":\"https:\/\/elbullifoundation.com\/elbullistore\/#website\",\"url\":\"https:\/\/elbullifoundation.com\/elbullistore\/\",\"name\":\"elBullistore\",\"description\":\"\",\"potentialAction\":[{\"@type\":\"SearchAction\",\"target\":{\"@type\":\"EntryPoint\",\"urlTemplate\":\"https:\/\/elbullifoundation.com\/elbullistore\/?s={search_term_string}\"},\"query-input\":{\"@type\":\"PropertyValueSpecification\",\"valueRequired\":true,\"valueName\":\"search_term_string\"}}],\"inLanguage\":\"es\"},{\"@type\":\"Person\",\"@id\":\"https:\/\/elbullifoundation.com\/elbullistore\/#\/schema\/person\/c640447c0fe37ad06d5ba717d15195db\",\"name\":\"rita\",\"image\":{\"@type\":\"ImageObject\",\"inLanguage\":\"es\",\"@id\":\"https:\/\/elbullifoundation.com\/elbullistore\/#\/schema\/person\/image\/\",\"url\":\"https:\/\/secure.gravatar.com\/avatar\/81d9b7df4889904fee0e6117fd68e611a24e5999d2ecb341e22d0b0825a45ebb?s=96&d=mm&r=g\",\"contentUrl\":\"https:\/\/secure.gravatar.com\/avatar\/81d9b7df4889904fee0e6117fd68e611a24e5999d2ecb341e22d0b0825a45ebb?s=96&d=mm&r=g\",\"caption\":\"rita\"},\"url\":\"https:\/\/elbullifoundation.com\/elbullistore\/author\/rita\/\"}]}<\/script>\n<!-- \/ Yoast SEO plugin. -->","yoast_head_json":{"title":"OTROS PROCESOS COGNITIVOS DE LA CATA. LENGUAJE, ATENCI\u00d3N, MEMORIA, INTELIGENCIA Y PENSAMIENTO - elBullistore","robots":{"index":"index","follow":"follow","max-snippet":"max-snippet:-1","max-image-preview":"max-image-preview:large","max-video-preview":"max-video-preview:-1"},"canonical":"https:\/\/elbullifoundation.com\/elbullistore\/otros-procesos-cognitivos-la-cata-lenguaje-atencion-memoria-inteligencia-pensamiento\/","og_locale":"es_ES","og_type":"article","og_title":"OTROS PROCESOS COGNITIVOS DE LA CATA. LENGUAJE, ATENCI\u00d3N, MEMORIA, INTELIGENCIA Y PENSAMIENTO - elBullistore","og_description":"Los procesos cognitivos se refieren a los procesos por los que el cerebro gestiona, maneja, integra, genera, procesa y, en general, trabaja con las se\u00f1ales electroqu\u00edmicas que se suceden en todo momento entre las neuronas. No son en absoluto tareas secuenciales, sino que se sucede un entrecruzamiento de procesos que desde fuera podr\u00eda parecer un [&hellip;]","og_url":"https:\/\/elbullifoundation.com\/elbullistore\/otros-procesos-cognitivos-la-cata-lenguaje-atencion-memoria-inteligencia-pensamiento\/","og_site_name":"elBullistore","article_published_time":"2022-11-01T08:43:16+00:00","article_modified_time":"2022-11-01T08:49:22+00:00","og_image":[{"width":515,"height":449,"url":"https:\/\/elbullifoundation.com\/elbullistore\/wp-content\/uploads\/2022\/11\/4.png","type":"image\/png"}],"author":"rita","twitter_card":"summary_large_image","twitter_misc":{"Escrito por":"rita","Tiempo de lectura":"1 minuto"},"schema":{"@context":"https:\/\/schema.org","@graph":[{"@type":"Article","@id":"https:\/\/elbullifoundation.com\/elbullistore\/otros-procesos-cognitivos-la-cata-lenguaje-atencion-memoria-inteligencia-pensamiento\/#article","isPartOf":{"@id":"https:\/\/elbullifoundation.com\/elbullistore\/otros-procesos-cognitivos-la-cata-lenguaje-atencion-memoria-inteligencia-pensamiento\/"},"author":{"name":"rita","@id":"https:\/\/elbullifoundation.com\/elbullistore\/#\/schema\/person\/c640447c0fe37ad06d5ba717d15195db"},"headline":"OTROS PROCESOS COGNITIVOS DE LA CATA. LENGUAJE, ATENCI\u00d3N, MEMORIA, INTELIGENCIA Y PENSAMIENTO","datePublished":"2022-11-01T08:43:16+00:00","dateModified":"2022-11-01T08:49:22+00:00","mainEntityOfPage":{"@id":"https:\/\/elbullifoundation.com\/elbullistore\/otros-procesos-cognitivos-la-cata-lenguaje-atencion-memoria-inteligencia-pensamiento\/"},"wordCount":204,"image":{"@id":"https:\/\/elbullifoundation.com\/elbullistore\/otros-procesos-cognitivos-la-cata-lenguaje-atencion-memoria-inteligencia-pensamiento\/#primaryimage"},"thumbnailUrl":"https:\/\/elbullifoundation.com\/elbullistore\/wp-content\/uploads\/2022\/11\/4.png","articleSection":["Sin categorizar"],"inLanguage":"es"},{"@type":"WebPage","@id":"https:\/\/elbullifoundation.com\/elbullistore\/otros-procesos-cognitivos-la-cata-lenguaje-atencion-memoria-inteligencia-pensamiento\/","url":"https:\/\/elbullifoundation.com\/elbullistore\/otros-procesos-cognitivos-la-cata-lenguaje-atencion-memoria-inteligencia-pensamiento\/","name":"OTROS PROCESOS COGNITIVOS DE LA CATA. LENGUAJE, ATENCI\u00d3N, MEMORIA, INTELIGENCIA Y PENSAMIENTO - elBullistore","isPartOf":{"@id":"https:\/\/elbullifoundation.com\/elbullistore\/#website"},"primaryImageOfPage":{"@id":"https:\/\/elbullifoundation.com\/elbullistore\/otros-procesos-cognitivos-la-cata-lenguaje-atencion-memoria-inteligencia-pensamiento\/#primaryimage"},"image":{"@id":"https:\/\/elbullifoundation.com\/elbullistore\/otros-procesos-cognitivos-la-cata-lenguaje-atencion-memoria-inteligencia-pensamiento\/#primaryimage"},"thumbnailUrl":"https:\/\/elbullifoundation.com\/elbullistore\/wp-content\/uploads\/2022\/11\/4.png","datePublished":"2022-11-01T08:43:16+00:00","dateModified":"2022-11-01T08:49:22+00:00","author":{"@id":"https:\/\/elbullifoundation.com\/elbullistore\/#\/schema\/person\/c640447c0fe37ad06d5ba717d15195db"},"breadcrumb":{"@id":"https:\/\/elbullifoundation.com\/elbullistore\/otros-procesos-cognitivos-la-cata-lenguaje-atencion-memoria-inteligencia-pensamiento\/#breadcrumb"},"inLanguage":"es","potentialAction":[{"@type":"ReadAction","target":["https:\/\/elbullifoundation.com\/elbullistore\/otros-procesos-cognitivos-la-cata-lenguaje-atencion-memoria-inteligencia-pensamiento\/"]}]},{"@type":"ImageObject","inLanguage":"es","@id":"https:\/\/elbullifoundation.com\/elbullistore\/otros-procesos-cognitivos-la-cata-lenguaje-atencion-memoria-inteligencia-pensamiento\/#primaryimage","url":"https:\/\/elbullifoundation.com\/elbullistore\/wp-content\/uploads\/2022\/11\/4.png","contentUrl":"https:\/\/elbullifoundation.com\/elbullistore\/wp-content\/uploads\/2022\/11\/4.png","width":515,"height":449},{"@type":"BreadcrumbList","@id":"https:\/\/elbullifoundation.com\/elbullistore\/otros-procesos-cognitivos-la-cata-lenguaje-atencion-memoria-inteligencia-pensamiento\/#breadcrumb","itemListElement":[{"@type":"ListItem","position":1,"name":"Portada","item":"https:\/\/elbullifoundation.com\/elbullistore\/"},{"@type":"ListItem","position":2,"name":"OTROS PROCESOS COGNITIVOS DE LA CATA. LENGUAJE, ATENCI\u00d3N, MEMORIA, INTELIGENCIA Y PENSAMIENTO"}]},{"@type":"WebSite","@id":"https:\/\/elbullifoundation.com\/elbullistore\/#website","url":"https:\/\/elbullifoundation.com\/elbullistore\/","name":"elBullistore","description":"","potentialAction":[{"@type":"SearchAction","target":{"@type":"EntryPoint","urlTemplate":"https:\/\/elbullifoundation.com\/elbullistore\/?s={search_term_string}"},"query-input":{"@type":"PropertyValueSpecification","valueRequired":true,"valueName":"search_term_string"}}],"inLanguage":"es"},{"@type":"Person","@id":"https:\/\/elbullifoundation.com\/elbullistore\/#\/schema\/person\/c640447c0fe37ad06d5ba717d15195db","name":"rita","image":{"@type":"ImageObject","inLanguage":"es","@id":"https:\/\/elbullifoundation.com\/elbullistore\/#\/schema\/person\/image\/","url":"https:\/\/secure.gravatar.com\/avatar\/81d9b7df4889904fee0e6117fd68e611a24e5999d2ecb341e22d0b0825a45ebb?s=96&d=mm&r=g","contentUrl":"https:\/\/secure.gravatar.com\/avatar\/81d9b7df4889904fee0e6117fd68e611a24e5999d2ecb341e22d0b0825a45ebb?s=96&d=mm&r=g","caption":"rita"},"url":"https:\/\/elbullifoundation.com\/elbullistore\/author\/rita\/"}]}},"lang":"es","translations":{"es":14128,"en":14476,"ca":16680},"pll_sync_post":[],"_links":{"self":[{"href":"https:\/\/elbullifoundation.com\/elbullistore\/wp-json\/wp\/v2\/posts\/14128","targetHints":{"allow":["GET"]}}],"collection":[{"href":"https:\/\/elbullifoundation.com\/elbullistore\/wp-json\/wp\/v2\/posts"}],"about":[{"href":"https:\/\/elbullifoundation.com\/elbullistore\/wp-json\/wp\/v2\/types\/post"}],"author":[{"embeddable":true,"href":"https:\/\/elbullifoundation.com\/elbullistore\/wp-json\/wp\/v2\/users\/4"}],"replies":[{"embeddable":true,"href":"https:\/\/elbullifoundation.com\/elbullistore\/wp-json\/wp\/v2\/comments?post=14128"}],"version-history":[{"count":0,"href":"https:\/\/elbullifoundation.com\/elbullistore\/wp-json\/wp\/v2\/posts\/14128\/revisions"}],"wp:featuredmedia":[{"embeddable":true,"href":"https:\/\/elbullifoundation.com\/elbullistore\/wp-json\/wp\/v2\/media\/14049"}],"wp:attachment":[{"href":"https:\/\/elbullifoundation.com\/elbullistore\/wp-json\/wp\/v2\/media?parent=14128"}],"wp:term":[{"taxonomy":"category","embeddable":true,"href":"https:\/\/elbullifoundation.com\/elbullistore\/wp-json\/wp\/v2\/categories?post=14128"},{"taxonomy":"post_tag","embeddable":true,"href":"https:\/\/elbullifoundation.com\/elbullistore\/wp-json\/wp\/v2\/tags?post=14128"}],"curies":[{"name":"wp","href":"https:\/\/api.w.org\/{rel}","templated":true}]}}