{"id":16107,"date":"2023-07-25T12:06:13","date_gmt":"2023-07-25T10:06:13","guid":{"rendered":"https:\/\/elbullifoundation.com\/elbullistore\/?p=16107"},"modified":"2024-09-04T15:08:06","modified_gmt":"2024-09-04T13:08:06","slug":"el-projecte-de-la-historia-de-la-restauracio-gastronomica-occidental","status":"publish","type":"post","link":"https:\/\/elbullifoundation.com\/elbullistore\/ca\/el-projecte-de-la-historia-de-la-restauracio-gastronomica-occidental\/","title":{"rendered":"EL PROJECTE DE LA HIST\u00d2RIA DE LA RESTAURACI\u00d3 GASTRON\u00d2MICA OCCIDENTAL"},"content":{"rendered":"<p>Abans d&#8217;entrar en mat\u00e8ria, \u00e9s necessari que els lectors se situ\u00efn i entenguin el context en qu\u00e8 s&#8217;emmarca el volum que tenen entre les mans. En les primeres p\u00e0gines, introduirem el projecte d&#8217;hist\u00f2ria que duem a terme des de elBullifoundation. Comen\u00e7arem explicant unes quantes nocions de l&#8217;anomenat m\u00e8tode Sapiens que guia tot el treball, aix\u00ed com els trets generals de la Bullipedia, l&#8217;enciclop\u00e8dia multiformat de la restauraci\u00f3 gastron\u00f2mica on s&#8217;emmarca aquest volum i els que estan per venir.<\/p>\n<p>A continuaci\u00f3, ens detindrem en els trets generals que conformen el projecte de la hist\u00f2ria de la restauraci\u00f3 gastron\u00f2mica occidental, incloent-hi un breu resum de la tem\u00e0tica dels vuit volums de la col\u00b7lecci\u00f3. Els lectors podran trobar aqu\u00ed informaci\u00f3 sobre el marc geogr\u00e0fic del projecte, els objectius, el fil argumental, els per\u00edodes hist\u00f2rics que hem definit i els motius que ens han portat a endinsar-nos en la hist\u00f2ria de la nostra disciplina.<\/p>\n<h2>Disciplines acad\u00e8miques que ens serveixen de suport<\/h2>\n<p>En aquesta aventura no estem solos. Ens recolzem en les disciplines acad\u00e8miques que analitzen el passat. En aquest cap\u00edtol posarem sobre el paper unes quantes nocions b\u00e0siques sobre les tres disciplines que ens acompanyen m\u00e9s de prop en el projecte: la hist\u00f2ria, la seva branca m\u00e9s espec\u00edfica coneguda com la hist\u00f2ria de l&#8217;alimentaci\u00f3 i l&#8217;arqueologia. Comptarem en tot moment amb els seus experts per a entendre la singularitat hist\u00f2rica de cada per\u00edode i manejar de forma adequada les fonts. \u00c9s tamb\u00e9 aqu\u00ed on posarem en relleu la intricada relaci\u00f3 entre els fets m\u00e9s importants de la hist\u00f2ria d&#8217;Occident i els que concerneixen la hist\u00f2ria de l&#8217;alimentaci\u00f3, la gastronomia i la restauraci\u00f3 gastron\u00f2mica.<\/p>\n<h2>El nostre protagonista: l&#8217;\u00e9sser hum\u00e0<\/h2>\n<p>Aquest singular cap\u00edtol aborda un altre dels pilars del projecte: el coneixement de l&#8217;\u00e9sser hum\u00e0, el protagonista de tot fet gastron\u00f2mic. En les seves p\u00e0gines explicarem breument algunes de les dades sobre el cos, la ment i l&#8217;esperit, als quals al\u00b7ludirem constantment en la resta del projecte. Posarem en relleu qu\u00e8 \u00e9s el que qualsevol persona posa en marxa cada vegada que realitza una acci\u00f3 relacionada amb cuinar, menjar o beure.<\/p>\n","protected":false},"excerpt":{"rendered":"<p>Abans d&#8217;entrar en mat\u00e8ria, \u00e9s necessari que els lectors se situ\u00efn i entenguin el context en qu\u00e8 s&#8217;emmarca el volum que tenen entre les mans. En les primeres p\u00e0gines, introduirem el projecte d&#8217;hist\u00f2ria que duem a terme des de elBullifoundation. Comen\u00e7arem explicant unes quantes nocions de l&#8217;anomenat m\u00e8tode Sapiens que guia tot el treball, aix\u00ed [&hellip;]<\/p>\n","protected":false},"author":4,"featured_media":7277,"comment_status":"closed","ping_status":"open","sticky":false,"template":"","format":"standard","meta":{"_acf_changed":false,"footnotes":""},"categories":[57],"tags":[],"class_list":["post-16107","post","type-post","status-publish","format-standard","has-post-thumbnail","hentry","category-uncategorized-ca"],"acf":[],"yoast_head":"<!-- This site is optimized with the Yoast SEO plugin v26.9 - https:\/\/yoast.com\/product\/yoast-seo-wordpress\/ -->\n<title>EL PROJECTE DE LA HIST\u00d2RIA DE LA RESTAURACI\u00d3 GASTRON\u00d2MICA OCCIDENTAL - elBullistore<\/title>\n<meta name=\"description\" content=\"El proyecto de la historia de la restauraci\u00f3n gastron\u00f3mica occidental, incluyendo un breve resumen de la tem\u00e1tica de los ocho vol\u00famenes de la colecci\u00f3n\" \/>\n<meta name=\"robots\" content=\"index, follow, max-snippet:-1, max-image-preview:large, max-video-preview:-1\" \/>\n<link rel=\"canonical\" href=\"https:\/\/elbullifoundation.com\/elbullistore\/ca\/el-projecte-de-la-historia-de-la-restauracio-gastronomica-occidental\/\" \/>\n<meta property=\"og:locale\" content=\"es_ES\" \/>\n<meta property=\"og:type\" content=\"article\" \/>\n<meta property=\"og:title\" content=\"EL PROJECTE DE LA HIST\u00d2RIA DE LA RESTAURACI\u00d3 GASTRON\u00d2MICA OCCIDENTAL - elBullistore\" \/>\n<meta property=\"og:description\" content=\"El proyecto de la historia de la restauraci\u00f3n gastron\u00f3mica occidental, incluyendo un breve resumen de la tem\u00e1tica de los ocho vol\u00famenes de la colecci\u00f3n\" \/>\n<meta property=\"og:url\" content=\"https:\/\/elbullifoundation.com\/elbullistore\/ca\/el-projecte-de-la-historia-de-la-restauracio-gastronomica-occidental\/\" \/>\n<meta property=\"og:site_name\" content=\"elBullistore\" \/>\n<meta property=\"article:published_time\" content=\"2023-07-25T10:06:13+00:00\" \/>\n<meta property=\"article:modified_time\" content=\"2024-09-04T13:08:06+00:00\" \/>\n<meta property=\"og:image\" content=\"https:\/\/elbullifoundation.com\/elbullistore\/wp-content\/uploads\/2020\/03\/Captura-de-pantalla-2020-03-12-a-las-16.29.36.png\" \/>\n\t<meta property=\"og:image:width\" content=\"493\" \/>\n\t<meta property=\"og:image:height\" content=\"406\" \/>\n\t<meta property=\"og:image:type\" content=\"image\/png\" \/>\n<meta name=\"author\" content=\"rita\" \/>\n<meta name=\"twitter:card\" content=\"summary_large_image\" \/>\n<meta name=\"twitter:label1\" content=\"Escrito por\" \/>\n\t<meta name=\"twitter:data1\" content=\"rita\" \/>\n\t<meta name=\"twitter:label2\" content=\"Tiempo de lectura\" \/>\n\t<meta name=\"twitter:data2\" content=\"2 minutos\" \/>\n<script type=\"application\/ld+json\" class=\"yoast-schema-graph\">{\"@context\":\"https:\/\/schema.org\",\"@graph\":[{\"@type\":\"Article\",\"@id\":\"https:\/\/elbullifoundation.com\/elbullistore\/ca\/el-projecte-de-la-historia-de-la-restauracio-gastronomica-occidental\/#article\",\"isPartOf\":{\"@id\":\"https:\/\/elbullifoundation.com\/elbullistore\/ca\/el-projecte-de-la-historia-de-la-restauracio-gastronomica-occidental\/\"},\"author\":{\"name\":\"rita\",\"@id\":\"https:\/\/elbullifoundation.com\/elbullistore\/#\/schema\/person\/c640447c0fe37ad06d5ba717d15195db\"},\"headline\":\"EL PROJECTE DE LA HIST\u00d2RIA DE LA RESTAURACI\u00d3 GASTRON\u00d2MICA OCCIDENTAL\",\"datePublished\":\"2023-07-25T10:06:13+00:00\",\"dateModified\":\"2024-09-04T13:08:06+00:00\",\"mainEntityOfPage\":{\"@id\":\"https:\/\/elbullifoundation.com\/elbullistore\/ca\/el-projecte-de-la-historia-de-la-restauracio-gastronomica-occidental\/\"},\"wordCount\":405,\"image\":{\"@id\":\"https:\/\/elbullifoundation.com\/elbullistore\/ca\/el-projecte-de-la-historia-de-la-restauracio-gastronomica-occidental\/#primaryimage\"},\"thumbnailUrl\":\"https:\/\/elbullifoundation.com\/elbullistore\/wp-content\/uploads\/2020\/03\/Captura-de-pantalla-2020-03-12-a-las-16.29.36.png\",\"articleSection\":[\"Uncategorized @ca\"],\"inLanguage\":\"es\"},{\"@type\":\"WebPage\",\"@id\":\"https:\/\/elbullifoundation.com\/elbullistore\/ca\/el-projecte-de-la-historia-de-la-restauracio-gastronomica-occidental\/\",\"url\":\"https:\/\/elbullifoundation.com\/elbullistore\/ca\/el-projecte-de-la-historia-de-la-restauracio-gastronomica-occidental\/\",\"name\":\"EL PROJECTE DE LA HIST\u00d2RIA DE LA RESTAURACI\u00d3 GASTRON\u00d2MICA OCCIDENTAL - elBullistore\",\"isPartOf\":{\"@id\":\"https:\/\/elbullifoundation.com\/elbullistore\/#website\"},\"primaryImageOfPage\":{\"@id\":\"https:\/\/elbullifoundation.com\/elbullistore\/ca\/el-projecte-de-la-historia-de-la-restauracio-gastronomica-occidental\/#primaryimage\"},\"image\":{\"@id\":\"https:\/\/elbullifoundation.com\/elbullistore\/ca\/el-projecte-de-la-historia-de-la-restauracio-gastronomica-occidental\/#primaryimage\"},\"thumbnailUrl\":\"https:\/\/elbullifoundation.com\/elbullistore\/wp-content\/uploads\/2020\/03\/Captura-de-pantalla-2020-03-12-a-las-16.29.36.png\",\"datePublished\":\"2023-07-25T10:06:13+00:00\",\"dateModified\":\"2024-09-04T13:08:06+00:00\",\"author\":{\"@id\":\"https:\/\/elbullifoundation.com\/elbullistore\/#\/schema\/person\/c640447c0fe37ad06d5ba717d15195db\"},\"description\":\"El proyecto de la historia de la restauraci\u00f3n gastron\u00f3mica occidental, incluyendo un breve resumen de la tem\u00e1tica de los ocho vol\u00famenes de la colecci\u00f3n\",\"breadcrumb\":{\"@id\":\"https:\/\/elbullifoundation.com\/elbullistore\/ca\/el-projecte-de-la-historia-de-la-restauracio-gastronomica-occidental\/#breadcrumb\"},\"inLanguage\":\"es\",\"potentialAction\":[{\"@type\":\"ReadAction\",\"target\":[\"https:\/\/elbullifoundation.com\/elbullistore\/ca\/el-projecte-de-la-historia-de-la-restauracio-gastronomica-occidental\/\"]}]},{\"@type\":\"ImageObject\",\"inLanguage\":\"es\",\"@id\":\"https:\/\/elbullifoundation.com\/elbullistore\/ca\/el-projecte-de-la-historia-de-la-restauracio-gastronomica-occidental\/#primaryimage\",\"url\":\"https:\/\/elbullifoundation.com\/elbullistore\/wp-content\/uploads\/2020\/03\/Captura-de-pantalla-2020-03-12-a-las-16.29.36.png\",\"contentUrl\":\"https:\/\/elbullifoundation.com\/elbullistore\/wp-content\/uploads\/2020\/03\/Captura-de-pantalla-2020-03-12-a-las-16.29.36.png\",\"width\":493,\"height\":406},{\"@type\":\"BreadcrumbList\",\"@id\":\"https:\/\/elbullifoundation.com\/elbullistore\/ca\/el-projecte-de-la-historia-de-la-restauracio-gastronomica-occidental\/#breadcrumb\",\"itemListElement\":[{\"@type\":\"ListItem\",\"position\":1,\"name\":\"Portada\",\"item\":\"https:\/\/elbullifoundation.com\/elbullistore\/\"},{\"@type\":\"ListItem\",\"position\":2,\"name\":\"EL PROJECTE DE LA HIST\u00d2RIA DE LA RESTAURACI\u00d3 GASTRON\u00d2MICA OCCIDENTAL\"}]},{\"@type\":\"WebSite\",\"@id\":\"https:\/\/elbullifoundation.com\/elbullistore\/#website\",\"url\":\"https:\/\/elbullifoundation.com\/elbullistore\/\",\"name\":\"elBullistore\",\"description\":\"\",\"potentialAction\":[{\"@type\":\"SearchAction\",\"target\":{\"@type\":\"EntryPoint\",\"urlTemplate\":\"https:\/\/elbullifoundation.com\/elbullistore\/?s={search_term_string}\"},\"query-input\":{\"@type\":\"PropertyValueSpecification\",\"valueRequired\":true,\"valueName\":\"search_term_string\"}}],\"inLanguage\":\"es\"},{\"@type\":\"Person\",\"@id\":\"https:\/\/elbullifoundation.com\/elbullistore\/#\/schema\/person\/c640447c0fe37ad06d5ba717d15195db\",\"name\":\"rita\",\"image\":{\"@type\":\"ImageObject\",\"inLanguage\":\"es\",\"@id\":\"https:\/\/elbullifoundation.com\/elbullistore\/#\/schema\/person\/image\/\",\"url\":\"https:\/\/secure.gravatar.com\/avatar\/81d9b7df4889904fee0e6117fd68e611a24e5999d2ecb341e22d0b0825a45ebb?s=96&d=mm&r=g\",\"contentUrl\":\"https:\/\/secure.gravatar.com\/avatar\/81d9b7df4889904fee0e6117fd68e611a24e5999d2ecb341e22d0b0825a45ebb?s=96&d=mm&r=g\",\"caption\":\"rita\"},\"url\":\"https:\/\/elbullifoundation.com\/elbullistore\/author\/rita\/\"}]}<\/script>\n<!-- \/ Yoast SEO plugin. -->","yoast_head_json":{"title":"EL PROJECTE DE LA HIST\u00d2RIA DE LA RESTAURACI\u00d3 GASTRON\u00d2MICA OCCIDENTAL - elBullistore","description":"El proyecto de la historia de la restauraci\u00f3n gastron\u00f3mica occidental, incluyendo un breve resumen de la tem\u00e1tica de los ocho vol\u00famenes de la colecci\u00f3n","robots":{"index":"index","follow":"follow","max-snippet":"max-snippet:-1","max-image-preview":"max-image-preview:large","max-video-preview":"max-video-preview:-1"},"canonical":"https:\/\/elbullifoundation.com\/elbullistore\/ca\/el-projecte-de-la-historia-de-la-restauracio-gastronomica-occidental\/","og_locale":"es_ES","og_type":"article","og_title":"EL PROJECTE DE LA HIST\u00d2RIA DE LA RESTAURACI\u00d3 GASTRON\u00d2MICA OCCIDENTAL - elBullistore","og_description":"El proyecto de la historia de la restauraci\u00f3n gastron\u00f3mica occidental, incluyendo un breve resumen de la tem\u00e1tica de los ocho vol\u00famenes de la colecci\u00f3n","og_url":"https:\/\/elbullifoundation.com\/elbullistore\/ca\/el-projecte-de-la-historia-de-la-restauracio-gastronomica-occidental\/","og_site_name":"elBullistore","article_published_time":"2023-07-25T10:06:13+00:00","article_modified_time":"2024-09-04T13:08:06+00:00","og_image":[{"width":493,"height":406,"url":"https:\/\/elbullifoundation.com\/elbullistore\/wp-content\/uploads\/2020\/03\/Captura-de-pantalla-2020-03-12-a-las-16.29.36.png","type":"image\/png"}],"author":"rita","twitter_card":"summary_large_image","twitter_misc":{"Escrito por":"rita","Tiempo de lectura":"2 minutos"},"schema":{"@context":"https:\/\/schema.org","@graph":[{"@type":"Article","@id":"https:\/\/elbullifoundation.com\/elbullistore\/ca\/el-projecte-de-la-historia-de-la-restauracio-gastronomica-occidental\/#article","isPartOf":{"@id":"https:\/\/elbullifoundation.com\/elbullistore\/ca\/el-projecte-de-la-historia-de-la-restauracio-gastronomica-occidental\/"},"author":{"name":"rita","@id":"https:\/\/elbullifoundation.com\/elbullistore\/#\/schema\/person\/c640447c0fe37ad06d5ba717d15195db"},"headline":"EL PROJECTE DE LA HIST\u00d2RIA DE LA RESTAURACI\u00d3 GASTRON\u00d2MICA OCCIDENTAL","datePublished":"2023-07-25T10:06:13+00:00","dateModified":"2024-09-04T13:08:06+00:00","mainEntityOfPage":{"@id":"https:\/\/elbullifoundation.com\/elbullistore\/ca\/el-projecte-de-la-historia-de-la-restauracio-gastronomica-occidental\/"},"wordCount":405,"image":{"@id":"https:\/\/elbullifoundation.com\/elbullistore\/ca\/el-projecte-de-la-historia-de-la-restauracio-gastronomica-occidental\/#primaryimage"},"thumbnailUrl":"https:\/\/elbullifoundation.com\/elbullistore\/wp-content\/uploads\/2020\/03\/Captura-de-pantalla-2020-03-12-a-las-16.29.36.png","articleSection":["Uncategorized @ca"],"inLanguage":"es"},{"@type":"WebPage","@id":"https:\/\/elbullifoundation.com\/elbullistore\/ca\/el-projecte-de-la-historia-de-la-restauracio-gastronomica-occidental\/","url":"https:\/\/elbullifoundation.com\/elbullistore\/ca\/el-projecte-de-la-historia-de-la-restauracio-gastronomica-occidental\/","name":"EL PROJECTE DE LA HIST\u00d2RIA DE LA RESTAURACI\u00d3 GASTRON\u00d2MICA OCCIDENTAL - elBullistore","isPartOf":{"@id":"https:\/\/elbullifoundation.com\/elbullistore\/#website"},"primaryImageOfPage":{"@id":"https:\/\/elbullifoundation.com\/elbullistore\/ca\/el-projecte-de-la-historia-de-la-restauracio-gastronomica-occidental\/#primaryimage"},"image":{"@id":"https:\/\/elbullifoundation.com\/elbullistore\/ca\/el-projecte-de-la-historia-de-la-restauracio-gastronomica-occidental\/#primaryimage"},"thumbnailUrl":"https:\/\/elbullifoundation.com\/elbullistore\/wp-content\/uploads\/2020\/03\/Captura-de-pantalla-2020-03-12-a-las-16.29.36.png","datePublished":"2023-07-25T10:06:13+00:00","dateModified":"2024-09-04T13:08:06+00:00","author":{"@id":"https:\/\/elbullifoundation.com\/elbullistore\/#\/schema\/person\/c640447c0fe37ad06d5ba717d15195db"},"description":"El proyecto de la historia de la restauraci\u00f3n gastron\u00f3mica occidental, incluyendo un breve resumen de la tem\u00e1tica de los ocho vol\u00famenes de la colecci\u00f3n","breadcrumb":{"@id":"https:\/\/elbullifoundation.com\/elbullistore\/ca\/el-projecte-de-la-historia-de-la-restauracio-gastronomica-occidental\/#breadcrumb"},"inLanguage":"es","potentialAction":[{"@type":"ReadAction","target":["https:\/\/elbullifoundation.com\/elbullistore\/ca\/el-projecte-de-la-historia-de-la-restauracio-gastronomica-occidental\/"]}]},{"@type":"ImageObject","inLanguage":"es","@id":"https:\/\/elbullifoundation.com\/elbullistore\/ca\/el-projecte-de-la-historia-de-la-restauracio-gastronomica-occidental\/#primaryimage","url":"https:\/\/elbullifoundation.com\/elbullistore\/wp-content\/uploads\/2020\/03\/Captura-de-pantalla-2020-03-12-a-las-16.29.36.png","contentUrl":"https:\/\/elbullifoundation.com\/elbullistore\/wp-content\/uploads\/2020\/03\/Captura-de-pantalla-2020-03-12-a-las-16.29.36.png","width":493,"height":406},{"@type":"BreadcrumbList","@id":"https:\/\/elbullifoundation.com\/elbullistore\/ca\/el-projecte-de-la-historia-de-la-restauracio-gastronomica-occidental\/#breadcrumb","itemListElement":[{"@type":"ListItem","position":1,"name":"Portada","item":"https:\/\/elbullifoundation.com\/elbullistore\/"},{"@type":"ListItem","position":2,"name":"EL PROJECTE DE LA HIST\u00d2RIA DE LA RESTAURACI\u00d3 GASTRON\u00d2MICA OCCIDENTAL"}]},{"@type":"WebSite","@id":"https:\/\/elbullifoundation.com\/elbullistore\/#website","url":"https:\/\/elbullifoundation.com\/elbullistore\/","name":"elBullistore","description":"","potentialAction":[{"@type":"SearchAction","target":{"@type":"EntryPoint","urlTemplate":"https:\/\/elbullifoundation.com\/elbullistore\/?s={search_term_string}"},"query-input":{"@type":"PropertyValueSpecification","valueRequired":true,"valueName":"search_term_string"}}],"inLanguage":"es"},{"@type":"Person","@id":"https:\/\/elbullifoundation.com\/elbullistore\/#\/schema\/person\/c640447c0fe37ad06d5ba717d15195db","name":"rita","image":{"@type":"ImageObject","inLanguage":"es","@id":"https:\/\/elbullifoundation.com\/elbullistore\/#\/schema\/person\/image\/","url":"https:\/\/secure.gravatar.com\/avatar\/81d9b7df4889904fee0e6117fd68e611a24e5999d2ecb341e22d0b0825a45ebb?s=96&d=mm&r=g","contentUrl":"https:\/\/secure.gravatar.com\/avatar\/81d9b7df4889904fee0e6117fd68e611a24e5999d2ecb341e22d0b0825a45ebb?s=96&d=mm&r=g","caption":"rita"},"url":"https:\/\/elbullifoundation.com\/elbullistore\/author\/rita\/"}]}},"lang":"ca","translations":{"ca":16107,"en":8456,"es":7275},"pll_sync_post":[],"_links":{"self":[{"href":"https:\/\/elbullifoundation.com\/elbullistore\/wp-json\/wp\/v2\/posts\/16107","targetHints":{"allow":["GET"]}}],"collection":[{"href":"https:\/\/elbullifoundation.com\/elbullistore\/wp-json\/wp\/v2\/posts"}],"about":[{"href":"https:\/\/elbullifoundation.com\/elbullistore\/wp-json\/wp\/v2\/types\/post"}],"author":[{"embeddable":true,"href":"https:\/\/elbullifoundation.com\/elbullistore\/wp-json\/wp\/v2\/users\/4"}],"replies":[{"embeddable":true,"href":"https:\/\/elbullifoundation.com\/elbullistore\/wp-json\/wp\/v2\/comments?post=16107"}],"version-history":[{"count":1,"href":"https:\/\/elbullifoundation.com\/elbullistore\/wp-json\/wp\/v2\/posts\/16107\/revisions"}],"predecessor-version":[{"id":18393,"href":"https:\/\/elbullifoundation.com\/elbullistore\/wp-json\/wp\/v2\/posts\/16107\/revisions\/18393"}],"wp:featuredmedia":[{"embeddable":true,"href":"https:\/\/elbullifoundation.com\/elbullistore\/wp-json\/wp\/v2\/media\/7277"}],"wp:attachment":[{"href":"https:\/\/elbullifoundation.com\/elbullistore\/wp-json\/wp\/v2\/media?parent=16107"}],"wp:term":[{"taxonomy":"category","embeddable":true,"href":"https:\/\/elbullifoundation.com\/elbullistore\/wp-json\/wp\/v2\/categories?post=16107"},{"taxonomy":"post_tag","embeddable":true,"href":"https:\/\/elbullifoundation.com\/elbullistore\/wp-json\/wp\/v2\/tags?post=16107"}],"curies":[{"name":"wp","href":"https:\/\/api.w.org\/{rel}","templated":true}]}}