{"id":16112,"date":"2023-07-25T12:07:09","date_gmt":"2023-07-25T10:07:09","guid":{"rendered":"https:\/\/elbullifoundation.com\/elbullistore\/?p=16112"},"modified":"2024-09-04T15:09:20","modified_gmt":"2024-09-04T13:09:20","slug":"de-lorigen-de-la-vida-al-paleolitic","status":"publish","type":"post","link":"https:\/\/elbullifoundation.com\/elbullistore\/ca\/de-lorigen-de-la-vida-al-paleolitic\/","title":{"rendered":"DE L&#8217;ORIGEN DE LA VIDA AL PALEOL\u00cdTIC"},"content":{"rendered":"\n<p>En el nostre afany per comen\u00e7ar pel principi i aclarir els or\u00edgens de tot el que concerneix la hist\u00f2ria de la restauraci\u00f3 gastron\u00f2mica \u00e9s necessari detenir-nos, com fem en aquest breu cap\u00edtol, en l&#8217;origen de la vida: la responsable no sols de la nostra exist\u00e8ncia, sin\u00f3 de pr\u00e0cticament tot all\u00f2 que ingerim i degustem.<\/p>\n","protected":false},"excerpt":{"rendered":"<p>En el nostre afany per comen\u00e7ar pel principi i aclarir els or\u00edgens de tot el que concerneix la hist\u00f2ria de la restauraci\u00f3 gastron\u00f2mica \u00e9s necessari detenir-nos, com fem en aquest breu cap\u00edtol, en l&#8217;origen de la vida: la responsable no sols de la nostra exist\u00e8ncia, sin\u00f3 de pr\u00e0cticament tot all\u00f2 que ingerim i degustem.<\/p>\n","protected":false},"author":4,"featured_media":7285,"comment_status":"closed","ping_status":"open","sticky":false,"template":"","format":"standard","meta":{"_acf_changed":false,"footnotes":""},"categories":[57],"tags":[],"class_list":["post-16112","post","type-post","status-publish","format-standard","has-post-thumbnail","hentry","category-uncategorized-ca"],"acf":[],"yoast_head":"<!-- This site is optimized with the Yoast SEO plugin v26.9 - https:\/\/yoast.com\/product\/yoast-seo-wordpress\/ -->\n<title>Del origen de la vida al Paleol\u00edtico - elBullistore - Bullipedia<\/title>\n<meta name=\"description\" content=\"el origen de la vida: la responsable no solo de nuestra existencia, sino de pr\u00e1cticamente todo aquello que ingerimos y degustamos.\" \/>\n<meta name=\"robots\" content=\"index, follow, max-snippet:-1, max-image-preview:large, max-video-preview:-1\" \/>\n<link rel=\"canonical\" href=\"https:\/\/elbullifoundation.com\/elbullistore\/ca\/de-lorigen-de-la-vida-al-paleolitic\/\" \/>\n<meta property=\"og:locale\" content=\"es_ES\" \/>\n<meta property=\"og:type\" content=\"article\" \/>\n<meta property=\"og:title\" content=\"Del origen de la vida al Paleol\u00edtico - elBullistore - Bullipedia\" \/>\n<meta property=\"og:description\" content=\"el origen de la vida: la responsable no solo de nuestra existencia, sino de pr\u00e1cticamente todo aquello que ingerimos y degustamos.\" \/>\n<meta property=\"og:url\" content=\"https:\/\/elbullifoundation.com\/elbullistore\/ca\/de-lorigen-de-la-vida-al-paleolitic\/\" \/>\n<meta property=\"og:site_name\" content=\"elBullistore\" \/>\n<meta property=\"article:published_time\" content=\"2023-07-25T10:07:09+00:00\" \/>\n<meta property=\"article:modified_time\" content=\"2024-09-04T13:09:20+00:00\" \/>\n<meta property=\"og:image\" content=\"https:\/\/elbullifoundation.com\/elbullistore\/wp-content\/uploads\/2020\/03\/Captura-de-pantalla-2020-03-12-a-las-16.29.41.png\" \/>\n\t<meta property=\"og:image:width\" content=\"492\" \/>\n\t<meta property=\"og:image:height\" content=\"406\" \/>\n\t<meta property=\"og:image:type\" content=\"image\/png\" \/>\n<meta name=\"author\" content=\"rita\" \/>\n<meta name=\"twitter:card\" content=\"summary_large_image\" \/>\n<meta name=\"twitter:label1\" content=\"Escrito por\" \/>\n\t<meta name=\"twitter:data1\" content=\"rita\" \/>\n\t<meta name=\"twitter:label2\" content=\"Tiempo de lectura\" \/>\n\t<meta name=\"twitter:data2\" content=\"1 minuto\" \/>\n<script type=\"application\/ld+json\" class=\"yoast-schema-graph\">{\"@context\":\"https:\/\/schema.org\",\"@graph\":[{\"@type\":\"Article\",\"@id\":\"https:\/\/elbullifoundation.com\/elbullistore\/ca\/de-lorigen-de-la-vida-al-paleolitic\/#article\",\"isPartOf\":{\"@id\":\"https:\/\/elbullifoundation.com\/elbullistore\/ca\/de-lorigen-de-la-vida-al-paleolitic\/\"},\"author\":{\"name\":\"rita\",\"@id\":\"https:\/\/elbullifoundation.com\/elbullistore\/#\/schema\/person\/c640447c0fe37ad06d5ba717d15195db\"},\"headline\":\"DE L&#8217;ORIGEN DE LA VIDA AL PALEOL\u00cdTIC\",\"datePublished\":\"2023-07-25T10:07:09+00:00\",\"dateModified\":\"2024-09-04T13:09:20+00:00\",\"mainEntityOfPage\":{\"@id\":\"https:\/\/elbullifoundation.com\/elbullistore\/ca\/de-lorigen-de-la-vida-al-paleolitic\/\"},\"wordCount\":71,\"image\":{\"@id\":\"https:\/\/elbullifoundation.com\/elbullistore\/ca\/de-lorigen-de-la-vida-al-paleolitic\/#primaryimage\"},\"thumbnailUrl\":\"https:\/\/elbullifoundation.com\/elbullistore\/wp-content\/uploads\/2020\/03\/Captura-de-pantalla-2020-03-12-a-las-16.29.41.png\",\"articleSection\":[\"Uncategorized @ca\"],\"inLanguage\":\"es\"},{\"@type\":\"WebPage\",\"@id\":\"https:\/\/elbullifoundation.com\/elbullistore\/ca\/de-lorigen-de-la-vida-al-paleolitic\/\",\"url\":\"https:\/\/elbullifoundation.com\/elbullistore\/ca\/de-lorigen-de-la-vida-al-paleolitic\/\",\"name\":\"Del origen de la vida al Paleol\u00edtico - elBullistore - Bullipedia\",\"isPartOf\":{\"@id\":\"https:\/\/elbullifoundation.com\/elbullistore\/#website\"},\"primaryImageOfPage\":{\"@id\":\"https:\/\/elbullifoundation.com\/elbullistore\/ca\/de-lorigen-de-la-vida-al-paleolitic\/#primaryimage\"},\"image\":{\"@id\":\"https:\/\/elbullifoundation.com\/elbullistore\/ca\/de-lorigen-de-la-vida-al-paleolitic\/#primaryimage\"},\"thumbnailUrl\":\"https:\/\/elbullifoundation.com\/elbullistore\/wp-content\/uploads\/2020\/03\/Captura-de-pantalla-2020-03-12-a-las-16.29.41.png\",\"datePublished\":\"2023-07-25T10:07:09+00:00\",\"dateModified\":\"2024-09-04T13:09:20+00:00\",\"author\":{\"@id\":\"https:\/\/elbullifoundation.com\/elbullistore\/#\/schema\/person\/c640447c0fe37ad06d5ba717d15195db\"},\"description\":\"el origen de la vida: la responsable no solo de nuestra existencia, sino de pr\u00e1cticamente todo aquello que ingerimos y degustamos.\",\"breadcrumb\":{\"@id\":\"https:\/\/elbullifoundation.com\/elbullistore\/ca\/de-lorigen-de-la-vida-al-paleolitic\/#breadcrumb\"},\"inLanguage\":\"es\",\"potentialAction\":[{\"@type\":\"ReadAction\",\"target\":[\"https:\/\/elbullifoundation.com\/elbullistore\/ca\/de-lorigen-de-la-vida-al-paleolitic\/\"]}]},{\"@type\":\"ImageObject\",\"inLanguage\":\"es\",\"@id\":\"https:\/\/elbullifoundation.com\/elbullistore\/ca\/de-lorigen-de-la-vida-al-paleolitic\/#primaryimage\",\"url\":\"https:\/\/elbullifoundation.com\/elbullistore\/wp-content\/uploads\/2020\/03\/Captura-de-pantalla-2020-03-12-a-las-16.29.41.png\",\"contentUrl\":\"https:\/\/elbullifoundation.com\/elbullistore\/wp-content\/uploads\/2020\/03\/Captura-de-pantalla-2020-03-12-a-las-16.29.41.png\",\"width\":492,\"height\":406},{\"@type\":\"BreadcrumbList\",\"@id\":\"https:\/\/elbullifoundation.com\/elbullistore\/ca\/de-lorigen-de-la-vida-al-paleolitic\/#breadcrumb\",\"itemListElement\":[{\"@type\":\"ListItem\",\"position\":1,\"name\":\"Portada\",\"item\":\"https:\/\/elbullifoundation.com\/elbullistore\/\"},{\"@type\":\"ListItem\",\"position\":2,\"name\":\"DE L&#8217;ORIGEN DE LA VIDA AL PALEOL\u00cdTIC\"}]},{\"@type\":\"WebSite\",\"@id\":\"https:\/\/elbullifoundation.com\/elbullistore\/#website\",\"url\":\"https:\/\/elbullifoundation.com\/elbullistore\/\",\"name\":\"elBullistore\",\"description\":\"\",\"potentialAction\":[{\"@type\":\"SearchAction\",\"target\":{\"@type\":\"EntryPoint\",\"urlTemplate\":\"https:\/\/elbullifoundation.com\/elbullistore\/?s={search_term_string}\"},\"query-input\":{\"@type\":\"PropertyValueSpecification\",\"valueRequired\":true,\"valueName\":\"search_term_string\"}}],\"inLanguage\":\"es\"},{\"@type\":\"Person\",\"@id\":\"https:\/\/elbullifoundation.com\/elbullistore\/#\/schema\/person\/c640447c0fe37ad06d5ba717d15195db\",\"name\":\"rita\",\"image\":{\"@type\":\"ImageObject\",\"inLanguage\":\"es\",\"@id\":\"https:\/\/elbullifoundation.com\/elbullistore\/#\/schema\/person\/image\/\",\"url\":\"https:\/\/secure.gravatar.com\/avatar\/81d9b7df4889904fee0e6117fd68e611a24e5999d2ecb341e22d0b0825a45ebb?s=96&d=mm&r=g\",\"contentUrl\":\"https:\/\/secure.gravatar.com\/avatar\/81d9b7df4889904fee0e6117fd68e611a24e5999d2ecb341e22d0b0825a45ebb?s=96&d=mm&r=g\",\"caption\":\"rita\"},\"url\":\"https:\/\/elbullifoundation.com\/elbullistore\/author\/rita\/\"}]}<\/script>\n<!-- \/ Yoast SEO plugin. -->","yoast_head_json":{"title":"Del origen de la vida al Paleol\u00edtico - elBullistore - Bullipedia","description":"el origen de la vida: la responsable no solo de nuestra existencia, sino de pr\u00e1cticamente todo aquello que ingerimos y degustamos.","robots":{"index":"index","follow":"follow","max-snippet":"max-snippet:-1","max-image-preview":"max-image-preview:large","max-video-preview":"max-video-preview:-1"},"canonical":"https:\/\/elbullifoundation.com\/elbullistore\/ca\/de-lorigen-de-la-vida-al-paleolitic\/","og_locale":"es_ES","og_type":"article","og_title":"Del origen de la vida al Paleol\u00edtico - elBullistore - Bullipedia","og_description":"el origen de la vida: la responsable no solo de nuestra existencia, sino de pr\u00e1cticamente todo aquello que ingerimos y degustamos.","og_url":"https:\/\/elbullifoundation.com\/elbullistore\/ca\/de-lorigen-de-la-vida-al-paleolitic\/","og_site_name":"elBullistore","article_published_time":"2023-07-25T10:07:09+00:00","article_modified_time":"2024-09-04T13:09:20+00:00","og_image":[{"width":492,"height":406,"url":"https:\/\/elbullifoundation.com\/elbullistore\/wp-content\/uploads\/2020\/03\/Captura-de-pantalla-2020-03-12-a-las-16.29.41.png","type":"image\/png"}],"author":"rita","twitter_card":"summary_large_image","twitter_misc":{"Escrito por":"rita","Tiempo de lectura":"1 minuto"},"schema":{"@context":"https:\/\/schema.org","@graph":[{"@type":"Article","@id":"https:\/\/elbullifoundation.com\/elbullistore\/ca\/de-lorigen-de-la-vida-al-paleolitic\/#article","isPartOf":{"@id":"https:\/\/elbullifoundation.com\/elbullistore\/ca\/de-lorigen-de-la-vida-al-paleolitic\/"},"author":{"name":"rita","@id":"https:\/\/elbullifoundation.com\/elbullistore\/#\/schema\/person\/c640447c0fe37ad06d5ba717d15195db"},"headline":"DE L&#8217;ORIGEN DE LA VIDA AL PALEOL\u00cdTIC","datePublished":"2023-07-25T10:07:09+00:00","dateModified":"2024-09-04T13:09:20+00:00","mainEntityOfPage":{"@id":"https:\/\/elbullifoundation.com\/elbullistore\/ca\/de-lorigen-de-la-vida-al-paleolitic\/"},"wordCount":71,"image":{"@id":"https:\/\/elbullifoundation.com\/elbullistore\/ca\/de-lorigen-de-la-vida-al-paleolitic\/#primaryimage"},"thumbnailUrl":"https:\/\/elbullifoundation.com\/elbullistore\/wp-content\/uploads\/2020\/03\/Captura-de-pantalla-2020-03-12-a-las-16.29.41.png","articleSection":["Uncategorized @ca"],"inLanguage":"es"},{"@type":"WebPage","@id":"https:\/\/elbullifoundation.com\/elbullistore\/ca\/de-lorigen-de-la-vida-al-paleolitic\/","url":"https:\/\/elbullifoundation.com\/elbullistore\/ca\/de-lorigen-de-la-vida-al-paleolitic\/","name":"Del origen de la vida al Paleol\u00edtico - elBullistore - Bullipedia","isPartOf":{"@id":"https:\/\/elbullifoundation.com\/elbullistore\/#website"},"primaryImageOfPage":{"@id":"https:\/\/elbullifoundation.com\/elbullistore\/ca\/de-lorigen-de-la-vida-al-paleolitic\/#primaryimage"},"image":{"@id":"https:\/\/elbullifoundation.com\/elbullistore\/ca\/de-lorigen-de-la-vida-al-paleolitic\/#primaryimage"},"thumbnailUrl":"https:\/\/elbullifoundation.com\/elbullistore\/wp-content\/uploads\/2020\/03\/Captura-de-pantalla-2020-03-12-a-las-16.29.41.png","datePublished":"2023-07-25T10:07:09+00:00","dateModified":"2024-09-04T13:09:20+00:00","author":{"@id":"https:\/\/elbullifoundation.com\/elbullistore\/#\/schema\/person\/c640447c0fe37ad06d5ba717d15195db"},"description":"el origen de la vida: la responsable no solo de nuestra existencia, sino de pr\u00e1cticamente todo aquello que ingerimos y degustamos.","breadcrumb":{"@id":"https:\/\/elbullifoundation.com\/elbullistore\/ca\/de-lorigen-de-la-vida-al-paleolitic\/#breadcrumb"},"inLanguage":"es","potentialAction":[{"@type":"ReadAction","target":["https:\/\/elbullifoundation.com\/elbullistore\/ca\/de-lorigen-de-la-vida-al-paleolitic\/"]}]},{"@type":"ImageObject","inLanguage":"es","@id":"https:\/\/elbullifoundation.com\/elbullistore\/ca\/de-lorigen-de-la-vida-al-paleolitic\/#primaryimage","url":"https:\/\/elbullifoundation.com\/elbullistore\/wp-content\/uploads\/2020\/03\/Captura-de-pantalla-2020-03-12-a-las-16.29.41.png","contentUrl":"https:\/\/elbullifoundation.com\/elbullistore\/wp-content\/uploads\/2020\/03\/Captura-de-pantalla-2020-03-12-a-las-16.29.41.png","width":492,"height":406},{"@type":"BreadcrumbList","@id":"https:\/\/elbullifoundation.com\/elbullistore\/ca\/de-lorigen-de-la-vida-al-paleolitic\/#breadcrumb","itemListElement":[{"@type":"ListItem","position":1,"name":"Portada","item":"https:\/\/elbullifoundation.com\/elbullistore\/"},{"@type":"ListItem","position":2,"name":"DE L&#8217;ORIGEN DE LA VIDA AL PALEOL\u00cdTIC"}]},{"@type":"WebSite","@id":"https:\/\/elbullifoundation.com\/elbullistore\/#website","url":"https:\/\/elbullifoundation.com\/elbullistore\/","name":"elBullistore","description":"","potentialAction":[{"@type":"SearchAction","target":{"@type":"EntryPoint","urlTemplate":"https:\/\/elbullifoundation.com\/elbullistore\/?s={search_term_string}"},"query-input":{"@type":"PropertyValueSpecification","valueRequired":true,"valueName":"search_term_string"}}],"inLanguage":"es"},{"@type":"Person","@id":"https:\/\/elbullifoundation.com\/elbullistore\/#\/schema\/person\/c640447c0fe37ad06d5ba717d15195db","name":"rita","image":{"@type":"ImageObject","inLanguage":"es","@id":"https:\/\/elbullifoundation.com\/elbullistore\/#\/schema\/person\/image\/","url":"https:\/\/secure.gravatar.com\/avatar\/81d9b7df4889904fee0e6117fd68e611a24e5999d2ecb341e22d0b0825a45ebb?s=96&d=mm&r=g","contentUrl":"https:\/\/secure.gravatar.com\/avatar\/81d9b7df4889904fee0e6117fd68e611a24e5999d2ecb341e22d0b0825a45ebb?s=96&d=mm&r=g","caption":"rita"},"url":"https:\/\/elbullifoundation.com\/elbullistore\/author\/rita\/"}]}},"lang":"ca","translations":{"ca":16112,"en":8452,"es":7282},"pll_sync_post":[],"_links":{"self":[{"href":"https:\/\/elbullifoundation.com\/elbullistore\/wp-json\/wp\/v2\/posts\/16112","targetHints":{"allow":["GET"]}}],"collection":[{"href":"https:\/\/elbullifoundation.com\/elbullistore\/wp-json\/wp\/v2\/posts"}],"about":[{"href":"https:\/\/elbullifoundation.com\/elbullistore\/wp-json\/wp\/v2\/types\/post"}],"author":[{"embeddable":true,"href":"https:\/\/elbullifoundation.com\/elbullistore\/wp-json\/wp\/v2\/users\/4"}],"replies":[{"embeddable":true,"href":"https:\/\/elbullifoundation.com\/elbullistore\/wp-json\/wp\/v2\/comments?post=16112"}],"version-history":[{"count":1,"href":"https:\/\/elbullifoundation.com\/elbullistore\/wp-json\/wp\/v2\/posts\/16112\/revisions"}],"predecessor-version":[{"id":18394,"href":"https:\/\/elbullifoundation.com\/elbullistore\/wp-json\/wp\/v2\/posts\/16112\/revisions\/18394"}],"wp:featuredmedia":[{"embeddable":true,"href":"https:\/\/elbullifoundation.com\/elbullistore\/wp-json\/wp\/v2\/media\/7285"}],"wp:attachment":[{"href":"https:\/\/elbullifoundation.com\/elbullistore\/wp-json\/wp\/v2\/media?parent=16112"}],"wp:term":[{"taxonomy":"category","embeddable":true,"href":"https:\/\/elbullifoundation.com\/elbullistore\/wp-json\/wp\/v2\/categories?post=16112"},{"taxonomy":"post_tag","embeddable":true,"href":"https:\/\/elbullifoundation.com\/elbullistore\/wp-json\/wp\/v2\/tags?post=16112"}],"curies":[{"name":"wp","href":"https:\/\/api.w.org\/{rel}","templated":true}]}}