{"id":16116,"date":"2023-07-25T12:07:47","date_gmt":"2023-07-25T10:07:47","guid":{"rendered":"https:\/\/elbullifoundation.com\/elbullistore\/?p=16116"},"modified":"2024-09-04T16:04:22","modified_gmt":"2024-09-04T14:04:22","slug":"paleolitic-claus-historiques-mes-rellevants","status":"publish","type":"post","link":"https:\/\/elbullifoundation.com\/elbullistore\/ca\/paleolitic-claus-historiques-mes-rellevants\/","title":{"rendered":"PALEOL\u00cdTIC: CLAUS HIST\u00d2RIQUES M\u00c9S RELLEVANTS"},"content":{"rendered":"\n<p>Ens posem in fraganti i ens endinsem en el Paleol\u00edtic, aquells llunyans anys en qu\u00e8 ens conformem com a esp\u00e8cie i comencem la nostra marxa pel planeta. Aquest cap\u00edtol aborda els fets m\u00e9s significatius que van esdevenir durant els or\u00edgens remots de la humanitat i que resulten essencials per a comprendre els inicis de la cuina, el menjar i la beguda. En aquestes p\u00e0gines ens familiaritzarem amb les nostres \u00e0vies evolutives, les esp\u00e8cies <em>Homo habilis<\/em>, <em>Homo erectus<\/em> i <em>Homo neanderthalensis<\/em>, i sabrem com es va originar l&#8217;<em>Homo sapiens<\/em>.<\/p>\n\n\n\n<p>Comen\u00e7arem introduint el context general del Paleol\u00edtic: els seus principals trets i divisi\u00f3 temporal. Continuarem el relat al\u00b7ludint a les fites que van marcar aquesta fase hist\u00f2rica, dividits en sis grans apartats: els esdevinguts en la naturalesa, els que van afectar el cos hum\u00e0, a la ment i a l&#8217;esperit, els relatius al fenomen de la personalitat i, finalment, els que van marcar l&#8217;evoluci\u00f3 de les activitats dels nostres ancestres. Entre les fites, ocupar\u00e0 un lloc especial l&#8217;origen de la creativitat: el motor que, a parer nostre, mou la hist\u00f2ria (la general, i la nostra, la de la restauraci\u00f3 gastron\u00f2mica). Amb tot aquest coneixement en la motxilla, estarem preparats per a capbussar-nos en el nostre territori.<\/p>\n","protected":false},"excerpt":{"rendered":"<p>Ens posem in fraganti i ens endinsem en el Paleol\u00edtic, aquells llunyans anys en qu\u00e8 ens conformem com a esp\u00e8cie i comencem la nostra marxa pel planeta. Aquest cap\u00edtol aborda els fets m\u00e9s significatius que van esdevenir durant els or\u00edgens remots de la humanitat i que resulten essencials per a comprendre els inicis de la [&hellip;]<\/p>\n","protected":false},"author":4,"featured_media":7293,"comment_status":"closed","ping_status":"open","sticky":false,"template":"","format":"standard","meta":{"_acf_changed":false,"footnotes":""},"categories":[57],"tags":[],"class_list":["post-16116","post","type-post","status-publish","format-standard","has-post-thumbnail","hentry","category-uncategorized-ca"],"acf":[],"yoast_head":"<!-- This site is optimized with the Yoast SEO plugin v26.9 - https:\/\/yoast.com\/product\/yoast-seo-wordpress\/ -->\n<title>PALEOL\u00cdTIC: CLAUS HIST\u00d2RIQUES M\u00c9S RELLEVANTS - elBullistore<\/title>\n<meta name=\"description\" content=\"Los hechos m\u00e1s significativos que acontecieron en el Paleol\u00edtico y que resultan esenciales para comprender los inicios de la cocina, la comida y la bebida.\" \/>\n<meta name=\"robots\" content=\"index, follow, max-snippet:-1, max-image-preview:large, max-video-preview:-1\" \/>\n<link rel=\"canonical\" href=\"https:\/\/elbullifoundation.com\/elbullistore\/ca\/paleolitic-claus-historiques-mes-rellevants\/\" \/>\n<meta property=\"og:locale\" content=\"es_ES\" \/>\n<meta property=\"og:type\" content=\"article\" \/>\n<meta property=\"og:title\" content=\"PALEOL\u00cdTIC: CLAUS HIST\u00d2RIQUES M\u00c9S RELLEVANTS - elBullistore\" \/>\n<meta property=\"og:description\" content=\"Los hechos m\u00e1s significativos que acontecieron en el Paleol\u00edtico y que resultan esenciales para comprender los inicios de la cocina, la comida y la bebida.\" \/>\n<meta property=\"og:url\" content=\"https:\/\/elbullifoundation.com\/elbullistore\/ca\/paleolitic-claus-historiques-mes-rellevants\/\" \/>\n<meta property=\"og:site_name\" content=\"elBullistore\" \/>\n<meta property=\"article:published_time\" content=\"2023-07-25T10:07:47+00:00\" \/>\n<meta property=\"article:modified_time\" content=\"2024-09-04T14:04:22+00:00\" \/>\n<meta property=\"og:image\" content=\"https:\/\/elbullifoundation.com\/elbullistore\/wp-content\/uploads\/2020\/03\/Captura-de-pantalla-2020-03-12-a-las-16.29.47.png\" \/>\n\t<meta property=\"og:image:width\" content=\"494\" \/>\n\t<meta property=\"og:image:height\" content=\"407\" \/>\n\t<meta property=\"og:image:type\" content=\"image\/png\" \/>\n<meta name=\"author\" content=\"rita\" \/>\n<meta name=\"twitter:card\" content=\"summary_large_image\" \/>\n<meta name=\"twitter:label1\" content=\"Escrito por\" \/>\n\t<meta name=\"twitter:data1\" content=\"rita\" \/>\n\t<meta name=\"twitter:label2\" content=\"Tiempo de lectura\" \/>\n\t<meta name=\"twitter:data2\" content=\"1 minuto\" \/>\n<script type=\"application\/ld+json\" class=\"yoast-schema-graph\">{\"@context\":\"https:\/\/schema.org\",\"@graph\":[{\"@type\":\"Article\",\"@id\":\"https:\/\/elbullifoundation.com\/elbullistore\/ca\/paleolitic-claus-historiques-mes-rellevants\/#article\",\"isPartOf\":{\"@id\":\"https:\/\/elbullifoundation.com\/elbullistore\/ca\/paleolitic-claus-historiques-mes-rellevants\/\"},\"author\":{\"name\":\"rita\",\"@id\":\"https:\/\/elbullifoundation.com\/elbullistore\/#\/schema\/person\/c640447c0fe37ad06d5ba717d15195db\"},\"headline\":\"PALEOL\u00cdTIC: CLAUS HIST\u00d2RIQUES M\u00c9S RELLEVANTS\",\"datePublished\":\"2023-07-25T10:07:47+00:00\",\"dateModified\":\"2024-09-04T14:04:22+00:00\",\"mainEntityOfPage\":{\"@id\":\"https:\/\/elbullifoundation.com\/elbullistore\/ca\/paleolitic-claus-historiques-mes-rellevants\/\"},\"wordCount\":229,\"image\":{\"@id\":\"https:\/\/elbullifoundation.com\/elbullistore\/ca\/paleolitic-claus-historiques-mes-rellevants\/#primaryimage\"},\"thumbnailUrl\":\"https:\/\/elbullifoundation.com\/elbullistore\/wp-content\/uploads\/2020\/03\/Captura-de-pantalla-2020-03-12-a-las-16.29.47.png\",\"articleSection\":[\"Uncategorized @ca\"],\"inLanguage\":\"es\"},{\"@type\":\"WebPage\",\"@id\":\"https:\/\/elbullifoundation.com\/elbullistore\/ca\/paleolitic-claus-historiques-mes-rellevants\/\",\"url\":\"https:\/\/elbullifoundation.com\/elbullistore\/ca\/paleolitic-claus-historiques-mes-rellevants\/\",\"name\":\"PALEOL\u00cdTIC: CLAUS HIST\u00d2RIQUES M\u00c9S RELLEVANTS - elBullistore\",\"isPartOf\":{\"@id\":\"https:\/\/elbullifoundation.com\/elbullistore\/#website\"},\"primaryImageOfPage\":{\"@id\":\"https:\/\/elbullifoundation.com\/elbullistore\/ca\/paleolitic-claus-historiques-mes-rellevants\/#primaryimage\"},\"image\":{\"@id\":\"https:\/\/elbullifoundation.com\/elbullistore\/ca\/paleolitic-claus-historiques-mes-rellevants\/#primaryimage\"},\"thumbnailUrl\":\"https:\/\/elbullifoundation.com\/elbullistore\/wp-content\/uploads\/2020\/03\/Captura-de-pantalla-2020-03-12-a-las-16.29.47.png\",\"datePublished\":\"2023-07-25T10:07:47+00:00\",\"dateModified\":\"2024-09-04T14:04:22+00:00\",\"author\":{\"@id\":\"https:\/\/elbullifoundation.com\/elbullistore\/#\/schema\/person\/c640447c0fe37ad06d5ba717d15195db\"},\"description\":\"Los hechos m\u00e1s significativos que acontecieron en el Paleol\u00edtico y que resultan esenciales para comprender los inicios de la cocina, la comida y la bebida.\",\"breadcrumb\":{\"@id\":\"https:\/\/elbullifoundation.com\/elbullistore\/ca\/paleolitic-claus-historiques-mes-rellevants\/#breadcrumb\"},\"inLanguage\":\"es\",\"potentialAction\":[{\"@type\":\"ReadAction\",\"target\":[\"https:\/\/elbullifoundation.com\/elbullistore\/ca\/paleolitic-claus-historiques-mes-rellevants\/\"]}]},{\"@type\":\"ImageObject\",\"inLanguage\":\"es\",\"@id\":\"https:\/\/elbullifoundation.com\/elbullistore\/ca\/paleolitic-claus-historiques-mes-rellevants\/#primaryimage\",\"url\":\"https:\/\/elbullifoundation.com\/elbullistore\/wp-content\/uploads\/2020\/03\/Captura-de-pantalla-2020-03-12-a-las-16.29.47.png\",\"contentUrl\":\"https:\/\/elbullifoundation.com\/elbullistore\/wp-content\/uploads\/2020\/03\/Captura-de-pantalla-2020-03-12-a-las-16.29.47.png\",\"width\":494,\"height\":407,\"caption\":\"Paleol\u00edtico: claves hist\u00f3ricas m\u00e1s relevantes\"},{\"@type\":\"BreadcrumbList\",\"@id\":\"https:\/\/elbullifoundation.com\/elbullistore\/ca\/paleolitic-claus-historiques-mes-rellevants\/#breadcrumb\",\"itemListElement\":[{\"@type\":\"ListItem\",\"position\":1,\"name\":\"Portada\",\"item\":\"https:\/\/elbullifoundation.com\/elbullistore\/\"},{\"@type\":\"ListItem\",\"position\":2,\"name\":\"PALEOL\u00cdTIC: CLAUS HIST\u00d2RIQUES M\u00c9S RELLEVANTS\"}]},{\"@type\":\"WebSite\",\"@id\":\"https:\/\/elbullifoundation.com\/elbullistore\/#website\",\"url\":\"https:\/\/elbullifoundation.com\/elbullistore\/\",\"name\":\"elBullistore\",\"description\":\"\",\"potentialAction\":[{\"@type\":\"SearchAction\",\"target\":{\"@type\":\"EntryPoint\",\"urlTemplate\":\"https:\/\/elbullifoundation.com\/elbullistore\/?s={search_term_string}\"},\"query-input\":{\"@type\":\"PropertyValueSpecification\",\"valueRequired\":true,\"valueName\":\"search_term_string\"}}],\"inLanguage\":\"es\"},{\"@type\":\"Person\",\"@id\":\"https:\/\/elbullifoundation.com\/elbullistore\/#\/schema\/person\/c640447c0fe37ad06d5ba717d15195db\",\"name\":\"rita\",\"image\":{\"@type\":\"ImageObject\",\"inLanguage\":\"es\",\"@id\":\"https:\/\/elbullifoundation.com\/elbullistore\/#\/schema\/person\/image\/\",\"url\":\"https:\/\/secure.gravatar.com\/avatar\/81d9b7df4889904fee0e6117fd68e611a24e5999d2ecb341e22d0b0825a45ebb?s=96&d=mm&r=g\",\"contentUrl\":\"https:\/\/secure.gravatar.com\/avatar\/81d9b7df4889904fee0e6117fd68e611a24e5999d2ecb341e22d0b0825a45ebb?s=96&d=mm&r=g\",\"caption\":\"rita\"},\"url\":\"https:\/\/elbullifoundation.com\/elbullistore\/author\/rita\/\"}]}<\/script>\n<!-- \/ Yoast SEO plugin. -->","yoast_head_json":{"title":"PALEOL\u00cdTIC: CLAUS HIST\u00d2RIQUES M\u00c9S RELLEVANTS - elBullistore","description":"Los hechos m\u00e1s significativos que acontecieron en el Paleol\u00edtico y que resultan esenciales para comprender los inicios de la cocina, la comida y la bebida.","robots":{"index":"index","follow":"follow","max-snippet":"max-snippet:-1","max-image-preview":"max-image-preview:large","max-video-preview":"max-video-preview:-1"},"canonical":"https:\/\/elbullifoundation.com\/elbullistore\/ca\/paleolitic-claus-historiques-mes-rellevants\/","og_locale":"es_ES","og_type":"article","og_title":"PALEOL\u00cdTIC: CLAUS HIST\u00d2RIQUES M\u00c9S RELLEVANTS - elBullistore","og_description":"Los hechos m\u00e1s significativos que acontecieron en el Paleol\u00edtico y que resultan esenciales para comprender los inicios de la cocina, la comida y la bebida.","og_url":"https:\/\/elbullifoundation.com\/elbullistore\/ca\/paleolitic-claus-historiques-mes-rellevants\/","og_site_name":"elBullistore","article_published_time":"2023-07-25T10:07:47+00:00","article_modified_time":"2024-09-04T14:04:22+00:00","og_image":[{"width":494,"height":407,"url":"https:\/\/elbullifoundation.com\/elbullistore\/wp-content\/uploads\/2020\/03\/Captura-de-pantalla-2020-03-12-a-las-16.29.47.png","type":"image\/png"}],"author":"rita","twitter_card":"summary_large_image","twitter_misc":{"Escrito por":"rita","Tiempo de lectura":"1 minuto"},"schema":{"@context":"https:\/\/schema.org","@graph":[{"@type":"Article","@id":"https:\/\/elbullifoundation.com\/elbullistore\/ca\/paleolitic-claus-historiques-mes-rellevants\/#article","isPartOf":{"@id":"https:\/\/elbullifoundation.com\/elbullistore\/ca\/paleolitic-claus-historiques-mes-rellevants\/"},"author":{"name":"rita","@id":"https:\/\/elbullifoundation.com\/elbullistore\/#\/schema\/person\/c640447c0fe37ad06d5ba717d15195db"},"headline":"PALEOL\u00cdTIC: CLAUS HIST\u00d2RIQUES M\u00c9S RELLEVANTS","datePublished":"2023-07-25T10:07:47+00:00","dateModified":"2024-09-04T14:04:22+00:00","mainEntityOfPage":{"@id":"https:\/\/elbullifoundation.com\/elbullistore\/ca\/paleolitic-claus-historiques-mes-rellevants\/"},"wordCount":229,"image":{"@id":"https:\/\/elbullifoundation.com\/elbullistore\/ca\/paleolitic-claus-historiques-mes-rellevants\/#primaryimage"},"thumbnailUrl":"https:\/\/elbullifoundation.com\/elbullistore\/wp-content\/uploads\/2020\/03\/Captura-de-pantalla-2020-03-12-a-las-16.29.47.png","articleSection":["Uncategorized @ca"],"inLanguage":"es"},{"@type":"WebPage","@id":"https:\/\/elbullifoundation.com\/elbullistore\/ca\/paleolitic-claus-historiques-mes-rellevants\/","url":"https:\/\/elbullifoundation.com\/elbullistore\/ca\/paleolitic-claus-historiques-mes-rellevants\/","name":"PALEOL\u00cdTIC: CLAUS HIST\u00d2RIQUES M\u00c9S RELLEVANTS - elBullistore","isPartOf":{"@id":"https:\/\/elbullifoundation.com\/elbullistore\/#website"},"primaryImageOfPage":{"@id":"https:\/\/elbullifoundation.com\/elbullistore\/ca\/paleolitic-claus-historiques-mes-rellevants\/#primaryimage"},"image":{"@id":"https:\/\/elbullifoundation.com\/elbullistore\/ca\/paleolitic-claus-historiques-mes-rellevants\/#primaryimage"},"thumbnailUrl":"https:\/\/elbullifoundation.com\/elbullistore\/wp-content\/uploads\/2020\/03\/Captura-de-pantalla-2020-03-12-a-las-16.29.47.png","datePublished":"2023-07-25T10:07:47+00:00","dateModified":"2024-09-04T14:04:22+00:00","author":{"@id":"https:\/\/elbullifoundation.com\/elbullistore\/#\/schema\/person\/c640447c0fe37ad06d5ba717d15195db"},"description":"Los hechos m\u00e1s significativos que acontecieron en el Paleol\u00edtico y que resultan esenciales para comprender los inicios de la cocina, la comida y la bebida.","breadcrumb":{"@id":"https:\/\/elbullifoundation.com\/elbullistore\/ca\/paleolitic-claus-historiques-mes-rellevants\/#breadcrumb"},"inLanguage":"es","potentialAction":[{"@type":"ReadAction","target":["https:\/\/elbullifoundation.com\/elbullistore\/ca\/paleolitic-claus-historiques-mes-rellevants\/"]}]},{"@type":"ImageObject","inLanguage":"es","@id":"https:\/\/elbullifoundation.com\/elbullistore\/ca\/paleolitic-claus-historiques-mes-rellevants\/#primaryimage","url":"https:\/\/elbullifoundation.com\/elbullistore\/wp-content\/uploads\/2020\/03\/Captura-de-pantalla-2020-03-12-a-las-16.29.47.png","contentUrl":"https:\/\/elbullifoundation.com\/elbullistore\/wp-content\/uploads\/2020\/03\/Captura-de-pantalla-2020-03-12-a-las-16.29.47.png","width":494,"height":407,"caption":"Paleol\u00edtico: claves hist\u00f3ricas m\u00e1s relevantes"},{"@type":"BreadcrumbList","@id":"https:\/\/elbullifoundation.com\/elbullistore\/ca\/paleolitic-claus-historiques-mes-rellevants\/#breadcrumb","itemListElement":[{"@type":"ListItem","position":1,"name":"Portada","item":"https:\/\/elbullifoundation.com\/elbullistore\/"},{"@type":"ListItem","position":2,"name":"PALEOL\u00cdTIC: CLAUS HIST\u00d2RIQUES M\u00c9S RELLEVANTS"}]},{"@type":"WebSite","@id":"https:\/\/elbullifoundation.com\/elbullistore\/#website","url":"https:\/\/elbullifoundation.com\/elbullistore\/","name":"elBullistore","description":"","potentialAction":[{"@type":"SearchAction","target":{"@type":"EntryPoint","urlTemplate":"https:\/\/elbullifoundation.com\/elbullistore\/?s={search_term_string}"},"query-input":{"@type":"PropertyValueSpecification","valueRequired":true,"valueName":"search_term_string"}}],"inLanguage":"es"},{"@type":"Person","@id":"https:\/\/elbullifoundation.com\/elbullistore\/#\/schema\/person\/c640447c0fe37ad06d5ba717d15195db","name":"rita","image":{"@type":"ImageObject","inLanguage":"es","@id":"https:\/\/elbullifoundation.com\/elbullistore\/#\/schema\/person\/image\/","url":"https:\/\/secure.gravatar.com\/avatar\/81d9b7df4889904fee0e6117fd68e611a24e5999d2ecb341e22d0b0825a45ebb?s=96&d=mm&r=g","contentUrl":"https:\/\/secure.gravatar.com\/avatar\/81d9b7df4889904fee0e6117fd68e611a24e5999d2ecb341e22d0b0825a45ebb?s=96&d=mm&r=g","caption":"rita"},"url":"https:\/\/elbullifoundation.com\/elbullistore\/author\/rita\/"}]}},"lang":"ca","translations":{"ca":16116,"es":7291,"en":8466},"pll_sync_post":[],"_links":{"self":[{"href":"https:\/\/elbullifoundation.com\/elbullistore\/wp-json\/wp\/v2\/posts\/16116","targetHints":{"allow":["GET"]}}],"collection":[{"href":"https:\/\/elbullifoundation.com\/elbullistore\/wp-json\/wp\/v2\/posts"}],"about":[{"href":"https:\/\/elbullifoundation.com\/elbullistore\/wp-json\/wp\/v2\/types\/post"}],"author":[{"embeddable":true,"href":"https:\/\/elbullifoundation.com\/elbullistore\/wp-json\/wp\/v2\/users\/4"}],"replies":[{"embeddable":true,"href":"https:\/\/elbullifoundation.com\/elbullistore\/wp-json\/wp\/v2\/comments?post=16116"}],"version-history":[{"count":1,"href":"https:\/\/elbullifoundation.com\/elbullistore\/wp-json\/wp\/v2\/posts\/16116\/revisions"}],"predecessor-version":[{"id":18395,"href":"https:\/\/elbullifoundation.com\/elbullistore\/wp-json\/wp\/v2\/posts\/16116\/revisions\/18395"}],"wp:featuredmedia":[{"embeddable":true,"href":"https:\/\/elbullifoundation.com\/elbullistore\/wp-json\/wp\/v2\/media\/7293"}],"wp:attachment":[{"href":"https:\/\/elbullifoundation.com\/elbullistore\/wp-json\/wp\/v2\/media?parent=16116"}],"wp:term":[{"taxonomy":"category","embeddable":true,"href":"https:\/\/elbullifoundation.com\/elbullistore\/wp-json\/wp\/v2\/categories?post=16116"},{"taxonomy":"post_tag","embeddable":true,"href":"https:\/\/elbullifoundation.com\/elbullistore\/wp-json\/wp\/v2\/tags?post=16116"}],"curies":[{"name":"wp","href":"https:\/\/api.w.org\/{rel}","templated":true}]}}