{"id":16120,"date":"2023-07-25T12:08:40","date_gmt":"2023-07-25T10:08:40","guid":{"rendered":"https:\/\/elbullifoundation.com\/elbullistore\/?p=16120"},"modified":"2023-07-25T12:09:45","modified_gmt":"2023-07-25T10:09:45","slug":"cuina-menjar-i-beguda-en-el-paleolitic","status":"publish","type":"post","link":"https:\/\/elbullifoundation.com\/elbullistore\/ca\/cuina-menjar-i-beguda-en-el-paleolitic\/","title":{"rendered":"CUINA, MENJAR I BEGUDA EN EL PALEOL\u00cdTIC"},"content":{"rendered":"\n<p>All\u00e0 pel remot Plistoc\u00e8, un \u00e9sser que ja s&#8217;assemblava bastant a nosaltres va tenir la genialitat d&#8217;inventar la cuina. La cuina va revolucionar els or\u00edgens del menjar i la beguda. Tot aix\u00f2 ho desgranarem en aquest cap\u00edtol. Per\u00f2 encara va oc\u00f3rrer un altre fet transcendental, el control del foc, que donaria un gir de rosca m\u00e9s als pilars de la nostra alimentaci\u00f3 amb cuina.<\/p>\n\n\n\n<p>Aquest cap\u00edtol est\u00e0 dividit en dues parts o subcap\u00edtols: la cuina, el menjar i la beguda abans i despr\u00e9s del control del foc. El m\u00e8tode Sapiens \u00e9s el que marcar\u00e0 les variables i els conceptes que explicarem. En tots dos subcap\u00edtols anirem pas a pas, comen\u00e7ant per quines elaboracions s&#8217;emportaven a la boca els hom\u00ednids del Paleol\u00edtic, com les ingerien i amb qu\u00e8. A continuaci\u00f3, explicarem qu\u00e8 se sap dels diferents processos i quins recursos no gastron\u00f2mics els eren necessaris. Finalment, acabarem amb un rep\u00e0s als recursos gastron\u00f2mics emprats per a elaborar: les eines, t\u00e8cniques i productes m\u00e9s significatius del moment. Com a nota final, llan\u00e7arem hip\u00f2tesi sobre els tipus de cuina que ja serien possibles per a aquells primers humans.<\/p>\n","protected":false},"excerpt":{"rendered":"<p>All\u00e0 pel remot Plistoc\u00e8, un \u00e9sser que ja s&#8217;assemblava bastant a nosaltres va tenir la genialitat d&#8217;inventar la cuina. La cuina va revolucionar els or\u00edgens del menjar i la beguda. Tot aix\u00f2 ho desgranarem en aquest cap\u00edtol. Per\u00f2 encara va oc\u00f3rrer un altre fet transcendental, el control del foc, que donaria un gir de rosca [&hellip;]<\/p>\n","protected":false},"author":4,"featured_media":7301,"comment_status":"closed","ping_status":"open","sticky":false,"template":"","format":"standard","meta":{"_acf_changed":false,"footnotes":""},"categories":[57],"tags":[],"class_list":["post-16120","post","type-post","status-publish","format-standard","has-post-thumbnail","hentry","category-uncategorized-ca"],"acf":[],"yoast_head":"<!-- This site is optimized with the Yoast SEO plugin v26.9 - https:\/\/yoast.com\/product\/yoast-seo-wordpress\/ -->\n<title>Cocina, comida y bebida en el Paleol\u00edtico - elBullistore - Bullipedia<\/title>\n<meta name=\"description\" content=\"Este cap\u00edtulo est\u00e1 dividido en dos partes o subcap\u00edtulos: la cocina, la comida y la bebida antes y despu\u00e9s del control del fuego.\" \/>\n<meta name=\"robots\" content=\"index, follow, max-snippet:-1, max-image-preview:large, max-video-preview:-1\" \/>\n<link rel=\"canonical\" href=\"https:\/\/elbullifoundation.com\/elbullistore\/ca\/cuina-menjar-i-beguda-en-el-paleolitic\/\" \/>\n<meta property=\"og:locale\" content=\"es_ES\" \/>\n<meta property=\"og:type\" content=\"article\" \/>\n<meta property=\"og:title\" content=\"Cocina, comida y bebida en el Paleol\u00edtico - elBullistore - Bullipedia\" \/>\n<meta property=\"og:description\" content=\"Este cap\u00edtulo est\u00e1 dividido en dos partes o subcap\u00edtulos: la cocina, la comida y la bebida antes y despu\u00e9s del control del fuego.\" \/>\n<meta property=\"og:url\" content=\"https:\/\/elbullifoundation.com\/elbullistore\/ca\/cuina-menjar-i-beguda-en-el-paleolitic\/\" \/>\n<meta property=\"og:site_name\" content=\"elBullistore\" \/>\n<meta property=\"article:published_time\" content=\"2023-07-25T10:08:40+00:00\" \/>\n<meta property=\"article:modified_time\" content=\"2023-07-25T10:09:45+00:00\" \/>\n<meta property=\"og:image\" content=\"https:\/\/elbullifoundation.com\/elbullistore\/wp-content\/uploads\/2020\/03\/Captura-de-pantalla-2020-03-12-a-las-16.29.53.png\" \/>\n\t<meta property=\"og:image:width\" content=\"490\" \/>\n\t<meta property=\"og:image:height\" content=\"527\" \/>\n\t<meta property=\"og:image:type\" content=\"image\/png\" \/>\n<meta name=\"author\" content=\"rita\" \/>\n<meta name=\"twitter:card\" content=\"summary_large_image\" \/>\n<meta name=\"twitter:label1\" content=\"Escrito por\" \/>\n\t<meta name=\"twitter:data1\" content=\"rita\" \/>\n\t<meta name=\"twitter:label2\" content=\"Tiempo de lectura\" \/>\n\t<meta name=\"twitter:data2\" content=\"1 minuto\" \/>\n<script type=\"application\/ld+json\" class=\"yoast-schema-graph\">{\"@context\":\"https:\/\/schema.org\",\"@graph\":[{\"@type\":\"Article\",\"@id\":\"https:\/\/elbullifoundation.com\/elbullistore\/ca\/cuina-menjar-i-beguda-en-el-paleolitic\/#article\",\"isPartOf\":{\"@id\":\"https:\/\/elbullifoundation.com\/elbullistore\/ca\/cuina-menjar-i-beguda-en-el-paleolitic\/\"},\"author\":{\"name\":\"rita\",\"@id\":\"https:\/\/elbullifoundation.com\/elbullistore\/#\/schema\/person\/c640447c0fe37ad06d5ba717d15195db\"},\"headline\":\"CUINA, MENJAR I BEGUDA EN EL PALEOL\u00cdTIC\",\"datePublished\":\"2023-07-25T10:08:40+00:00\",\"dateModified\":\"2023-07-25T10:09:45+00:00\",\"mainEntityOfPage\":{\"@id\":\"https:\/\/elbullifoundation.com\/elbullistore\/ca\/cuina-menjar-i-beguda-en-el-paleolitic\/\"},\"wordCount\":215,\"image\":{\"@id\":\"https:\/\/elbullifoundation.com\/elbullistore\/ca\/cuina-menjar-i-beguda-en-el-paleolitic\/#primaryimage\"},\"thumbnailUrl\":\"https:\/\/elbullifoundation.com\/elbullistore\/wp-content\/uploads\/2020\/03\/Captura-de-pantalla-2020-03-12-a-las-16.29.53.png\",\"articleSection\":[\"Uncategorized @ca\"],\"inLanguage\":\"es\"},{\"@type\":\"WebPage\",\"@id\":\"https:\/\/elbullifoundation.com\/elbullistore\/ca\/cuina-menjar-i-beguda-en-el-paleolitic\/\",\"url\":\"https:\/\/elbullifoundation.com\/elbullistore\/ca\/cuina-menjar-i-beguda-en-el-paleolitic\/\",\"name\":\"Cocina, comida y bebida en el Paleol\u00edtico - elBullistore - Bullipedia\",\"isPartOf\":{\"@id\":\"https:\/\/elbullifoundation.com\/elbullistore\/#website\"},\"primaryImageOfPage\":{\"@id\":\"https:\/\/elbullifoundation.com\/elbullistore\/ca\/cuina-menjar-i-beguda-en-el-paleolitic\/#primaryimage\"},\"image\":{\"@id\":\"https:\/\/elbullifoundation.com\/elbullistore\/ca\/cuina-menjar-i-beguda-en-el-paleolitic\/#primaryimage\"},\"thumbnailUrl\":\"https:\/\/elbullifoundation.com\/elbullistore\/wp-content\/uploads\/2020\/03\/Captura-de-pantalla-2020-03-12-a-las-16.29.53.png\",\"datePublished\":\"2023-07-25T10:08:40+00:00\",\"dateModified\":\"2023-07-25T10:09:45+00:00\",\"author\":{\"@id\":\"https:\/\/elbullifoundation.com\/elbullistore\/#\/schema\/person\/c640447c0fe37ad06d5ba717d15195db\"},\"description\":\"Este cap\u00edtulo est\u00e1 dividido en dos partes o subcap\u00edtulos: la cocina, la comida y la bebida antes y despu\u00e9s del control del fuego.\",\"breadcrumb\":{\"@id\":\"https:\/\/elbullifoundation.com\/elbullistore\/ca\/cuina-menjar-i-beguda-en-el-paleolitic\/#breadcrumb\"},\"inLanguage\":\"es\",\"potentialAction\":[{\"@type\":\"ReadAction\",\"target\":[\"https:\/\/elbullifoundation.com\/elbullistore\/ca\/cuina-menjar-i-beguda-en-el-paleolitic\/\"]}]},{\"@type\":\"ImageObject\",\"inLanguage\":\"es\",\"@id\":\"https:\/\/elbullifoundation.com\/elbullistore\/ca\/cuina-menjar-i-beguda-en-el-paleolitic\/#primaryimage\",\"url\":\"https:\/\/elbullifoundation.com\/elbullistore\/wp-content\/uploads\/2020\/03\/Captura-de-pantalla-2020-03-12-a-las-16.29.53.png\",\"contentUrl\":\"https:\/\/elbullifoundation.com\/elbullistore\/wp-content\/uploads\/2020\/03\/Captura-de-pantalla-2020-03-12-a-las-16.29.53.png\",\"width\":490,\"height\":527},{\"@type\":\"BreadcrumbList\",\"@id\":\"https:\/\/elbullifoundation.com\/elbullistore\/ca\/cuina-menjar-i-beguda-en-el-paleolitic\/#breadcrumb\",\"itemListElement\":[{\"@type\":\"ListItem\",\"position\":1,\"name\":\"Portada\",\"item\":\"https:\/\/elbullifoundation.com\/elbullistore\/\"},{\"@type\":\"ListItem\",\"position\":2,\"name\":\"CUINA, MENJAR I BEGUDA EN EL PALEOL\u00cdTIC\"}]},{\"@type\":\"WebSite\",\"@id\":\"https:\/\/elbullifoundation.com\/elbullistore\/#website\",\"url\":\"https:\/\/elbullifoundation.com\/elbullistore\/\",\"name\":\"elBullistore\",\"description\":\"\",\"potentialAction\":[{\"@type\":\"SearchAction\",\"target\":{\"@type\":\"EntryPoint\",\"urlTemplate\":\"https:\/\/elbullifoundation.com\/elbullistore\/?s={search_term_string}\"},\"query-input\":{\"@type\":\"PropertyValueSpecification\",\"valueRequired\":true,\"valueName\":\"search_term_string\"}}],\"inLanguage\":\"es\"},{\"@type\":\"Person\",\"@id\":\"https:\/\/elbullifoundation.com\/elbullistore\/#\/schema\/person\/c640447c0fe37ad06d5ba717d15195db\",\"name\":\"rita\",\"image\":{\"@type\":\"ImageObject\",\"inLanguage\":\"es\",\"@id\":\"https:\/\/elbullifoundation.com\/elbullistore\/#\/schema\/person\/image\/\",\"url\":\"https:\/\/secure.gravatar.com\/avatar\/81d9b7df4889904fee0e6117fd68e611a24e5999d2ecb341e22d0b0825a45ebb?s=96&d=mm&r=g\",\"contentUrl\":\"https:\/\/secure.gravatar.com\/avatar\/81d9b7df4889904fee0e6117fd68e611a24e5999d2ecb341e22d0b0825a45ebb?s=96&d=mm&r=g\",\"caption\":\"rita\"},\"url\":\"https:\/\/elbullifoundation.com\/elbullistore\/author\/rita\/\"}]}<\/script>\n<!-- \/ Yoast SEO plugin. -->","yoast_head_json":{"title":"Cocina, comida y bebida en el Paleol\u00edtico - elBullistore - Bullipedia","description":"Este cap\u00edtulo est\u00e1 dividido en dos partes o subcap\u00edtulos: la cocina, la comida y la bebida antes y despu\u00e9s del control del fuego.","robots":{"index":"index","follow":"follow","max-snippet":"max-snippet:-1","max-image-preview":"max-image-preview:large","max-video-preview":"max-video-preview:-1"},"canonical":"https:\/\/elbullifoundation.com\/elbullistore\/ca\/cuina-menjar-i-beguda-en-el-paleolitic\/","og_locale":"es_ES","og_type":"article","og_title":"Cocina, comida y bebida en el Paleol\u00edtico - elBullistore - Bullipedia","og_description":"Este cap\u00edtulo est\u00e1 dividido en dos partes o subcap\u00edtulos: la cocina, la comida y la bebida antes y despu\u00e9s del control del fuego.","og_url":"https:\/\/elbullifoundation.com\/elbullistore\/ca\/cuina-menjar-i-beguda-en-el-paleolitic\/","og_site_name":"elBullistore","article_published_time":"2023-07-25T10:08:40+00:00","article_modified_time":"2023-07-25T10:09:45+00:00","og_image":[{"width":490,"height":527,"url":"https:\/\/elbullifoundation.com\/elbullistore\/wp-content\/uploads\/2020\/03\/Captura-de-pantalla-2020-03-12-a-las-16.29.53.png","type":"image\/png"}],"author":"rita","twitter_card":"summary_large_image","twitter_misc":{"Escrito por":"rita","Tiempo de lectura":"1 minuto"},"schema":{"@context":"https:\/\/schema.org","@graph":[{"@type":"Article","@id":"https:\/\/elbullifoundation.com\/elbullistore\/ca\/cuina-menjar-i-beguda-en-el-paleolitic\/#article","isPartOf":{"@id":"https:\/\/elbullifoundation.com\/elbullistore\/ca\/cuina-menjar-i-beguda-en-el-paleolitic\/"},"author":{"name":"rita","@id":"https:\/\/elbullifoundation.com\/elbullistore\/#\/schema\/person\/c640447c0fe37ad06d5ba717d15195db"},"headline":"CUINA, MENJAR I BEGUDA EN EL PALEOL\u00cdTIC","datePublished":"2023-07-25T10:08:40+00:00","dateModified":"2023-07-25T10:09:45+00:00","mainEntityOfPage":{"@id":"https:\/\/elbullifoundation.com\/elbullistore\/ca\/cuina-menjar-i-beguda-en-el-paleolitic\/"},"wordCount":215,"image":{"@id":"https:\/\/elbullifoundation.com\/elbullistore\/ca\/cuina-menjar-i-beguda-en-el-paleolitic\/#primaryimage"},"thumbnailUrl":"https:\/\/elbullifoundation.com\/elbullistore\/wp-content\/uploads\/2020\/03\/Captura-de-pantalla-2020-03-12-a-las-16.29.53.png","articleSection":["Uncategorized @ca"],"inLanguage":"es"},{"@type":"WebPage","@id":"https:\/\/elbullifoundation.com\/elbullistore\/ca\/cuina-menjar-i-beguda-en-el-paleolitic\/","url":"https:\/\/elbullifoundation.com\/elbullistore\/ca\/cuina-menjar-i-beguda-en-el-paleolitic\/","name":"Cocina, comida y bebida en el Paleol\u00edtico - elBullistore - Bullipedia","isPartOf":{"@id":"https:\/\/elbullifoundation.com\/elbullistore\/#website"},"primaryImageOfPage":{"@id":"https:\/\/elbullifoundation.com\/elbullistore\/ca\/cuina-menjar-i-beguda-en-el-paleolitic\/#primaryimage"},"image":{"@id":"https:\/\/elbullifoundation.com\/elbullistore\/ca\/cuina-menjar-i-beguda-en-el-paleolitic\/#primaryimage"},"thumbnailUrl":"https:\/\/elbullifoundation.com\/elbullistore\/wp-content\/uploads\/2020\/03\/Captura-de-pantalla-2020-03-12-a-las-16.29.53.png","datePublished":"2023-07-25T10:08:40+00:00","dateModified":"2023-07-25T10:09:45+00:00","author":{"@id":"https:\/\/elbullifoundation.com\/elbullistore\/#\/schema\/person\/c640447c0fe37ad06d5ba717d15195db"},"description":"Este cap\u00edtulo est\u00e1 dividido en dos partes o subcap\u00edtulos: la cocina, la comida y la bebida antes y despu\u00e9s del control del fuego.","breadcrumb":{"@id":"https:\/\/elbullifoundation.com\/elbullistore\/ca\/cuina-menjar-i-beguda-en-el-paleolitic\/#breadcrumb"},"inLanguage":"es","potentialAction":[{"@type":"ReadAction","target":["https:\/\/elbullifoundation.com\/elbullistore\/ca\/cuina-menjar-i-beguda-en-el-paleolitic\/"]}]},{"@type":"ImageObject","inLanguage":"es","@id":"https:\/\/elbullifoundation.com\/elbullistore\/ca\/cuina-menjar-i-beguda-en-el-paleolitic\/#primaryimage","url":"https:\/\/elbullifoundation.com\/elbullistore\/wp-content\/uploads\/2020\/03\/Captura-de-pantalla-2020-03-12-a-las-16.29.53.png","contentUrl":"https:\/\/elbullifoundation.com\/elbullistore\/wp-content\/uploads\/2020\/03\/Captura-de-pantalla-2020-03-12-a-las-16.29.53.png","width":490,"height":527},{"@type":"BreadcrumbList","@id":"https:\/\/elbullifoundation.com\/elbullistore\/ca\/cuina-menjar-i-beguda-en-el-paleolitic\/#breadcrumb","itemListElement":[{"@type":"ListItem","position":1,"name":"Portada","item":"https:\/\/elbullifoundation.com\/elbullistore\/"},{"@type":"ListItem","position":2,"name":"CUINA, MENJAR I BEGUDA EN EL PALEOL\u00cdTIC"}]},{"@type":"WebSite","@id":"https:\/\/elbullifoundation.com\/elbullistore\/#website","url":"https:\/\/elbullifoundation.com\/elbullistore\/","name":"elBullistore","description":"","potentialAction":[{"@type":"SearchAction","target":{"@type":"EntryPoint","urlTemplate":"https:\/\/elbullifoundation.com\/elbullistore\/?s={search_term_string}"},"query-input":{"@type":"PropertyValueSpecification","valueRequired":true,"valueName":"search_term_string"}}],"inLanguage":"es"},{"@type":"Person","@id":"https:\/\/elbullifoundation.com\/elbullistore\/#\/schema\/person\/c640447c0fe37ad06d5ba717d15195db","name":"rita","image":{"@type":"ImageObject","inLanguage":"es","@id":"https:\/\/elbullifoundation.com\/elbullistore\/#\/schema\/person\/image\/","url":"https:\/\/secure.gravatar.com\/avatar\/81d9b7df4889904fee0e6117fd68e611a24e5999d2ecb341e22d0b0825a45ebb?s=96&d=mm&r=g","contentUrl":"https:\/\/secure.gravatar.com\/avatar\/81d9b7df4889904fee0e6117fd68e611a24e5999d2ecb341e22d0b0825a45ebb?s=96&d=mm&r=g","caption":"rita"},"url":"https:\/\/elbullifoundation.com\/elbullistore\/author\/rita\/"}]}},"lang":"ca","translations":{"ca":16120,"es":7299,"en":8471},"pll_sync_post":[],"_links":{"self":[{"href":"https:\/\/elbullifoundation.com\/elbullistore\/wp-json\/wp\/v2\/posts\/16120","targetHints":{"allow":["GET"]}}],"collection":[{"href":"https:\/\/elbullifoundation.com\/elbullistore\/wp-json\/wp\/v2\/posts"}],"about":[{"href":"https:\/\/elbullifoundation.com\/elbullistore\/wp-json\/wp\/v2\/types\/post"}],"author":[{"embeddable":true,"href":"https:\/\/elbullifoundation.com\/elbullistore\/wp-json\/wp\/v2\/users\/4"}],"replies":[{"embeddable":true,"href":"https:\/\/elbullifoundation.com\/elbullistore\/wp-json\/wp\/v2\/comments?post=16120"}],"version-history":[{"count":0,"href":"https:\/\/elbullifoundation.com\/elbullistore\/wp-json\/wp\/v2\/posts\/16120\/revisions"}],"wp:featuredmedia":[{"embeddable":true,"href":"https:\/\/elbullifoundation.com\/elbullistore\/wp-json\/wp\/v2\/media\/7301"}],"wp:attachment":[{"href":"https:\/\/elbullifoundation.com\/elbullistore\/wp-json\/wp\/v2\/media?parent=16120"}],"wp:term":[{"taxonomy":"category","embeddable":true,"href":"https:\/\/elbullifoundation.com\/elbullistore\/wp-json\/wp\/v2\/categories?post=16120"},{"taxonomy":"post_tag","embeddable":true,"href":"https:\/\/elbullifoundation.com\/elbullistore\/wp-json\/wp\/v2\/tags?post=16120"}],"curies":[{"name":"wp","href":"https:\/\/api.w.org\/{rel}","templated":true}]}}