{"id":16124,"date":"2023-07-25T12:09:21","date_gmt":"2023-07-25T10:09:21","guid":{"rendered":"https:\/\/elbullifoundation.com\/elbullistore\/?p=16124"},"modified":"2023-07-25T12:13:44","modified_gmt":"2023-07-25T10:13:44","slug":"neolitic-claus-historiques-mes-rellevants","status":"publish","type":"post","link":"https:\/\/elbullifoundation.com\/elbullistore\/ca\/neolitic-claus-historiques-mes-rellevants\/","title":{"rendered":"NEOL\u00cdTIC: CLAUS HIST\u00d2RIQUES M\u00c9S RELLEVANTS"},"content":{"rendered":"\n<p>Els \u00faltims ca\u00e7adors-recol\u00b7lectors n\u00f2mades van anar modificant els seus costums fins que, en un moment donat, van il\u00b7luminar una manera de vida completament diferent: el sedentarisme i la producci\u00f3 d&#8217;aliments mitjan\u00e7ant l&#8217;agricultura i la ramaderia. Va donar principi el Neol\u00edtic.<\/p>\n\n\n\n<p>Tal com vam fer amb el Paleol\u00edtic, ens endinsarem primer en els detalls hist\u00f2rics m\u00e9s destacats per a con\u00e8ixer b\u00e9 el context. Aqu\u00ed repetirem la mateixa estructura. Despr\u00e9s d&#8217;un rep\u00e0s als trets generals del per\u00edode, descriurem les grans fites seguint id\u00e8ntics apartats: naturalesa, cos, ment, esperit, personalitat i activitats. En aquestes p\u00e0gines aprendrem, entre altres coses, com eren els primers poblats sedentaris, quines caracter\u00edstiques tenien els primers m\u00e8todes agr\u00edcoles o quins animals van ser domesticats per primera vegada, posant l&#8217;accent principalment en el Neol\u00edtic del Pr\u00f2xim Orient, el que primer va apar\u00e8ixer i del qual derivar\u00e0 el posterior Neol\u00edtic europeu.<\/p>\n","protected":false},"excerpt":{"rendered":"<p>Els \u00faltims ca\u00e7adors-recol\u00b7lectors n\u00f2mades van anar modificant els seus costums fins que, en un moment donat, van il\u00b7luminar una manera de vida completament diferent: el sedentarisme i la producci\u00f3 d&#8217;aliments mitjan\u00e7ant l&#8217;agricultura i la ramaderia. Va donar principi el Neol\u00edtic. Tal com vam fer amb el Paleol\u00edtic, ens endinsarem primer en els detalls hist\u00f2rics m\u00e9s [&hellip;]<\/p>\n","protected":false},"author":4,"featured_media":7309,"comment_status":"closed","ping_status":"open","sticky":false,"template":"","format":"standard","meta":{"_acf_changed":false,"footnotes":""},"categories":[57],"tags":[],"class_list":["post-16124","post","type-post","status-publish","format-standard","has-post-thumbnail","hentry","category-uncategorized-ca"],"acf":[],"yoast_head":"<!-- This site is optimized with the Yoast SEO plugin v26.9 - https:\/\/yoast.com\/product\/yoast-seo-wordpress\/ -->\n<title>Neol\u00edtico: claves hist\u00f3ricas m\u00e1s relevantes - elBullistore - Bullipedia<\/title>\n<meta name=\"description\" content=\"El comienzo del Neol\u00edtico se dio con el sedentarismo y la producci\u00f3n de alimentos mediante la agricultura y la ganader\u00eda.\" \/>\n<meta name=\"robots\" content=\"index, follow, max-snippet:-1, max-image-preview:large, max-video-preview:-1\" \/>\n<link rel=\"canonical\" href=\"https:\/\/elbullifoundation.com\/elbullistore\/ca\/neolitic-claus-historiques-mes-rellevants\/\" \/>\n<meta property=\"og:locale\" content=\"es_ES\" \/>\n<meta property=\"og:type\" content=\"article\" \/>\n<meta property=\"og:title\" content=\"Neol\u00edtico: claves hist\u00f3ricas m\u00e1s relevantes - elBullistore - Bullipedia\" \/>\n<meta property=\"og:description\" content=\"El comienzo del Neol\u00edtico se dio con el sedentarismo y la producci\u00f3n de alimentos mediante la agricultura y la ganader\u00eda.\" \/>\n<meta property=\"og:url\" content=\"https:\/\/elbullifoundation.com\/elbullistore\/ca\/neolitic-claus-historiques-mes-rellevants\/\" \/>\n<meta property=\"og:site_name\" content=\"elBullistore\" \/>\n<meta property=\"article:published_time\" content=\"2023-07-25T10:09:21+00:00\" \/>\n<meta property=\"article:modified_time\" content=\"2023-07-25T10:13:44+00:00\" \/>\n<meta property=\"og:image\" content=\"https:\/\/elbullifoundation.com\/elbullistore\/wp-content\/uploads\/2020\/03\/Captura-de-pantalla-2020-03-12-a-las-16.29.58.png\" \/>\n\t<meta property=\"og:image:width\" content=\"494\" \/>\n\t<meta property=\"og:image:height\" content=\"524\" \/>\n\t<meta property=\"og:image:type\" content=\"image\/png\" \/>\n<meta name=\"author\" content=\"rita\" \/>\n<meta name=\"twitter:card\" content=\"summary_large_image\" \/>\n<meta name=\"twitter:label1\" content=\"Escrito por\" \/>\n\t<meta name=\"twitter:data1\" content=\"rita\" \/>\n\t<meta name=\"twitter:label2\" content=\"Tiempo de lectura\" \/>\n\t<meta name=\"twitter:data2\" content=\"1 minuto\" \/>\n<script type=\"application\/ld+json\" class=\"yoast-schema-graph\">{\"@context\":\"https:\/\/schema.org\",\"@graph\":[{\"@type\":\"Article\",\"@id\":\"https:\/\/elbullifoundation.com\/elbullistore\/ca\/neolitic-claus-historiques-mes-rellevants\/#article\",\"isPartOf\":{\"@id\":\"https:\/\/elbullifoundation.com\/elbullistore\/ca\/neolitic-claus-historiques-mes-rellevants\/\"},\"author\":{\"name\":\"rita\",\"@id\":\"https:\/\/elbullifoundation.com\/elbullistore\/#\/schema\/person\/c640447c0fe37ad06d5ba717d15195db\"},\"headline\":\"NEOL\u00cdTIC: CLAUS HIST\u00d2RIQUES M\u00c9S RELLEVANTS\",\"datePublished\":\"2023-07-25T10:09:21+00:00\",\"dateModified\":\"2023-07-25T10:13:44+00:00\",\"mainEntityOfPage\":{\"@id\":\"https:\/\/elbullifoundation.com\/elbullistore\/ca\/neolitic-claus-historiques-mes-rellevants\/\"},\"wordCount\":174,\"image\":{\"@id\":\"https:\/\/elbullifoundation.com\/elbullistore\/ca\/neolitic-claus-historiques-mes-rellevants\/#primaryimage\"},\"thumbnailUrl\":\"https:\/\/elbullifoundation.com\/elbullistore\/wp-content\/uploads\/2020\/03\/Captura-de-pantalla-2020-03-12-a-las-16.29.58.png\",\"articleSection\":[\"Uncategorized @ca\"],\"inLanguage\":\"es\"},{\"@type\":\"WebPage\",\"@id\":\"https:\/\/elbullifoundation.com\/elbullistore\/ca\/neolitic-claus-historiques-mes-rellevants\/\",\"url\":\"https:\/\/elbullifoundation.com\/elbullistore\/ca\/neolitic-claus-historiques-mes-rellevants\/\",\"name\":\"Neol\u00edtico: claves hist\u00f3ricas m\u00e1s relevantes - elBullistore - Bullipedia\",\"isPartOf\":{\"@id\":\"https:\/\/elbullifoundation.com\/elbullistore\/#website\"},\"primaryImageOfPage\":{\"@id\":\"https:\/\/elbullifoundation.com\/elbullistore\/ca\/neolitic-claus-historiques-mes-rellevants\/#primaryimage\"},\"image\":{\"@id\":\"https:\/\/elbullifoundation.com\/elbullistore\/ca\/neolitic-claus-historiques-mes-rellevants\/#primaryimage\"},\"thumbnailUrl\":\"https:\/\/elbullifoundation.com\/elbullistore\/wp-content\/uploads\/2020\/03\/Captura-de-pantalla-2020-03-12-a-las-16.29.58.png\",\"datePublished\":\"2023-07-25T10:09:21+00:00\",\"dateModified\":\"2023-07-25T10:13:44+00:00\",\"author\":{\"@id\":\"https:\/\/elbullifoundation.com\/elbullistore\/#\/schema\/person\/c640447c0fe37ad06d5ba717d15195db\"},\"description\":\"El comienzo del Neol\u00edtico se dio con el sedentarismo y la producci\u00f3n de alimentos mediante la agricultura y la ganader\u00eda.\",\"breadcrumb\":{\"@id\":\"https:\/\/elbullifoundation.com\/elbullistore\/ca\/neolitic-claus-historiques-mes-rellevants\/#breadcrumb\"},\"inLanguage\":\"es\",\"potentialAction\":[{\"@type\":\"ReadAction\",\"target\":[\"https:\/\/elbullifoundation.com\/elbullistore\/ca\/neolitic-claus-historiques-mes-rellevants\/\"]}]},{\"@type\":\"ImageObject\",\"inLanguage\":\"es\",\"@id\":\"https:\/\/elbullifoundation.com\/elbullistore\/ca\/neolitic-claus-historiques-mes-rellevants\/#primaryimage\",\"url\":\"https:\/\/elbullifoundation.com\/elbullistore\/wp-content\/uploads\/2020\/03\/Captura-de-pantalla-2020-03-12-a-las-16.29.58.png\",\"contentUrl\":\"https:\/\/elbullifoundation.com\/elbullistore\/wp-content\/uploads\/2020\/03\/Captura-de-pantalla-2020-03-12-a-las-16.29.58.png\",\"width\":494,\"height\":524},{\"@type\":\"BreadcrumbList\",\"@id\":\"https:\/\/elbullifoundation.com\/elbullistore\/ca\/neolitic-claus-historiques-mes-rellevants\/#breadcrumb\",\"itemListElement\":[{\"@type\":\"ListItem\",\"position\":1,\"name\":\"Portada\",\"item\":\"https:\/\/elbullifoundation.com\/elbullistore\/\"},{\"@type\":\"ListItem\",\"position\":2,\"name\":\"NEOL\u00cdTIC: CLAUS HIST\u00d2RIQUES M\u00c9S RELLEVANTS\"}]},{\"@type\":\"WebSite\",\"@id\":\"https:\/\/elbullifoundation.com\/elbullistore\/#website\",\"url\":\"https:\/\/elbullifoundation.com\/elbullistore\/\",\"name\":\"elBullistore\",\"description\":\"\",\"potentialAction\":[{\"@type\":\"SearchAction\",\"target\":{\"@type\":\"EntryPoint\",\"urlTemplate\":\"https:\/\/elbullifoundation.com\/elbullistore\/?s={search_term_string}\"},\"query-input\":{\"@type\":\"PropertyValueSpecification\",\"valueRequired\":true,\"valueName\":\"search_term_string\"}}],\"inLanguage\":\"es\"},{\"@type\":\"Person\",\"@id\":\"https:\/\/elbullifoundation.com\/elbullistore\/#\/schema\/person\/c640447c0fe37ad06d5ba717d15195db\",\"name\":\"rita\",\"image\":{\"@type\":\"ImageObject\",\"inLanguage\":\"es\",\"@id\":\"https:\/\/elbullifoundation.com\/elbullistore\/#\/schema\/person\/image\/\",\"url\":\"https:\/\/secure.gravatar.com\/avatar\/81d9b7df4889904fee0e6117fd68e611a24e5999d2ecb341e22d0b0825a45ebb?s=96&d=mm&r=g\",\"contentUrl\":\"https:\/\/secure.gravatar.com\/avatar\/81d9b7df4889904fee0e6117fd68e611a24e5999d2ecb341e22d0b0825a45ebb?s=96&d=mm&r=g\",\"caption\":\"rita\"},\"url\":\"https:\/\/elbullifoundation.com\/elbullistore\/author\/rita\/\"}]}<\/script>\n<!-- \/ Yoast SEO plugin. -->","yoast_head_json":{"title":"Neol\u00edtico: claves hist\u00f3ricas m\u00e1s relevantes - elBullistore - Bullipedia","description":"El comienzo del Neol\u00edtico se dio con el sedentarismo y la producci\u00f3n de alimentos mediante la agricultura y la ganader\u00eda.","robots":{"index":"index","follow":"follow","max-snippet":"max-snippet:-1","max-image-preview":"max-image-preview:large","max-video-preview":"max-video-preview:-1"},"canonical":"https:\/\/elbullifoundation.com\/elbullistore\/ca\/neolitic-claus-historiques-mes-rellevants\/","og_locale":"es_ES","og_type":"article","og_title":"Neol\u00edtico: claves hist\u00f3ricas m\u00e1s relevantes - elBullistore - Bullipedia","og_description":"El comienzo del Neol\u00edtico se dio con el sedentarismo y la producci\u00f3n de alimentos mediante la agricultura y la ganader\u00eda.","og_url":"https:\/\/elbullifoundation.com\/elbullistore\/ca\/neolitic-claus-historiques-mes-rellevants\/","og_site_name":"elBullistore","article_published_time":"2023-07-25T10:09:21+00:00","article_modified_time":"2023-07-25T10:13:44+00:00","og_image":[{"width":494,"height":524,"url":"https:\/\/elbullifoundation.com\/elbullistore\/wp-content\/uploads\/2020\/03\/Captura-de-pantalla-2020-03-12-a-las-16.29.58.png","type":"image\/png"}],"author":"rita","twitter_card":"summary_large_image","twitter_misc":{"Escrito por":"rita","Tiempo de lectura":"1 minuto"},"schema":{"@context":"https:\/\/schema.org","@graph":[{"@type":"Article","@id":"https:\/\/elbullifoundation.com\/elbullistore\/ca\/neolitic-claus-historiques-mes-rellevants\/#article","isPartOf":{"@id":"https:\/\/elbullifoundation.com\/elbullistore\/ca\/neolitic-claus-historiques-mes-rellevants\/"},"author":{"name":"rita","@id":"https:\/\/elbullifoundation.com\/elbullistore\/#\/schema\/person\/c640447c0fe37ad06d5ba717d15195db"},"headline":"NEOL\u00cdTIC: CLAUS HIST\u00d2RIQUES M\u00c9S RELLEVANTS","datePublished":"2023-07-25T10:09:21+00:00","dateModified":"2023-07-25T10:13:44+00:00","mainEntityOfPage":{"@id":"https:\/\/elbullifoundation.com\/elbullistore\/ca\/neolitic-claus-historiques-mes-rellevants\/"},"wordCount":174,"image":{"@id":"https:\/\/elbullifoundation.com\/elbullistore\/ca\/neolitic-claus-historiques-mes-rellevants\/#primaryimage"},"thumbnailUrl":"https:\/\/elbullifoundation.com\/elbullistore\/wp-content\/uploads\/2020\/03\/Captura-de-pantalla-2020-03-12-a-las-16.29.58.png","articleSection":["Uncategorized @ca"],"inLanguage":"es"},{"@type":"WebPage","@id":"https:\/\/elbullifoundation.com\/elbullistore\/ca\/neolitic-claus-historiques-mes-rellevants\/","url":"https:\/\/elbullifoundation.com\/elbullistore\/ca\/neolitic-claus-historiques-mes-rellevants\/","name":"Neol\u00edtico: claves hist\u00f3ricas m\u00e1s relevantes - elBullistore - Bullipedia","isPartOf":{"@id":"https:\/\/elbullifoundation.com\/elbullistore\/#website"},"primaryImageOfPage":{"@id":"https:\/\/elbullifoundation.com\/elbullistore\/ca\/neolitic-claus-historiques-mes-rellevants\/#primaryimage"},"image":{"@id":"https:\/\/elbullifoundation.com\/elbullistore\/ca\/neolitic-claus-historiques-mes-rellevants\/#primaryimage"},"thumbnailUrl":"https:\/\/elbullifoundation.com\/elbullistore\/wp-content\/uploads\/2020\/03\/Captura-de-pantalla-2020-03-12-a-las-16.29.58.png","datePublished":"2023-07-25T10:09:21+00:00","dateModified":"2023-07-25T10:13:44+00:00","author":{"@id":"https:\/\/elbullifoundation.com\/elbullistore\/#\/schema\/person\/c640447c0fe37ad06d5ba717d15195db"},"description":"El comienzo del Neol\u00edtico se dio con el sedentarismo y la producci\u00f3n de alimentos mediante la agricultura y la ganader\u00eda.","breadcrumb":{"@id":"https:\/\/elbullifoundation.com\/elbullistore\/ca\/neolitic-claus-historiques-mes-rellevants\/#breadcrumb"},"inLanguage":"es","potentialAction":[{"@type":"ReadAction","target":["https:\/\/elbullifoundation.com\/elbullistore\/ca\/neolitic-claus-historiques-mes-rellevants\/"]}]},{"@type":"ImageObject","inLanguage":"es","@id":"https:\/\/elbullifoundation.com\/elbullistore\/ca\/neolitic-claus-historiques-mes-rellevants\/#primaryimage","url":"https:\/\/elbullifoundation.com\/elbullistore\/wp-content\/uploads\/2020\/03\/Captura-de-pantalla-2020-03-12-a-las-16.29.58.png","contentUrl":"https:\/\/elbullifoundation.com\/elbullistore\/wp-content\/uploads\/2020\/03\/Captura-de-pantalla-2020-03-12-a-las-16.29.58.png","width":494,"height":524},{"@type":"BreadcrumbList","@id":"https:\/\/elbullifoundation.com\/elbullistore\/ca\/neolitic-claus-historiques-mes-rellevants\/#breadcrumb","itemListElement":[{"@type":"ListItem","position":1,"name":"Portada","item":"https:\/\/elbullifoundation.com\/elbullistore\/"},{"@type":"ListItem","position":2,"name":"NEOL\u00cdTIC: CLAUS HIST\u00d2RIQUES M\u00c9S RELLEVANTS"}]},{"@type":"WebSite","@id":"https:\/\/elbullifoundation.com\/elbullistore\/#website","url":"https:\/\/elbullifoundation.com\/elbullistore\/","name":"elBullistore","description":"","potentialAction":[{"@type":"SearchAction","target":{"@type":"EntryPoint","urlTemplate":"https:\/\/elbullifoundation.com\/elbullistore\/?s={search_term_string}"},"query-input":{"@type":"PropertyValueSpecification","valueRequired":true,"valueName":"search_term_string"}}],"inLanguage":"es"},{"@type":"Person","@id":"https:\/\/elbullifoundation.com\/elbullistore\/#\/schema\/person\/c640447c0fe37ad06d5ba717d15195db","name":"rita","image":{"@type":"ImageObject","inLanguage":"es","@id":"https:\/\/elbullifoundation.com\/elbullistore\/#\/schema\/person\/image\/","url":"https:\/\/secure.gravatar.com\/avatar\/81d9b7df4889904fee0e6117fd68e611a24e5999d2ecb341e22d0b0825a45ebb?s=96&d=mm&r=g","contentUrl":"https:\/\/secure.gravatar.com\/avatar\/81d9b7df4889904fee0e6117fd68e611a24e5999d2ecb341e22d0b0825a45ebb?s=96&d=mm&r=g","caption":"rita"},"url":"https:\/\/elbullifoundation.com\/elbullistore\/author\/rita\/"}]}},"lang":"ca","translations":{"ca":16124,"es":7307,"en":8474},"pll_sync_post":[],"_links":{"self":[{"href":"https:\/\/elbullifoundation.com\/elbullistore\/wp-json\/wp\/v2\/posts\/16124","targetHints":{"allow":["GET"]}}],"collection":[{"href":"https:\/\/elbullifoundation.com\/elbullistore\/wp-json\/wp\/v2\/posts"}],"about":[{"href":"https:\/\/elbullifoundation.com\/elbullistore\/wp-json\/wp\/v2\/types\/post"}],"author":[{"embeddable":true,"href":"https:\/\/elbullifoundation.com\/elbullistore\/wp-json\/wp\/v2\/users\/4"}],"replies":[{"embeddable":true,"href":"https:\/\/elbullifoundation.com\/elbullistore\/wp-json\/wp\/v2\/comments?post=16124"}],"version-history":[{"count":0,"href":"https:\/\/elbullifoundation.com\/elbullistore\/wp-json\/wp\/v2\/posts\/16124\/revisions"}],"wp:featuredmedia":[{"embeddable":true,"href":"https:\/\/elbullifoundation.com\/elbullistore\/wp-json\/wp\/v2\/media\/7309"}],"wp:attachment":[{"href":"https:\/\/elbullifoundation.com\/elbullistore\/wp-json\/wp\/v2\/media?parent=16124"}],"wp:term":[{"taxonomy":"category","embeddable":true,"href":"https:\/\/elbullifoundation.com\/elbullistore\/wp-json\/wp\/v2\/categories?post=16124"},{"taxonomy":"post_tag","embeddable":true,"href":"https:\/\/elbullifoundation.com\/elbullistore\/wp-json\/wp\/v2\/tags?post=16124"}],"curies":[{"name":"wp","href":"https:\/\/api.w.org\/{rel}","templated":true}]}}