{"id":16141,"date":"2023-07-25T12:25:16","date_gmt":"2023-07-25T10:25:16","guid":{"rendered":"https:\/\/elbullifoundation.com\/elbullistore\/?p=16141"},"modified":"2023-07-25T12:53:20","modified_gmt":"2023-07-25T10:53:20","slug":"la-genesi-de-la-cuina","status":"publish","type":"post","link":"https:\/\/elbullifoundation.com\/elbullistore\/ca\/la-genesi-de-la-cuina\/","title":{"rendered":"LA G\u00c8NESI DE LA CUINA"},"content":{"rendered":"<h3>Cuinar \u00e9s millorar la naturalesa?<\/h3>\n<p>La naturalesa no \u00e9s millor ni pitjor en si mateixa, la qual cosa fa l&#8217;\u00e9sser hum\u00e0 en cuinar \u00e9s millorar per a ell all\u00f2 que presa de la naturalesa, transformant els productes per a fer-los comestibles o m\u00e9s digeribles.<\/p>\n<h3>Sense que l&#8217;\u00e9sser hum\u00e0 intervingui, la naturalesa cuina<\/h3>\n<p>Per si mateixa, la naturalesa \u00abelabora\u00bb, \u00e9s a dir, cuina, perqu\u00e8 en ella es donen processos que transformen la mat\u00e8ria dels seus productes (madurant-los, assecant-los, fermentant-los, etc.).<\/p>\n<h3>Els animals no cuinen: cuinar \u00e9s una cosa que caracteritza a l&#8217;\u00e9sser hum\u00e0<\/h3>\n<p>L&#8217;\u00e9sser hum\u00e0 va superar l&#8217;instint que guia a l&#8217;animal quan busca aliment amb l&#8217;objectiu \u00fanic de sobreviure. Aix\u00ed, cuinar va passar a ser una activitat pr\u00f2pia que no comparteix amb cap altra esp\u00e8cie.<\/p>\n<h3>Sense actitud i voluntat, no hi ha punt de partida de la cuina<\/h3>\n<p>L&#8217;\u00e9sser hum\u00e0 parteix d&#8217;una actitud i una voluntat que suposen una consci\u00e8ncia impl\u00edcita d&#8217;estar transformant productes amb l&#8217;objectiu de millorar-los.<\/p>\n<h3>El primer motiu de cuinar \u00e9s fer comestibles els productes, per\u00f2 hi ha alguna altra explicaci\u00f3 de per qu\u00e8 cuinem?<\/h3>\n<p>Com a \u00e9ssers humans, cuinem amb una actitud i voluntat i ho fem, essencialment, perqu\u00e8 podem, a difer\u00e8ncia dels animals. Aquesta acci\u00f3 ha facilitat la nostra alimentaci\u00f3 des del Paleol\u00edtic, per\u00f2, despr\u00e9s, ha evolucionat de milers de formes diferents, amb m\u00faltiples significats i motivacions.<\/p>\n<h3>Com s&#8217;explica qu\u00e8 \u00e9s cuinar?<\/h3>\n<p>Cuinar \u00e9s una acci\u00f3 que aglutina diferents aspectes, que varien en funci\u00f3 de les prioritats i decisions del cuiner, aix\u00ed com del context en el qual cuina. El \u00abcom\u00bb es cuina ens proporciona valuosa informaci\u00f3 per a explicar qu\u00e8 \u00e9s cuinar en funci\u00f3 de quan, qui, on, per qu\u00e8 i per a qu\u00e8 es duu a terme aquesta acci\u00f3. Nom\u00e9s si coneixem el proc\u00e9s culinari podrem analitzar qu\u00e8 es cuina i entendre que aquesta acci\u00f3 genera diferents conseq\u00fc\u00e8ncies i interpretacions.<\/p>\n<h3>L&#8217;\u00e9sser hum\u00e0 cuina per a alimentar-se, la gran difer\u00e8ncia \u00e9s que tamb\u00e9 ho fa per a gaudir, guiat per l&#8217;hedonisme<\/h3>\n<p>A m\u00e9s de per a nodrir el seu cos i alimentar-se, l&#8217;\u00e9sser hum\u00e0 ha sabut emprar productes, t\u00e8cniques i eines que van m\u00e9s enll\u00e0 de la mera superviv\u00e8ncia i fan de la cuina un vehicle per a l&#8217;hedonisme, per a gaudir amb la degustaci\u00f3. Les difer\u00e8ncies entre aquests dos prop\u00f2sits de la cuina es tracten a fons en aquest cap\u00edtol.<\/p>\n","protected":false},"excerpt":{"rendered":"<p>Cuinar \u00e9s millorar la naturalesa? La naturalesa no \u00e9s millor ni pitjor en si mateixa, la qual cosa fa l&#8217;\u00e9sser hum\u00e0 en cuinar \u00e9s millorar per a ell all\u00f2 que presa de la naturalesa, transformant els productes per a fer-los comestibles o m\u00e9s digeribles. Sense que l&#8217;\u00e9sser hum\u00e0 intervingui, la naturalesa cuina Per si mateixa, [&hellip;]<\/p>\n","protected":false},"author":4,"featured_media":7348,"comment_status":"closed","ping_status":"open","sticky":false,"template":"","format":"standard","meta":{"_acf_changed":false,"footnotes":""},"categories":[57],"tags":[],"class_list":["post-16141","post","type-post","status-publish","format-standard","has-post-thumbnail","hentry","category-uncategorized-ca"],"acf":[],"yoast_head":"<!-- This site is optimized with the Yoast SEO plugin v26.9 - https:\/\/yoast.com\/product\/yoast-seo-wordpress\/ -->\n<title>La g\u00e9nesis de la cocina - elBullistore - Bullipedia<\/title>\n<meta name=\"description\" content=\"\u00bfCocinar es mejorar la naturaleza? Lo que hace el ser humano al cocinar es mejorar para \u00e9l aquello que toma de la naturaleza.\" \/>\n<meta name=\"robots\" content=\"index, follow, max-snippet:-1, max-image-preview:large, max-video-preview:-1\" \/>\n<link rel=\"canonical\" href=\"https:\/\/elbullifoundation.com\/elbullistore\/ca\/la-genesi-de-la-cuina\/\" \/>\n<meta property=\"og:locale\" content=\"es_ES\" \/>\n<meta property=\"og:type\" content=\"article\" \/>\n<meta property=\"og:title\" content=\"La g\u00e9nesis de la cocina - elBullistore - Bullipedia\" \/>\n<meta property=\"og:description\" content=\"\u00bfCocinar es mejorar la naturaleza? Lo que hace el ser humano al cocinar es mejorar para \u00e9l aquello que toma de la naturaleza.\" \/>\n<meta property=\"og:url\" content=\"https:\/\/elbullifoundation.com\/elbullistore\/ca\/la-genesi-de-la-cuina\/\" \/>\n<meta property=\"og:site_name\" content=\"elBullistore\" \/>\n<meta property=\"article:published_time\" content=\"2023-07-25T10:25:16+00:00\" \/>\n<meta property=\"article:modified_time\" content=\"2023-07-25T10:53:20+00:00\" \/>\n<meta property=\"og:image\" content=\"https:\/\/elbullifoundation.com\/elbullistore\/wp-content\/uploads\/2020\/03\/Captura-de-pantalla-2020-03-12-a-las-16.53.31.png\" \/>\n\t<meta property=\"og:image:width\" content=\"372\" \/>\n\t<meta property=\"og:image:height\" content=\"418\" \/>\n\t<meta property=\"og:image:type\" content=\"image\/png\" \/>\n<meta name=\"author\" content=\"rita\" \/>\n<meta name=\"twitter:card\" content=\"summary_large_image\" \/>\n<meta name=\"twitter:label1\" content=\"Escrito por\" \/>\n\t<meta name=\"twitter:data1\" content=\"rita\" \/>\n\t<meta name=\"twitter:label2\" content=\"Tiempo de lectura\" \/>\n\t<meta name=\"twitter:data2\" content=\"2 minutos\" \/>\n<script type=\"application\/ld+json\" class=\"yoast-schema-graph\">{\"@context\":\"https:\/\/schema.org\",\"@graph\":[{\"@type\":\"Article\",\"@id\":\"https:\/\/elbullifoundation.com\/elbullistore\/ca\/la-genesi-de-la-cuina\/#article\",\"isPartOf\":{\"@id\":\"https:\/\/elbullifoundation.com\/elbullistore\/ca\/la-genesi-de-la-cuina\/\"},\"author\":{\"name\":\"rita\",\"@id\":\"https:\/\/elbullifoundation.com\/elbullistore\/#\/schema\/person\/c640447c0fe37ad06d5ba717d15195db\"},\"headline\":\"LA G\u00c8NESI DE LA CUINA\",\"datePublished\":\"2023-07-25T10:25:16+00:00\",\"dateModified\":\"2023-07-25T10:53:20+00:00\",\"mainEntityOfPage\":{\"@id\":\"https:\/\/elbullifoundation.com\/elbullistore\/ca\/la-genesi-de-la-cuina\/\"},\"wordCount\":430,\"image\":{\"@id\":\"https:\/\/elbullifoundation.com\/elbullistore\/ca\/la-genesi-de-la-cuina\/#primaryimage\"},\"thumbnailUrl\":\"https:\/\/elbullifoundation.com\/elbullistore\/wp-content\/uploads\/2020\/03\/Captura-de-pantalla-2020-03-12-a-las-16.53.31.png\",\"articleSection\":[\"Uncategorized @ca\"],\"inLanguage\":\"es\"},{\"@type\":\"WebPage\",\"@id\":\"https:\/\/elbullifoundation.com\/elbullistore\/ca\/la-genesi-de-la-cuina\/\",\"url\":\"https:\/\/elbullifoundation.com\/elbullistore\/ca\/la-genesi-de-la-cuina\/\",\"name\":\"La g\u00e9nesis de la cocina - elBullistore - Bullipedia\",\"isPartOf\":{\"@id\":\"https:\/\/elbullifoundation.com\/elbullistore\/#website\"},\"primaryImageOfPage\":{\"@id\":\"https:\/\/elbullifoundation.com\/elbullistore\/ca\/la-genesi-de-la-cuina\/#primaryimage\"},\"image\":{\"@id\":\"https:\/\/elbullifoundation.com\/elbullistore\/ca\/la-genesi-de-la-cuina\/#primaryimage\"},\"thumbnailUrl\":\"https:\/\/elbullifoundation.com\/elbullistore\/wp-content\/uploads\/2020\/03\/Captura-de-pantalla-2020-03-12-a-las-16.53.31.png\",\"datePublished\":\"2023-07-25T10:25:16+00:00\",\"dateModified\":\"2023-07-25T10:53:20+00:00\",\"author\":{\"@id\":\"https:\/\/elbullifoundation.com\/elbullistore\/#\/schema\/person\/c640447c0fe37ad06d5ba717d15195db\"},\"description\":\"\u00bfCocinar es mejorar la naturaleza? Lo que hace el ser humano al cocinar es mejorar para \u00e9l aquello que toma de la naturaleza.\",\"breadcrumb\":{\"@id\":\"https:\/\/elbullifoundation.com\/elbullistore\/ca\/la-genesi-de-la-cuina\/#breadcrumb\"},\"inLanguage\":\"es\",\"potentialAction\":[{\"@type\":\"ReadAction\",\"target\":[\"https:\/\/elbullifoundation.com\/elbullistore\/ca\/la-genesi-de-la-cuina\/\"]}]},{\"@type\":\"ImageObject\",\"inLanguage\":\"es\",\"@id\":\"https:\/\/elbullifoundation.com\/elbullistore\/ca\/la-genesi-de-la-cuina\/#primaryimage\",\"url\":\"https:\/\/elbullifoundation.com\/elbullistore\/wp-content\/uploads\/2020\/03\/Captura-de-pantalla-2020-03-12-a-las-16.53.31.png\",\"contentUrl\":\"https:\/\/elbullifoundation.com\/elbullistore\/wp-content\/uploads\/2020\/03\/Captura-de-pantalla-2020-03-12-a-las-16.53.31.png\",\"width\":372,\"height\":418,\"caption\":\"La g\u00e9nesis de la cocina\"},{\"@type\":\"BreadcrumbList\",\"@id\":\"https:\/\/elbullifoundation.com\/elbullistore\/ca\/la-genesi-de-la-cuina\/#breadcrumb\",\"itemListElement\":[{\"@type\":\"ListItem\",\"position\":1,\"name\":\"Portada\",\"item\":\"https:\/\/elbullifoundation.com\/elbullistore\/\"},{\"@type\":\"ListItem\",\"position\":2,\"name\":\"LA G\u00c8NESI DE LA CUINA\"}]},{\"@type\":\"WebSite\",\"@id\":\"https:\/\/elbullifoundation.com\/elbullistore\/#website\",\"url\":\"https:\/\/elbullifoundation.com\/elbullistore\/\",\"name\":\"elBullistore\",\"description\":\"\",\"potentialAction\":[{\"@type\":\"SearchAction\",\"target\":{\"@type\":\"EntryPoint\",\"urlTemplate\":\"https:\/\/elbullifoundation.com\/elbullistore\/?s={search_term_string}\"},\"query-input\":{\"@type\":\"PropertyValueSpecification\",\"valueRequired\":true,\"valueName\":\"search_term_string\"}}],\"inLanguage\":\"es\"},{\"@type\":\"Person\",\"@id\":\"https:\/\/elbullifoundation.com\/elbullistore\/#\/schema\/person\/c640447c0fe37ad06d5ba717d15195db\",\"name\":\"rita\",\"image\":{\"@type\":\"ImageObject\",\"inLanguage\":\"es\",\"@id\":\"https:\/\/elbullifoundation.com\/elbullistore\/#\/schema\/person\/image\/\",\"url\":\"https:\/\/secure.gravatar.com\/avatar\/81d9b7df4889904fee0e6117fd68e611a24e5999d2ecb341e22d0b0825a45ebb?s=96&d=mm&r=g\",\"contentUrl\":\"https:\/\/secure.gravatar.com\/avatar\/81d9b7df4889904fee0e6117fd68e611a24e5999d2ecb341e22d0b0825a45ebb?s=96&d=mm&r=g\",\"caption\":\"rita\"},\"url\":\"https:\/\/elbullifoundation.com\/elbullistore\/author\/rita\/\"}]}<\/script>\n<!-- \/ Yoast SEO plugin. -->","yoast_head_json":{"title":"La g\u00e9nesis de la cocina - elBullistore - Bullipedia","description":"\u00bfCocinar es mejorar la naturaleza? Lo que hace el ser humano al cocinar es mejorar para \u00e9l aquello que toma de la naturaleza.","robots":{"index":"index","follow":"follow","max-snippet":"max-snippet:-1","max-image-preview":"max-image-preview:large","max-video-preview":"max-video-preview:-1"},"canonical":"https:\/\/elbullifoundation.com\/elbullistore\/ca\/la-genesi-de-la-cuina\/","og_locale":"es_ES","og_type":"article","og_title":"La g\u00e9nesis de la cocina - elBullistore - Bullipedia","og_description":"\u00bfCocinar es mejorar la naturaleza? Lo que hace el ser humano al cocinar es mejorar para \u00e9l aquello que toma de la naturaleza.","og_url":"https:\/\/elbullifoundation.com\/elbullistore\/ca\/la-genesi-de-la-cuina\/","og_site_name":"elBullistore","article_published_time":"2023-07-25T10:25:16+00:00","article_modified_time":"2023-07-25T10:53:20+00:00","og_image":[{"width":372,"height":418,"url":"https:\/\/elbullifoundation.com\/elbullistore\/wp-content\/uploads\/2020\/03\/Captura-de-pantalla-2020-03-12-a-las-16.53.31.png","type":"image\/png"}],"author":"rita","twitter_card":"summary_large_image","twitter_misc":{"Escrito por":"rita","Tiempo de lectura":"2 minutos"},"schema":{"@context":"https:\/\/schema.org","@graph":[{"@type":"Article","@id":"https:\/\/elbullifoundation.com\/elbullistore\/ca\/la-genesi-de-la-cuina\/#article","isPartOf":{"@id":"https:\/\/elbullifoundation.com\/elbullistore\/ca\/la-genesi-de-la-cuina\/"},"author":{"name":"rita","@id":"https:\/\/elbullifoundation.com\/elbullistore\/#\/schema\/person\/c640447c0fe37ad06d5ba717d15195db"},"headline":"LA G\u00c8NESI DE LA CUINA","datePublished":"2023-07-25T10:25:16+00:00","dateModified":"2023-07-25T10:53:20+00:00","mainEntityOfPage":{"@id":"https:\/\/elbullifoundation.com\/elbullistore\/ca\/la-genesi-de-la-cuina\/"},"wordCount":430,"image":{"@id":"https:\/\/elbullifoundation.com\/elbullistore\/ca\/la-genesi-de-la-cuina\/#primaryimage"},"thumbnailUrl":"https:\/\/elbullifoundation.com\/elbullistore\/wp-content\/uploads\/2020\/03\/Captura-de-pantalla-2020-03-12-a-las-16.53.31.png","articleSection":["Uncategorized @ca"],"inLanguage":"es"},{"@type":"WebPage","@id":"https:\/\/elbullifoundation.com\/elbullistore\/ca\/la-genesi-de-la-cuina\/","url":"https:\/\/elbullifoundation.com\/elbullistore\/ca\/la-genesi-de-la-cuina\/","name":"La g\u00e9nesis de la cocina - elBullistore - Bullipedia","isPartOf":{"@id":"https:\/\/elbullifoundation.com\/elbullistore\/#website"},"primaryImageOfPage":{"@id":"https:\/\/elbullifoundation.com\/elbullistore\/ca\/la-genesi-de-la-cuina\/#primaryimage"},"image":{"@id":"https:\/\/elbullifoundation.com\/elbullistore\/ca\/la-genesi-de-la-cuina\/#primaryimage"},"thumbnailUrl":"https:\/\/elbullifoundation.com\/elbullistore\/wp-content\/uploads\/2020\/03\/Captura-de-pantalla-2020-03-12-a-las-16.53.31.png","datePublished":"2023-07-25T10:25:16+00:00","dateModified":"2023-07-25T10:53:20+00:00","author":{"@id":"https:\/\/elbullifoundation.com\/elbullistore\/#\/schema\/person\/c640447c0fe37ad06d5ba717d15195db"},"description":"\u00bfCocinar es mejorar la naturaleza? Lo que hace el ser humano al cocinar es mejorar para \u00e9l aquello que toma de la naturaleza.","breadcrumb":{"@id":"https:\/\/elbullifoundation.com\/elbullistore\/ca\/la-genesi-de-la-cuina\/#breadcrumb"},"inLanguage":"es","potentialAction":[{"@type":"ReadAction","target":["https:\/\/elbullifoundation.com\/elbullistore\/ca\/la-genesi-de-la-cuina\/"]}]},{"@type":"ImageObject","inLanguage":"es","@id":"https:\/\/elbullifoundation.com\/elbullistore\/ca\/la-genesi-de-la-cuina\/#primaryimage","url":"https:\/\/elbullifoundation.com\/elbullistore\/wp-content\/uploads\/2020\/03\/Captura-de-pantalla-2020-03-12-a-las-16.53.31.png","contentUrl":"https:\/\/elbullifoundation.com\/elbullistore\/wp-content\/uploads\/2020\/03\/Captura-de-pantalla-2020-03-12-a-las-16.53.31.png","width":372,"height":418,"caption":"La g\u00e9nesis de la cocina"},{"@type":"BreadcrumbList","@id":"https:\/\/elbullifoundation.com\/elbullistore\/ca\/la-genesi-de-la-cuina\/#breadcrumb","itemListElement":[{"@type":"ListItem","position":1,"name":"Portada","item":"https:\/\/elbullifoundation.com\/elbullistore\/"},{"@type":"ListItem","position":2,"name":"LA G\u00c8NESI DE LA CUINA"}]},{"@type":"WebSite","@id":"https:\/\/elbullifoundation.com\/elbullistore\/#website","url":"https:\/\/elbullifoundation.com\/elbullistore\/","name":"elBullistore","description":"","potentialAction":[{"@type":"SearchAction","target":{"@type":"EntryPoint","urlTemplate":"https:\/\/elbullifoundation.com\/elbullistore\/?s={search_term_string}"},"query-input":{"@type":"PropertyValueSpecification","valueRequired":true,"valueName":"search_term_string"}}],"inLanguage":"es"},{"@type":"Person","@id":"https:\/\/elbullifoundation.com\/elbullistore\/#\/schema\/person\/c640447c0fe37ad06d5ba717d15195db","name":"rita","image":{"@type":"ImageObject","inLanguage":"es","@id":"https:\/\/elbullifoundation.com\/elbullistore\/#\/schema\/person\/image\/","url":"https:\/\/secure.gravatar.com\/avatar\/81d9b7df4889904fee0e6117fd68e611a24e5999d2ecb341e22d0b0825a45ebb?s=96&d=mm&r=g","contentUrl":"https:\/\/secure.gravatar.com\/avatar\/81d9b7df4889904fee0e6117fd68e611a24e5999d2ecb341e22d0b0825a45ebb?s=96&d=mm&r=g","caption":"rita"},"url":"https:\/\/elbullifoundation.com\/elbullistore\/author\/rita\/"}]}},"lang":"ca","translations":{"ca":16141,"es":7346,"en":8530},"pll_sync_post":[],"_links":{"self":[{"href":"https:\/\/elbullifoundation.com\/elbullistore\/wp-json\/wp\/v2\/posts\/16141","targetHints":{"allow":["GET"]}}],"collection":[{"href":"https:\/\/elbullifoundation.com\/elbullistore\/wp-json\/wp\/v2\/posts"}],"about":[{"href":"https:\/\/elbullifoundation.com\/elbullistore\/wp-json\/wp\/v2\/types\/post"}],"author":[{"embeddable":true,"href":"https:\/\/elbullifoundation.com\/elbullistore\/wp-json\/wp\/v2\/users\/4"}],"replies":[{"embeddable":true,"href":"https:\/\/elbullifoundation.com\/elbullistore\/wp-json\/wp\/v2\/comments?post=16141"}],"version-history":[{"count":0,"href":"https:\/\/elbullifoundation.com\/elbullistore\/wp-json\/wp\/v2\/posts\/16141\/revisions"}],"wp:featuredmedia":[{"embeddable":true,"href":"https:\/\/elbullifoundation.com\/elbullistore\/wp-json\/wp\/v2\/media\/7348"}],"wp:attachment":[{"href":"https:\/\/elbullifoundation.com\/elbullistore\/wp-json\/wp\/v2\/media?parent=16141"}],"wp:term":[{"taxonomy":"category","embeddable":true,"href":"https:\/\/elbullifoundation.com\/elbullistore\/wp-json\/wp\/v2\/categories?post=16141"},{"taxonomy":"post_tag","embeddable":true,"href":"https:\/\/elbullifoundation.com\/elbullistore\/wp-json\/wp\/v2\/tags?post=16141"}],"curies":[{"name":"wp","href":"https:\/\/api.w.org\/{rel}","templated":true}]}}