{"id":16153,"date":"2023-07-25T12:30:55","date_gmt":"2023-07-25T10:30:55","guid":{"rendered":"https:\/\/elbullifoundation.com\/elbullistore\/?p=16153"},"modified":"2024-09-03T16:16:31","modified_gmt":"2024-09-03T14:16:31","slug":"una-visio-cientifica-i-sistematica-de-la-cuina","status":"publish","type":"post","link":"https:\/\/elbullifoundation.com\/elbullistore\/ca\/una-visio-cientifica-i-sistematica-de-la-cuina\/","title":{"rendered":"UNA VISI\u00d3 CIENT\u00cdFICA I SISTEM\u00c0TICA DE LA CUINA"},"content":{"rendered":"<h3>Cuinar amb t\u00e8cnica, cuinar amb m\u00e8tode i cuinar amb tecnologia<\/h3>\n<p>Cuinar pot comprendre&#8217;s com una t\u00e8cnica, de la qual el cuiner se serveix per a obtenir resultats; com un m\u00e8tode, at\u00e8s que segueix un procediment ordenat per a obtenir un resultat concret; i com una tecnologia, que, sumada a la t\u00e8cnica, permet desenvolupar nous processos i m\u00e8todes d&#8217;elaboraci\u00f3\/producci\u00f3 (sobretot en la ind\u00fastria aliment\u00e0ria).<\/p>\n<h3>La t\u00e8cnica culin\u00e0ria, el m\u00e8tode culinari i la tecnologia culin\u00e0ria de la melmelada de maduixa<\/h3>\n<p>Exemplifiquem l&#8217;explicaci\u00f3 anterior amb una elaboraci\u00f3 concreta: la melmelada de maduixa.<\/p>\n<h3>Cuinar des del prisma cient\u00edfic<\/h3>\n<p>La visi\u00f3 objectiva de la ci\u00e8ncia ens ofereix informaci\u00f3 valuosa sobre els productes i les t\u00e8cniques culin\u00e0ries, ja que pot explicar les seves composicions i reaccions. Des d&#8217;aquest prisma, plantejarem cuinar com una hip\u00f2tesi, quan no existeix una certitud sobre el resultat que s&#8217;aconseguir\u00e0; com una teoria, quan aquesta hip\u00f2tesi pot confirmar-se; i com un axioma, quan existeix una certitud evident del resultat que s&#8217;obtindr\u00e0.<\/p>\n<h3>El que ocorre mentre cuinem pot explicar-se amb ci\u00e8ncia<\/h3>\n<p>Arribem a la visi\u00f3 cient\u00edfica de la cuina, que l&#8217;explica com un proc\u00e9s cient\u00edfic que combina reaccions f\u00edsiques, qu\u00edmiques i biol\u00f2giques.<\/p>\n<h3>L&#8217;ou ferrat amb ci\u00e8ncia<\/h3>\n<p>Exemplificarem l&#8217;anterior amb l&#8217;explicaci\u00f3 de totes les reaccions que es donen en l&#8217;elaboraci\u00f3 d&#8217;un ou ferrat i que evidencien que podem explicar aquest proc\u00e9s d&#8217;elaboraci\u00f3 amb ci\u00e8ncia.<\/p>\n<h3>Cuinar \u00e9s experimentar amb aliments, encara que no \u00e9s fer ci\u00e8ncia<\/h3>\n<p>En cap cas cuinar \u00e9s fer ci\u00e8ncia, encara que la cuina estigui repleta de reaccions i processos que poden explicar-se des d&#8217;una perspectiva cient\u00edfica.<\/p>\n<h3>Cuinar amb actitud cient\u00edfica, cuinar amb m\u00e8tode cient\u00edfic<\/h3>\n<p>Si el cuiner recorre al coneixement cient\u00edfic d&#8217;un expert per a assessorar-se, pot haver-hi actitud cient\u00edfica en la cuina. Existeix tamb\u00e9 un paral\u00b7lelisme entre l&#8217;ordre del m\u00e8tode cient\u00edfic i el del m\u00e8tode culinari, enfocats tots dos a l&#8217;obtenci\u00f3 de resultats.<\/p>\n<h3>Comprendre cuinar com un proc\u00e9s<\/h3>\n<p>Podem parlar de proc\u00e9s culinari, ja que, mentre cuinem, estem superposant fases que cobreixen tasques diferents, en les quals s&#8217;empren recursos i que, en conjunt, permeten obtenir un resultat.<\/p>\n<h3>Fases del proc\u00e9s de reproducci\u00f3 en el restaurant gastron\u00f2mic<\/h3>\n<p>El proc\u00e9s de reproducci\u00f3 de les elaboracions que passen a formar part de l&#8217;oferta gastron\u00f2mica segueix una s\u00e8rie de fases (imprescindibles totes elles) que fan possible que els clients puguin degustar en el restaurant gastron\u00f2mic.<\/p>\n<h3>Representaci\u00f3 gr\u00e0fica de cuinar: el diagrama de flux d&#8217;un proc\u00e9s de reproducci\u00f3<\/h3>\n<p>El proc\u00e9s culinari pot representar-se a trav\u00e9s d&#8217;un diagrama de flux, que recull la successi\u00f3 de fases, amb els fets i operacions necessaris per a aconseguir el resultat esperat.<\/p>\n<h3>Els recursos s\u00f3n imprescindibles per a cuinar: sense recursos, no hi ha proc\u00e9s!<\/h3>\n<p>Perqu\u00e8 els processos funcionin, s\u00f3n necessaris els recursos, siguin gastron\u00f2mics o no. Ens referim als productes que s&#8217;empren per a cuinar, tant els comestibles com les eines i les t\u00e8cniques necess\u00e0ries per a transformar-los, entre altres.<\/p>\n<h3>Sistemes i subsistemes: la complexitat de connectar la cuina amb el restaurant<\/h3>\n<p>La suma de les fases del proc\u00e9s que permet la reproducci\u00f3 en el restaurant i el context en qu\u00e8 es troben els recursos requerits per a poder implementar-se formen un sistema: el sistema de reproducci\u00f3 del restaurant gastron\u00f2mic.<\/p>\n<h3>El sistema per a degustar: un sistema per a menjar i beure<\/h3>\n<p>Per a poder degustar, tant en l&#8217;\u00e0mbit dom\u00e8stic com en el restaurant (en el qual es viu una experi\u00e8ncia), tamb\u00e9 es necessita una concatenaci\u00f3 de fases i una disposici\u00f3 de recursos que, en aquest cas, estan centrats en fer possibles les accions de menjar i beure.<\/p>\n","protected":false},"excerpt":{"rendered":"<p>Cuinar amb t\u00e8cnica, cuinar amb m\u00e8tode i cuinar amb tecnologia Cuinar pot comprendre&#8217;s com una t\u00e8cnica, de la qual el cuiner se serveix per a obtenir resultats; com un m\u00e8tode, at\u00e8s que segueix un procediment ordenat per a obtenir un resultat concret; i com una tecnologia, que, sumada a la t\u00e8cnica, permet desenvolupar nous processos [&hellip;]<\/p>\n","protected":false},"author":4,"featured_media":7372,"comment_status":"closed","ping_status":"open","sticky":false,"template":"","format":"standard","meta":{"_acf_changed":false,"footnotes":""},"categories":[57],"tags":[],"class_list":["post-16153","post","type-post","status-publish","format-standard","has-post-thumbnail","hentry","category-uncategorized-ca"],"acf":[],"yoast_head":"<!-- This site is optimized with the Yoast SEO plugin v26.9 - https:\/\/yoast.com\/product\/yoast-seo-wordpress\/ -->\n<title>UNA VISI\u00d3 CIENT\u00cdFICA I SISTEM\u00c0TICA DE LA CUINA - elBullistore<\/title>\n<meta name=\"description\" content=\"Cocinar puede comprenderse como una t\u00e9cnica, de la que el cocinero se sirve para obtener resultados, como un m\u00e9todo y como una tecnolog\u00eda\" \/>\n<meta name=\"robots\" content=\"index, follow, max-snippet:-1, max-image-preview:large, max-video-preview:-1\" \/>\n<link rel=\"canonical\" href=\"https:\/\/elbullifoundation.com\/elbullistore\/ca\/una-visio-cientifica-i-sistematica-de-la-cuina\/\" \/>\n<meta property=\"og:locale\" content=\"es_ES\" \/>\n<meta property=\"og:type\" content=\"article\" \/>\n<meta property=\"og:title\" content=\"UNA VISI\u00d3 CIENT\u00cdFICA I SISTEM\u00c0TICA DE LA CUINA - elBullistore\" \/>\n<meta property=\"og:description\" content=\"Cocinar puede comprenderse como una t\u00e9cnica, de la que el cocinero se sirve para obtener resultados, como un m\u00e9todo y como una tecnolog\u00eda\" \/>\n<meta property=\"og:url\" content=\"https:\/\/elbullifoundation.com\/elbullistore\/ca\/una-visio-cientifica-i-sistematica-de-la-cuina\/\" \/>\n<meta property=\"og:site_name\" content=\"elBullistore\" \/>\n<meta property=\"article:published_time\" content=\"2023-07-25T10:30:55+00:00\" \/>\n<meta property=\"article:modified_time\" content=\"2024-09-03T14:16:31+00:00\" \/>\n<meta property=\"og:image\" content=\"https:\/\/elbullifoundation.com\/elbullistore\/wp-content\/uploads\/2020\/03\/Captura-de-pantalla-2020-03-12-a-las-16.53.48.png\" \/>\n\t<meta property=\"og:image:width\" content=\"375\" \/>\n\t<meta property=\"og:image:height\" content=\"419\" \/>\n\t<meta property=\"og:image:type\" content=\"image\/png\" \/>\n<meta name=\"author\" content=\"rita\" \/>\n<meta name=\"twitter:card\" content=\"summary_large_image\" \/>\n<meta name=\"twitter:label1\" content=\"Escrito por\" \/>\n\t<meta name=\"twitter:data1\" content=\"rita\" \/>\n\t<meta name=\"twitter:label2\" content=\"Tiempo de lectura\" \/>\n\t<meta name=\"twitter:data2\" content=\"3 minutos\" \/>\n<script type=\"application\/ld+json\" class=\"yoast-schema-graph\">{\"@context\":\"https:\/\/schema.org\",\"@graph\":[{\"@type\":\"Article\",\"@id\":\"https:\/\/elbullifoundation.com\/elbullistore\/ca\/una-visio-cientifica-i-sistematica-de-la-cuina\/#article\",\"isPartOf\":{\"@id\":\"https:\/\/elbullifoundation.com\/elbullistore\/ca\/una-visio-cientifica-i-sistematica-de-la-cuina\/\"},\"author\":{\"name\":\"rita\",\"@id\":\"https:\/\/elbullifoundation.com\/elbullistore\/#\/schema\/person\/c640447c0fe37ad06d5ba717d15195db\"},\"headline\":\"UNA VISI\u00d3 CIENT\u00cdFICA I SISTEM\u00c0TICA DE LA CUINA\",\"datePublished\":\"2023-07-25T10:30:55+00:00\",\"dateModified\":\"2024-09-03T14:16:31+00:00\",\"mainEntityOfPage\":{\"@id\":\"https:\/\/elbullifoundation.com\/elbullistore\/ca\/una-visio-cientifica-i-sistematica-de-la-cuina\/\"},\"wordCount\":676,\"image\":{\"@id\":\"https:\/\/elbullifoundation.com\/elbullistore\/ca\/una-visio-cientifica-i-sistematica-de-la-cuina\/#primaryimage\"},\"thumbnailUrl\":\"https:\/\/elbullifoundation.com\/elbullistore\/wp-content\/uploads\/2020\/03\/Captura-de-pantalla-2020-03-12-a-las-16.53.48.png\",\"articleSection\":[\"Uncategorized @ca\"],\"inLanguage\":\"es\"},{\"@type\":\"WebPage\",\"@id\":\"https:\/\/elbullifoundation.com\/elbullistore\/ca\/una-visio-cientifica-i-sistematica-de-la-cuina\/\",\"url\":\"https:\/\/elbullifoundation.com\/elbullistore\/ca\/una-visio-cientifica-i-sistematica-de-la-cuina\/\",\"name\":\"UNA VISI\u00d3 CIENT\u00cdFICA I SISTEM\u00c0TICA DE LA CUINA - elBullistore\",\"isPartOf\":{\"@id\":\"https:\/\/elbullifoundation.com\/elbullistore\/#website\"},\"primaryImageOfPage\":{\"@id\":\"https:\/\/elbullifoundation.com\/elbullistore\/ca\/una-visio-cientifica-i-sistematica-de-la-cuina\/#primaryimage\"},\"image\":{\"@id\":\"https:\/\/elbullifoundation.com\/elbullistore\/ca\/una-visio-cientifica-i-sistematica-de-la-cuina\/#primaryimage\"},\"thumbnailUrl\":\"https:\/\/elbullifoundation.com\/elbullistore\/wp-content\/uploads\/2020\/03\/Captura-de-pantalla-2020-03-12-a-las-16.53.48.png\",\"datePublished\":\"2023-07-25T10:30:55+00:00\",\"dateModified\":\"2024-09-03T14:16:31+00:00\",\"author\":{\"@id\":\"https:\/\/elbullifoundation.com\/elbullistore\/#\/schema\/person\/c640447c0fe37ad06d5ba717d15195db\"},\"description\":\"Cocinar puede comprenderse como una t\u00e9cnica, de la que el cocinero se sirve para obtener resultados, como un m\u00e9todo y como una tecnolog\u00eda\",\"breadcrumb\":{\"@id\":\"https:\/\/elbullifoundation.com\/elbullistore\/ca\/una-visio-cientifica-i-sistematica-de-la-cuina\/#breadcrumb\"},\"inLanguage\":\"es\",\"potentialAction\":[{\"@type\":\"ReadAction\",\"target\":[\"https:\/\/elbullifoundation.com\/elbullistore\/ca\/una-visio-cientifica-i-sistematica-de-la-cuina\/\"]}]},{\"@type\":\"ImageObject\",\"inLanguage\":\"es\",\"@id\":\"https:\/\/elbullifoundation.com\/elbullistore\/ca\/una-visio-cientifica-i-sistematica-de-la-cuina\/#primaryimage\",\"url\":\"https:\/\/elbullifoundation.com\/elbullistore\/wp-content\/uploads\/2020\/03\/Captura-de-pantalla-2020-03-12-a-las-16.53.48.png\",\"contentUrl\":\"https:\/\/elbullifoundation.com\/elbullistore\/wp-content\/uploads\/2020\/03\/Captura-de-pantalla-2020-03-12-a-las-16.53.48.png\",\"width\":375,\"height\":419},{\"@type\":\"BreadcrumbList\",\"@id\":\"https:\/\/elbullifoundation.com\/elbullistore\/ca\/una-visio-cientifica-i-sistematica-de-la-cuina\/#breadcrumb\",\"itemListElement\":[{\"@type\":\"ListItem\",\"position\":1,\"name\":\"Portada\",\"item\":\"https:\/\/elbullifoundation.com\/elbullistore\/\"},{\"@type\":\"ListItem\",\"position\":2,\"name\":\"UNA VISI\u00d3 CIENT\u00cdFICA I SISTEM\u00c0TICA DE LA CUINA\"}]},{\"@type\":\"WebSite\",\"@id\":\"https:\/\/elbullifoundation.com\/elbullistore\/#website\",\"url\":\"https:\/\/elbullifoundation.com\/elbullistore\/\",\"name\":\"elBullistore\",\"description\":\"\",\"potentialAction\":[{\"@type\":\"SearchAction\",\"target\":{\"@type\":\"EntryPoint\",\"urlTemplate\":\"https:\/\/elbullifoundation.com\/elbullistore\/?s={search_term_string}\"},\"query-input\":{\"@type\":\"PropertyValueSpecification\",\"valueRequired\":true,\"valueName\":\"search_term_string\"}}],\"inLanguage\":\"es\"},{\"@type\":\"Person\",\"@id\":\"https:\/\/elbullifoundation.com\/elbullistore\/#\/schema\/person\/c640447c0fe37ad06d5ba717d15195db\",\"name\":\"rita\",\"image\":{\"@type\":\"ImageObject\",\"inLanguage\":\"es\",\"@id\":\"https:\/\/elbullifoundation.com\/elbullistore\/#\/schema\/person\/image\/\",\"url\":\"https:\/\/secure.gravatar.com\/avatar\/81d9b7df4889904fee0e6117fd68e611a24e5999d2ecb341e22d0b0825a45ebb?s=96&d=mm&r=g\",\"contentUrl\":\"https:\/\/secure.gravatar.com\/avatar\/81d9b7df4889904fee0e6117fd68e611a24e5999d2ecb341e22d0b0825a45ebb?s=96&d=mm&r=g\",\"caption\":\"rita\"},\"url\":\"https:\/\/elbullifoundation.com\/elbullistore\/author\/rita\/\"}]}<\/script>\n<!-- \/ Yoast SEO plugin. -->","yoast_head_json":{"title":"UNA VISI\u00d3 CIENT\u00cdFICA I SISTEM\u00c0TICA DE LA CUINA - elBullistore","description":"Cocinar puede comprenderse como una t\u00e9cnica, de la que el cocinero se sirve para obtener resultados, como un m\u00e9todo y como una tecnolog\u00eda","robots":{"index":"index","follow":"follow","max-snippet":"max-snippet:-1","max-image-preview":"max-image-preview:large","max-video-preview":"max-video-preview:-1"},"canonical":"https:\/\/elbullifoundation.com\/elbullistore\/ca\/una-visio-cientifica-i-sistematica-de-la-cuina\/","og_locale":"es_ES","og_type":"article","og_title":"UNA VISI\u00d3 CIENT\u00cdFICA I SISTEM\u00c0TICA DE LA CUINA - elBullistore","og_description":"Cocinar puede comprenderse como una t\u00e9cnica, de la que el cocinero se sirve para obtener resultados, como un m\u00e9todo y como una tecnolog\u00eda","og_url":"https:\/\/elbullifoundation.com\/elbullistore\/ca\/una-visio-cientifica-i-sistematica-de-la-cuina\/","og_site_name":"elBullistore","article_published_time":"2023-07-25T10:30:55+00:00","article_modified_time":"2024-09-03T14:16:31+00:00","og_image":[{"width":375,"height":419,"url":"https:\/\/elbullifoundation.com\/elbullistore\/wp-content\/uploads\/2020\/03\/Captura-de-pantalla-2020-03-12-a-las-16.53.48.png","type":"image\/png"}],"author":"rita","twitter_card":"summary_large_image","twitter_misc":{"Escrito por":"rita","Tiempo de lectura":"3 minutos"},"schema":{"@context":"https:\/\/schema.org","@graph":[{"@type":"Article","@id":"https:\/\/elbullifoundation.com\/elbullistore\/ca\/una-visio-cientifica-i-sistematica-de-la-cuina\/#article","isPartOf":{"@id":"https:\/\/elbullifoundation.com\/elbullistore\/ca\/una-visio-cientifica-i-sistematica-de-la-cuina\/"},"author":{"name":"rita","@id":"https:\/\/elbullifoundation.com\/elbullistore\/#\/schema\/person\/c640447c0fe37ad06d5ba717d15195db"},"headline":"UNA VISI\u00d3 CIENT\u00cdFICA I SISTEM\u00c0TICA DE LA CUINA","datePublished":"2023-07-25T10:30:55+00:00","dateModified":"2024-09-03T14:16:31+00:00","mainEntityOfPage":{"@id":"https:\/\/elbullifoundation.com\/elbullistore\/ca\/una-visio-cientifica-i-sistematica-de-la-cuina\/"},"wordCount":676,"image":{"@id":"https:\/\/elbullifoundation.com\/elbullistore\/ca\/una-visio-cientifica-i-sistematica-de-la-cuina\/#primaryimage"},"thumbnailUrl":"https:\/\/elbullifoundation.com\/elbullistore\/wp-content\/uploads\/2020\/03\/Captura-de-pantalla-2020-03-12-a-las-16.53.48.png","articleSection":["Uncategorized @ca"],"inLanguage":"es"},{"@type":"WebPage","@id":"https:\/\/elbullifoundation.com\/elbullistore\/ca\/una-visio-cientifica-i-sistematica-de-la-cuina\/","url":"https:\/\/elbullifoundation.com\/elbullistore\/ca\/una-visio-cientifica-i-sistematica-de-la-cuina\/","name":"UNA VISI\u00d3 CIENT\u00cdFICA I SISTEM\u00c0TICA DE LA CUINA - elBullistore","isPartOf":{"@id":"https:\/\/elbullifoundation.com\/elbullistore\/#website"},"primaryImageOfPage":{"@id":"https:\/\/elbullifoundation.com\/elbullistore\/ca\/una-visio-cientifica-i-sistematica-de-la-cuina\/#primaryimage"},"image":{"@id":"https:\/\/elbullifoundation.com\/elbullistore\/ca\/una-visio-cientifica-i-sistematica-de-la-cuina\/#primaryimage"},"thumbnailUrl":"https:\/\/elbullifoundation.com\/elbullistore\/wp-content\/uploads\/2020\/03\/Captura-de-pantalla-2020-03-12-a-las-16.53.48.png","datePublished":"2023-07-25T10:30:55+00:00","dateModified":"2024-09-03T14:16:31+00:00","author":{"@id":"https:\/\/elbullifoundation.com\/elbullistore\/#\/schema\/person\/c640447c0fe37ad06d5ba717d15195db"},"description":"Cocinar puede comprenderse como una t\u00e9cnica, de la que el cocinero se sirve para obtener resultados, como un m\u00e9todo y como una tecnolog\u00eda","breadcrumb":{"@id":"https:\/\/elbullifoundation.com\/elbullistore\/ca\/una-visio-cientifica-i-sistematica-de-la-cuina\/#breadcrumb"},"inLanguage":"es","potentialAction":[{"@type":"ReadAction","target":["https:\/\/elbullifoundation.com\/elbullistore\/ca\/una-visio-cientifica-i-sistematica-de-la-cuina\/"]}]},{"@type":"ImageObject","inLanguage":"es","@id":"https:\/\/elbullifoundation.com\/elbullistore\/ca\/una-visio-cientifica-i-sistematica-de-la-cuina\/#primaryimage","url":"https:\/\/elbullifoundation.com\/elbullistore\/wp-content\/uploads\/2020\/03\/Captura-de-pantalla-2020-03-12-a-las-16.53.48.png","contentUrl":"https:\/\/elbullifoundation.com\/elbullistore\/wp-content\/uploads\/2020\/03\/Captura-de-pantalla-2020-03-12-a-las-16.53.48.png","width":375,"height":419},{"@type":"BreadcrumbList","@id":"https:\/\/elbullifoundation.com\/elbullistore\/ca\/una-visio-cientifica-i-sistematica-de-la-cuina\/#breadcrumb","itemListElement":[{"@type":"ListItem","position":1,"name":"Portada","item":"https:\/\/elbullifoundation.com\/elbullistore\/"},{"@type":"ListItem","position":2,"name":"UNA VISI\u00d3 CIENT\u00cdFICA I SISTEM\u00c0TICA DE LA CUINA"}]},{"@type":"WebSite","@id":"https:\/\/elbullifoundation.com\/elbullistore\/#website","url":"https:\/\/elbullifoundation.com\/elbullistore\/","name":"elBullistore","description":"","potentialAction":[{"@type":"SearchAction","target":{"@type":"EntryPoint","urlTemplate":"https:\/\/elbullifoundation.com\/elbullistore\/?s={search_term_string}"},"query-input":{"@type":"PropertyValueSpecification","valueRequired":true,"valueName":"search_term_string"}}],"inLanguage":"es"},{"@type":"Person","@id":"https:\/\/elbullifoundation.com\/elbullistore\/#\/schema\/person\/c640447c0fe37ad06d5ba717d15195db","name":"rita","image":{"@type":"ImageObject","inLanguage":"es","@id":"https:\/\/elbullifoundation.com\/elbullistore\/#\/schema\/person\/image\/","url":"https:\/\/secure.gravatar.com\/avatar\/81d9b7df4889904fee0e6117fd68e611a24e5999d2ecb341e22d0b0825a45ebb?s=96&d=mm&r=g","contentUrl":"https:\/\/secure.gravatar.com\/avatar\/81d9b7df4889904fee0e6117fd68e611a24e5999d2ecb341e22d0b0825a45ebb?s=96&d=mm&r=g","caption":"rita"},"url":"https:\/\/elbullifoundation.com\/elbullistore\/author\/rita\/"}]}},"lang":"ca","translations":{"ca":16153,"es":7369,"en":8549},"pll_sync_post":[],"_links":{"self":[{"href":"https:\/\/elbullifoundation.com\/elbullistore\/wp-json\/wp\/v2\/posts\/16153","targetHints":{"allow":["GET"]}}],"collection":[{"href":"https:\/\/elbullifoundation.com\/elbullistore\/wp-json\/wp\/v2\/posts"}],"about":[{"href":"https:\/\/elbullifoundation.com\/elbullistore\/wp-json\/wp\/v2\/types\/post"}],"author":[{"embeddable":true,"href":"https:\/\/elbullifoundation.com\/elbullistore\/wp-json\/wp\/v2\/users\/4"}],"replies":[{"embeddable":true,"href":"https:\/\/elbullifoundation.com\/elbullistore\/wp-json\/wp\/v2\/comments?post=16153"}],"version-history":[{"count":1,"href":"https:\/\/elbullifoundation.com\/elbullistore\/wp-json\/wp\/v2\/posts\/16153\/revisions"}],"predecessor-version":[{"id":18343,"href":"https:\/\/elbullifoundation.com\/elbullistore\/wp-json\/wp\/v2\/posts\/16153\/revisions\/18343"}],"wp:featuredmedia":[{"embeddable":true,"href":"https:\/\/elbullifoundation.com\/elbullistore\/wp-json\/wp\/v2\/media\/7372"}],"wp:attachment":[{"href":"https:\/\/elbullifoundation.com\/elbullistore\/wp-json\/wp\/v2\/media?parent=16153"}],"wp:term":[{"taxonomy":"category","embeddable":true,"href":"https:\/\/elbullifoundation.com\/elbullistore\/wp-json\/wp\/v2\/categories?post=16153"},{"taxonomy":"post_tag","embeddable":true,"href":"https:\/\/elbullifoundation.com\/elbullistore\/wp-json\/wp\/v2\/tags?post=16153"}],"curies":[{"name":"wp","href":"https:\/\/api.w.org\/{rel}","templated":true}]}}