{"id":16157,"date":"2023-07-25T12:32:57","date_gmt":"2023-07-25T10:32:57","guid":{"rendered":"https:\/\/elbullifoundation.com\/elbullistore\/?p=16157"},"modified":"2023-07-25T12:53:16","modified_gmt":"2023-07-25T10:53:16","slug":"recursos-de-la-cuina-als-quals-dediquem-una-explicacio-extensa","status":"publish","type":"post","link":"https:\/\/elbullifoundation.com\/elbullistore\/ca\/recursos-de-la-cuina-als-quals-dediquem-una-explicacio-extensa\/","title":{"rendered":"RECURSOS DE LA CUINA ALS QUALS DEDIQUEM UNA EXPLICACI\u00d3 EXTENSA"},"content":{"rendered":"<h3>Els productes comestibles: el punt de partida de l&#8217;equaci\u00f3 culin\u00e0ria<\/h3>\n<p>Ens referirem ara als productes comestibles que emprem per a cuinar, entesos com el recurs primer e imprescindible sense el qual cap dels altres t\u00e9 aplicaci\u00f3 possible, els que donen principi a l&#8217;equaci\u00f3 culin\u00e0ria. Per a una millor comprensi\u00f3, observarem quins tipus de productes comestibles existeixen i realitzarem una classificaci\u00f3 b\u00e0sica d&#8217;aquests.<\/p>\n<h3>Qu\u00e8 necessites si pots imaginar com cuinar un producte? L&#8217;eina que et permeti fer-ho!<\/h3>\n<p>Va ser la invenci\u00f3 i el disseny d&#8217;una eina el que va permetre, per primera vegada, observar el producte disponible i transformar-lo. Des de llavors, les eines han continuat evolucionant com a recursos, s&#8217;han fet imprescindibles i han augmentat en n\u00famero i varietat en paral\u00b7lel a la pr\u00f2pia cuina.<\/p>\n<h3>Sense t\u00e8cnica no hi ha producte ni eina que valgui: la t\u00e8cnica \u00e9s un recurs imprescindible per a cuinar<\/h3>\n<p>Tot l&#8217;anterior no tindria sentit ni podria dir-se \u00abcuinar\u00bb si no hi hagu\u00e9s una t\u00e8cnica que, aplicada amb una eina sobre un producte, acab\u00e9s de fer possible l&#8217;equaci\u00f3 culin\u00e0ria. Existeixen milers de t\u00e8cniques, tantes com elaboracions. Ens centrarem aqu\u00ed a comprendre-les millor com a recursos de la cuina.<\/p>\n<h3>M\u00e9s enll\u00e0 del foc i de la calor, per a cuinar necessitem energia<\/h3>\n<p>Per a cuinar, de la manera que sigui, \u00e9s necess\u00e0ria l&#8217;energia, que prov\u00e9 de diferents fonts i es presenta de diferents formes. Hi ha moltes maneres de cuinar i totes elles requereixen energia. \u00c9s important no cometre l&#8217;error d&#8217;associar l&#8217;energia nom\u00e9s amb la calor i la calor sola amb la cocci\u00f3 dels aliments. El ventall de possibilitats \u00e9s molt ampli.<\/p>\n<h3>Quines fonts d&#8217;energia s&#8217;empren per a cuinar?<\/h3>\n<p>Ens centrem en totes les fonts possibles d&#8217;energia que coneixem, analitzant la seva pres\u00e8ncia en la cuina.<\/p>\n<h3>Quines formes d&#8217;energia s&#8217;empren per a cuinar?<\/h3>\n<p>Completarem el tema de l&#8217;energia analitzant les maneres en les quals aquesta es manifesta (moltes vegades transformada) i com el cuiner l&#8217;empra per a elaborar o produir.<\/p>\n<h3>El temps que emprem cuinant \u00e9s un recurs necessari, per\u00f2 tamb\u00e9 una magnitud que ordena la cuina<\/h3>\n<p>El temps t\u00e9 un paper bifront en la cuina: \u00e9s absolutament necessari com a indicador, per\u00f2 tamb\u00e9 com a recurs. En funci\u00f3 de l&#8217;hora del dia (indicador), es cuinen unes elaboracions o altres, per\u00f2 tamb\u00e9, segons el temps del qual es disposi per a cuinar (recurs), es pren la decisi\u00f3 de quina i com cuinar-ho.<\/p>\n<h3>Cuinar en l&#8217;\u00e0mbit privat i cuinar en l&#8217;\u00e0mbit p\u00fablic: semblances i difer\u00e8ncies entre els dos grans escenaris de la cuina<\/h3>\n<p>La consideraci\u00f3 del \u00abon\u00bb com a factor que pot marcar difer\u00e8ncies substancials entre una cuina i una altra ens porta a parlar de dues grans esferes, la de l&#8217;\u00e0mbit privat (l&#8217;original i primig\u00e8nia de la cuina) i la de l&#8217;\u00e0mbit p\u00fablic (dins del qual s&#8217;emmarca la restauraci\u00f3 gastron\u00f2mica).<\/p>\n<h3>En emprar el terme \u00abcuina\u00bb podem referir-nos tamb\u00e9 a un espai o una m\u00e0quina<\/h3>\n<p>A m\u00e9s de totes les possibles definicions de \u00abcuina\u00bb considerades fins ara, en el marc dels recursos i contemplant l&#8217;espai com un d&#8217;ells, tractarem \u00abla cuina com a espai\u00bb dins d&#8217;una casa o un restaurant, en el qual trobarem \u00abla cuina com a m\u00e0quina\u00bb, com a eina que emprem per a cuinar.<\/p>\n","protected":false},"excerpt":{"rendered":"<p>Els productes comestibles: el punt de partida de l&#8217;equaci\u00f3 culin\u00e0ria Ens referirem ara als productes comestibles que emprem per a cuinar, entesos com el recurs primer e imprescindible sense el qual cap dels altres t\u00e9 aplicaci\u00f3 possible, els que donen principi a l&#8217;equaci\u00f3 culin\u00e0ria. Per a una millor comprensi\u00f3, observarem quins tipus de productes comestibles [&hellip;]<\/p>\n","protected":false},"author":4,"featured_media":7380,"comment_status":"closed","ping_status":"open","sticky":false,"template":"","format":"standard","meta":{"_acf_changed":false,"footnotes":""},"categories":[57],"tags":[],"class_list":["post-16157","post","type-post","status-publish","format-standard","has-post-thumbnail","hentry","category-uncategorized-ca"],"acf":[],"yoast_head":"<!-- This site is optimized with the Yoast SEO plugin v26.9 - https:\/\/yoast.com\/product\/yoast-seo-wordpress\/ -->\n<title>Recursos de la cocina: productos, t\u00e9cnicas, herraminetas... - elBullistore<\/title>\n<meta name=\"description\" content=\"An\u00e1lisis detallado de los productos, las t\u00e9cnicas y las herramientas como recursos ligados a la energ\u00eda, el tiempo y el espacio.\" \/>\n<meta name=\"robots\" content=\"index, follow, max-snippet:-1, max-image-preview:large, max-video-preview:-1\" \/>\n<link rel=\"canonical\" href=\"https:\/\/elbullifoundation.com\/elbullistore\/ca\/recursos-de-la-cuina-als-quals-dediquem-una-explicacio-extensa\/\" \/>\n<meta property=\"og:locale\" content=\"es_ES\" \/>\n<meta property=\"og:type\" content=\"article\" \/>\n<meta property=\"og:title\" content=\"Recursos de la cocina: productos, t\u00e9cnicas, herraminetas... - elBullistore\" \/>\n<meta property=\"og:description\" content=\"An\u00e1lisis detallado de los productos, las t\u00e9cnicas y las herramientas como recursos ligados a la energ\u00eda, el tiempo y el espacio.\" \/>\n<meta property=\"og:url\" content=\"https:\/\/elbullifoundation.com\/elbullistore\/ca\/recursos-de-la-cuina-als-quals-dediquem-una-explicacio-extensa\/\" \/>\n<meta property=\"og:site_name\" content=\"elBullistore\" \/>\n<meta property=\"article:published_time\" content=\"2023-07-25T10:32:57+00:00\" \/>\n<meta property=\"article:modified_time\" content=\"2023-07-25T10:53:16+00:00\" \/>\n<meta property=\"og:image\" content=\"https:\/\/elbullifoundation.com\/elbullistore\/wp-content\/uploads\/2020\/03\/Captura-de-pantalla-2020-03-12-a-las-16.53.53.png\" \/>\n\t<meta property=\"og:image:width\" content=\"372\" \/>\n\t<meta property=\"og:image:height\" content=\"415\" \/>\n\t<meta property=\"og:image:type\" content=\"image\/png\" \/>\n<meta name=\"author\" content=\"rita\" \/>\n<meta name=\"twitter:card\" content=\"summary_large_image\" \/>\n<meta name=\"twitter:label1\" content=\"Escrito por\" \/>\n\t<meta name=\"twitter:data1\" content=\"rita\" \/>\n\t<meta name=\"twitter:label2\" content=\"Tiempo de lectura\" \/>\n\t<meta name=\"twitter:data2\" content=\"3 minutos\" \/>\n<script type=\"application\/ld+json\" class=\"yoast-schema-graph\">{\"@context\":\"https:\/\/schema.org\",\"@graph\":[{\"@type\":\"Article\",\"@id\":\"https:\/\/elbullifoundation.com\/elbullistore\/ca\/recursos-de-la-cuina-als-quals-dediquem-una-explicacio-extensa\/#article\",\"isPartOf\":{\"@id\":\"https:\/\/elbullifoundation.com\/elbullistore\/ca\/recursos-de-la-cuina-als-quals-dediquem-una-explicacio-extensa\/\"},\"author\":{\"name\":\"rita\",\"@id\":\"https:\/\/elbullifoundation.com\/elbullistore\/#\/schema\/person\/c640447c0fe37ad06d5ba717d15195db\"},\"headline\":\"RECURSOS DE LA CUINA ALS QUALS DEDIQUEM UNA EXPLICACI\u00d3 EXTENSA\",\"datePublished\":\"2023-07-25T10:32:57+00:00\",\"dateModified\":\"2023-07-25T10:53:16+00:00\",\"mainEntityOfPage\":{\"@id\":\"https:\/\/elbullifoundation.com\/elbullistore\/ca\/recursos-de-la-cuina-als-quals-dediquem-una-explicacio-extensa\/\"},\"wordCount\":594,\"image\":{\"@id\":\"https:\/\/elbullifoundation.com\/elbullistore\/ca\/recursos-de-la-cuina-als-quals-dediquem-una-explicacio-extensa\/#primaryimage\"},\"thumbnailUrl\":\"https:\/\/elbullifoundation.com\/elbullistore\/wp-content\/uploads\/2020\/03\/Captura-de-pantalla-2020-03-12-a-las-16.53.53.png\",\"articleSection\":[\"Uncategorized @ca\"],\"inLanguage\":\"es\"},{\"@type\":\"WebPage\",\"@id\":\"https:\/\/elbullifoundation.com\/elbullistore\/ca\/recursos-de-la-cuina-als-quals-dediquem-una-explicacio-extensa\/\",\"url\":\"https:\/\/elbullifoundation.com\/elbullistore\/ca\/recursos-de-la-cuina-als-quals-dediquem-una-explicacio-extensa\/\",\"name\":\"Recursos de la cocina: productos, t\u00e9cnicas, herraminetas... - elBullistore\",\"isPartOf\":{\"@id\":\"https:\/\/elbullifoundation.com\/elbullistore\/#website\"},\"primaryImageOfPage\":{\"@id\":\"https:\/\/elbullifoundation.com\/elbullistore\/ca\/recursos-de-la-cuina-als-quals-dediquem-una-explicacio-extensa\/#primaryimage\"},\"image\":{\"@id\":\"https:\/\/elbullifoundation.com\/elbullistore\/ca\/recursos-de-la-cuina-als-quals-dediquem-una-explicacio-extensa\/#primaryimage\"},\"thumbnailUrl\":\"https:\/\/elbullifoundation.com\/elbullistore\/wp-content\/uploads\/2020\/03\/Captura-de-pantalla-2020-03-12-a-las-16.53.53.png\",\"datePublished\":\"2023-07-25T10:32:57+00:00\",\"dateModified\":\"2023-07-25T10:53:16+00:00\",\"author\":{\"@id\":\"https:\/\/elbullifoundation.com\/elbullistore\/#\/schema\/person\/c640447c0fe37ad06d5ba717d15195db\"},\"description\":\"An\u00e1lisis detallado de los productos, las t\u00e9cnicas y las herramientas como recursos ligados a la energ\u00eda, el tiempo y el espacio.\",\"breadcrumb\":{\"@id\":\"https:\/\/elbullifoundation.com\/elbullistore\/ca\/recursos-de-la-cuina-als-quals-dediquem-una-explicacio-extensa\/#breadcrumb\"},\"inLanguage\":\"es\",\"potentialAction\":[{\"@type\":\"ReadAction\",\"target\":[\"https:\/\/elbullifoundation.com\/elbullistore\/ca\/recursos-de-la-cuina-als-quals-dediquem-una-explicacio-extensa\/\"]}]},{\"@type\":\"ImageObject\",\"inLanguage\":\"es\",\"@id\":\"https:\/\/elbullifoundation.com\/elbullistore\/ca\/recursos-de-la-cuina-als-quals-dediquem-una-explicacio-extensa\/#primaryimage\",\"url\":\"https:\/\/elbullifoundation.com\/elbullistore\/wp-content\/uploads\/2020\/03\/Captura-de-pantalla-2020-03-12-a-las-16.53.53.png\",\"contentUrl\":\"https:\/\/elbullifoundation.com\/elbullistore\/wp-content\/uploads\/2020\/03\/Captura-de-pantalla-2020-03-12-a-las-16.53.53.png\",\"width\":372,\"height\":415},{\"@type\":\"BreadcrumbList\",\"@id\":\"https:\/\/elbullifoundation.com\/elbullistore\/ca\/recursos-de-la-cuina-als-quals-dediquem-una-explicacio-extensa\/#breadcrumb\",\"itemListElement\":[{\"@type\":\"ListItem\",\"position\":1,\"name\":\"Portada\",\"item\":\"https:\/\/elbullifoundation.com\/elbullistore\/\"},{\"@type\":\"ListItem\",\"position\":2,\"name\":\"RECURSOS DE LA CUINA ALS QUALS DEDIQUEM UNA EXPLICACI\u00d3 EXTENSA\"}]},{\"@type\":\"WebSite\",\"@id\":\"https:\/\/elbullifoundation.com\/elbullistore\/#website\",\"url\":\"https:\/\/elbullifoundation.com\/elbullistore\/\",\"name\":\"elBullistore\",\"description\":\"\",\"potentialAction\":[{\"@type\":\"SearchAction\",\"target\":{\"@type\":\"EntryPoint\",\"urlTemplate\":\"https:\/\/elbullifoundation.com\/elbullistore\/?s={search_term_string}\"},\"query-input\":{\"@type\":\"PropertyValueSpecification\",\"valueRequired\":true,\"valueName\":\"search_term_string\"}}],\"inLanguage\":\"es\"},{\"@type\":\"Person\",\"@id\":\"https:\/\/elbullifoundation.com\/elbullistore\/#\/schema\/person\/c640447c0fe37ad06d5ba717d15195db\",\"name\":\"rita\",\"image\":{\"@type\":\"ImageObject\",\"inLanguage\":\"es\",\"@id\":\"https:\/\/elbullifoundation.com\/elbullistore\/#\/schema\/person\/image\/\",\"url\":\"https:\/\/secure.gravatar.com\/avatar\/81d9b7df4889904fee0e6117fd68e611a24e5999d2ecb341e22d0b0825a45ebb?s=96&d=mm&r=g\",\"contentUrl\":\"https:\/\/secure.gravatar.com\/avatar\/81d9b7df4889904fee0e6117fd68e611a24e5999d2ecb341e22d0b0825a45ebb?s=96&d=mm&r=g\",\"caption\":\"rita\"},\"url\":\"https:\/\/elbullifoundation.com\/elbullistore\/author\/rita\/\"}]}<\/script>\n<!-- \/ Yoast SEO plugin. -->","yoast_head_json":{"title":"Recursos de la cocina: productos, t\u00e9cnicas, herraminetas... - elBullistore","description":"An\u00e1lisis detallado de los productos, las t\u00e9cnicas y las herramientas como recursos ligados a la energ\u00eda, el tiempo y el espacio.","robots":{"index":"index","follow":"follow","max-snippet":"max-snippet:-1","max-image-preview":"max-image-preview:large","max-video-preview":"max-video-preview:-1"},"canonical":"https:\/\/elbullifoundation.com\/elbullistore\/ca\/recursos-de-la-cuina-als-quals-dediquem-una-explicacio-extensa\/","og_locale":"es_ES","og_type":"article","og_title":"Recursos de la cocina: productos, t\u00e9cnicas, herraminetas... - elBullistore","og_description":"An\u00e1lisis detallado de los productos, las t\u00e9cnicas y las herramientas como recursos ligados a la energ\u00eda, el tiempo y el espacio.","og_url":"https:\/\/elbullifoundation.com\/elbullistore\/ca\/recursos-de-la-cuina-als-quals-dediquem-una-explicacio-extensa\/","og_site_name":"elBullistore","article_published_time":"2023-07-25T10:32:57+00:00","article_modified_time":"2023-07-25T10:53:16+00:00","og_image":[{"width":372,"height":415,"url":"https:\/\/elbullifoundation.com\/elbullistore\/wp-content\/uploads\/2020\/03\/Captura-de-pantalla-2020-03-12-a-las-16.53.53.png","type":"image\/png"}],"author":"rita","twitter_card":"summary_large_image","twitter_misc":{"Escrito por":"rita","Tiempo de lectura":"3 minutos"},"schema":{"@context":"https:\/\/schema.org","@graph":[{"@type":"Article","@id":"https:\/\/elbullifoundation.com\/elbullistore\/ca\/recursos-de-la-cuina-als-quals-dediquem-una-explicacio-extensa\/#article","isPartOf":{"@id":"https:\/\/elbullifoundation.com\/elbullistore\/ca\/recursos-de-la-cuina-als-quals-dediquem-una-explicacio-extensa\/"},"author":{"name":"rita","@id":"https:\/\/elbullifoundation.com\/elbullistore\/#\/schema\/person\/c640447c0fe37ad06d5ba717d15195db"},"headline":"RECURSOS DE LA CUINA ALS QUALS DEDIQUEM UNA EXPLICACI\u00d3 EXTENSA","datePublished":"2023-07-25T10:32:57+00:00","dateModified":"2023-07-25T10:53:16+00:00","mainEntityOfPage":{"@id":"https:\/\/elbullifoundation.com\/elbullistore\/ca\/recursos-de-la-cuina-als-quals-dediquem-una-explicacio-extensa\/"},"wordCount":594,"image":{"@id":"https:\/\/elbullifoundation.com\/elbullistore\/ca\/recursos-de-la-cuina-als-quals-dediquem-una-explicacio-extensa\/#primaryimage"},"thumbnailUrl":"https:\/\/elbullifoundation.com\/elbullistore\/wp-content\/uploads\/2020\/03\/Captura-de-pantalla-2020-03-12-a-las-16.53.53.png","articleSection":["Uncategorized @ca"],"inLanguage":"es"},{"@type":"WebPage","@id":"https:\/\/elbullifoundation.com\/elbullistore\/ca\/recursos-de-la-cuina-als-quals-dediquem-una-explicacio-extensa\/","url":"https:\/\/elbullifoundation.com\/elbullistore\/ca\/recursos-de-la-cuina-als-quals-dediquem-una-explicacio-extensa\/","name":"Recursos de la cocina: productos, t\u00e9cnicas, herraminetas... - elBullistore","isPartOf":{"@id":"https:\/\/elbullifoundation.com\/elbullistore\/#website"},"primaryImageOfPage":{"@id":"https:\/\/elbullifoundation.com\/elbullistore\/ca\/recursos-de-la-cuina-als-quals-dediquem-una-explicacio-extensa\/#primaryimage"},"image":{"@id":"https:\/\/elbullifoundation.com\/elbullistore\/ca\/recursos-de-la-cuina-als-quals-dediquem-una-explicacio-extensa\/#primaryimage"},"thumbnailUrl":"https:\/\/elbullifoundation.com\/elbullistore\/wp-content\/uploads\/2020\/03\/Captura-de-pantalla-2020-03-12-a-las-16.53.53.png","datePublished":"2023-07-25T10:32:57+00:00","dateModified":"2023-07-25T10:53:16+00:00","author":{"@id":"https:\/\/elbullifoundation.com\/elbullistore\/#\/schema\/person\/c640447c0fe37ad06d5ba717d15195db"},"description":"An\u00e1lisis detallado de los productos, las t\u00e9cnicas y las herramientas como recursos ligados a la energ\u00eda, el tiempo y el espacio.","breadcrumb":{"@id":"https:\/\/elbullifoundation.com\/elbullistore\/ca\/recursos-de-la-cuina-als-quals-dediquem-una-explicacio-extensa\/#breadcrumb"},"inLanguage":"es","potentialAction":[{"@type":"ReadAction","target":["https:\/\/elbullifoundation.com\/elbullistore\/ca\/recursos-de-la-cuina-als-quals-dediquem-una-explicacio-extensa\/"]}]},{"@type":"ImageObject","inLanguage":"es","@id":"https:\/\/elbullifoundation.com\/elbullistore\/ca\/recursos-de-la-cuina-als-quals-dediquem-una-explicacio-extensa\/#primaryimage","url":"https:\/\/elbullifoundation.com\/elbullistore\/wp-content\/uploads\/2020\/03\/Captura-de-pantalla-2020-03-12-a-las-16.53.53.png","contentUrl":"https:\/\/elbullifoundation.com\/elbullistore\/wp-content\/uploads\/2020\/03\/Captura-de-pantalla-2020-03-12-a-las-16.53.53.png","width":372,"height":415},{"@type":"BreadcrumbList","@id":"https:\/\/elbullifoundation.com\/elbullistore\/ca\/recursos-de-la-cuina-als-quals-dediquem-una-explicacio-extensa\/#breadcrumb","itemListElement":[{"@type":"ListItem","position":1,"name":"Portada","item":"https:\/\/elbullifoundation.com\/elbullistore\/"},{"@type":"ListItem","position":2,"name":"RECURSOS DE LA CUINA ALS QUALS DEDIQUEM UNA EXPLICACI\u00d3 EXTENSA"}]},{"@type":"WebSite","@id":"https:\/\/elbullifoundation.com\/elbullistore\/#website","url":"https:\/\/elbullifoundation.com\/elbullistore\/","name":"elBullistore","description":"","potentialAction":[{"@type":"SearchAction","target":{"@type":"EntryPoint","urlTemplate":"https:\/\/elbullifoundation.com\/elbullistore\/?s={search_term_string}"},"query-input":{"@type":"PropertyValueSpecification","valueRequired":true,"valueName":"search_term_string"}}],"inLanguage":"es"},{"@type":"Person","@id":"https:\/\/elbullifoundation.com\/elbullistore\/#\/schema\/person\/c640447c0fe37ad06d5ba717d15195db","name":"rita","image":{"@type":"ImageObject","inLanguage":"es","@id":"https:\/\/elbullifoundation.com\/elbullistore\/#\/schema\/person\/image\/","url":"https:\/\/secure.gravatar.com\/avatar\/81d9b7df4889904fee0e6117fd68e611a24e5999d2ecb341e22d0b0825a45ebb?s=96&d=mm&r=g","contentUrl":"https:\/\/secure.gravatar.com\/avatar\/81d9b7df4889904fee0e6117fd68e611a24e5999d2ecb341e22d0b0825a45ebb?s=96&d=mm&r=g","caption":"rita"},"url":"https:\/\/elbullifoundation.com\/elbullistore\/author\/rita\/"}]}},"lang":"ca","translations":{"ca":16157,"es":7378},"pll_sync_post":[],"_links":{"self":[{"href":"https:\/\/elbullifoundation.com\/elbullistore\/wp-json\/wp\/v2\/posts\/16157","targetHints":{"allow":["GET"]}}],"collection":[{"href":"https:\/\/elbullifoundation.com\/elbullistore\/wp-json\/wp\/v2\/posts"}],"about":[{"href":"https:\/\/elbullifoundation.com\/elbullistore\/wp-json\/wp\/v2\/types\/post"}],"author":[{"embeddable":true,"href":"https:\/\/elbullifoundation.com\/elbullistore\/wp-json\/wp\/v2\/users\/4"}],"replies":[{"embeddable":true,"href":"https:\/\/elbullifoundation.com\/elbullistore\/wp-json\/wp\/v2\/comments?post=16157"}],"version-history":[{"count":0,"href":"https:\/\/elbullifoundation.com\/elbullistore\/wp-json\/wp\/v2\/posts\/16157\/revisions"}],"wp:featuredmedia":[{"embeddable":true,"href":"https:\/\/elbullifoundation.com\/elbullistore\/wp-json\/wp\/v2\/media\/7380"}],"wp:attachment":[{"href":"https:\/\/elbullifoundation.com\/elbullistore\/wp-json\/wp\/v2\/media?parent=16157"}],"wp:term":[{"taxonomy":"category","embeddable":true,"href":"https:\/\/elbullifoundation.com\/elbullistore\/wp-json\/wp\/v2\/categories?post=16157"},{"taxonomy":"post_tag","embeddable":true,"href":"https:\/\/elbullifoundation.com\/elbullistore\/wp-json\/wp\/v2\/tags?post=16157"}],"curies":[{"name":"wp","href":"https:\/\/api.w.org\/{rel}","templated":true}]}}