{"id":16165,"date":"2023-07-25T12:39:23","date_gmt":"2023-07-25T10:39:23","guid":{"rendered":"https:\/\/elbullifoundation.com\/elbullistore\/?p=16165"},"modified":"2023-07-25T12:53:23","modified_gmt":"2023-07-25T10:53:23","slug":"compres-lanterior-cuinar-pot-carregar-se-de-significats","status":"publish","type":"post","link":"https:\/\/elbullifoundation.com\/elbullistore\/ca\/compres-lanterior-cuinar-pot-carregar-se-de-significats\/","title":{"rendered":"COMPR\u00c8S L\u2019ANTERIOR, CUINAR POT CARREGAR-SE DE SIGNIFICATS"},"content":{"rendered":"<h3>La cuina es construeix com un llenguatge<\/h3>\n<p>Partint de significats m\u00ednims (producte, t\u00e8cnica, eina) a partir dels quals es generen altres unitats superiors (elaboracions) que poden arribar a articular un discurs (men\u00fa), veurem que la cuina es construeix com a llenguatge.<\/p>\n<h3>Un l\u00e8xic per a la comprensi\u00f3 de la cuina i la gastronomia<\/h3>\n<p>En el marc del llenguatge hum\u00e0, l&#8217;origen i l&#8217;evoluci\u00f3 del qual considerarem en aquest apartat, descobrirem que hi ha un l\u00e8xic, una terminologia pr\u00f2pia de l&#8217;\u00e0mbit culinari, que a m\u00e9s pot ser gastron\u00f2mic, emprat per designar cada part concreta o abstracta implicada en l&#8217;acci\u00f3 de cuinar.<\/p>\n<h3>Del llenguatge a les matem\u00e0tiques<\/h3>\n<p>Des d&#8217;una visi\u00f3 matem\u00e0tica plantejarem l&#8217;\u00e0lgebra com una manera de codificar la cuina. Tamb\u00e9 inclourem aqu\u00ed la idea de cuinar com una f\u00f3rmula culin\u00e0ria, analitzant-ne els resultats com a composicions acompanyades d&#8217;instruccions per a la seva elaboraci\u00f3.<\/p>\n<h3>La recepta com un algorisme<\/h3>\n<p>En aquest punt, cuinar s&#8217;explicar\u00e0 entenent les receptes com a algoritmes, ja que reuneixen la informaci\u00f3 necess\u00e0ria sobre els productes, les t\u00e8cniques i les eines que es requereixen per a una elaboraci\u00f3 concreta.<\/p>\n<h3>Categories taxon\u00f2miques per a una recepta digital<\/h3>\n<p>A l&#8217;extens m\u00f3n dels receptaris no hi ha un consens sobre les categories en els productes, les t\u00e8cniques i les eines que s&#8217;utilitzen, ni tampoc en la manera com s&#8217;anomena cada elaboraci\u00f3 obtinguda. Actualment i tenint en compte el canvi de concepte que suposa el m\u00f3n digital, proposem una s\u00e8rie de categories que ajudarien a crear consens en els enunciats de les receptes digitals.<\/p>\n<h3>Hi ha una filosofia que sost\u00e9 les decisions que pren el cuiner?<\/h3>\n<p>En introduir la filosofia lligada a la cuina, farem al\u00b7lusi\u00f3 a la manera de pensar del cuiner traslladada al proc\u00e9s culinari i als seus resultats, que us faran prendre unes decisions o altres, i que, en conjunt, ens aportar\u00e0 informaci\u00f3 clau del cuiner com a individu.<\/p>\n<h3>Les creences religioses tamb\u00e9 entren a la cuina<\/h3>\n<p>Les creences religioses han estat, hist\u00f2ricament, un dels condicionants m\u00e9s grans de la cuina, ja que estableixen determinades restriccions i prescripcions que els fidels (cuiners i comensals) traslladen als seus h\u00e0bits culinaris i de consum de productes, i que poden arribar a interferir m\u00e9s all\u00e0 del proc\u00e9s culinari, tant a l&#8217;abastament com a la degustaci\u00f3.<\/p>\n<h3>Com que la manera com cuinem \u00e9s la manera com consumim, podem ser cuiners responsables?, en qu\u00e8 es tradueix la responsabilitat en cuina?<\/h3>\n<p>Cuinar suposa gestionar recursos i, inevitablement, fer-ne un consum. Plantejarem ara si, a la cuina, es pot tenir un o altre grau de responsabilitat que orienti decisions de compra de productes i maneres d&#8217;elaborar-los, aix\u00ed com en fases posteriors, com en la gesti\u00f3 de residus generats, per exemple.<\/p>\n<h3>\u00c9s f\u00e0cil imaginar una cuina de la salut per a l&#8217;alimentaci\u00f3, per\u00f2 existeix l\u2019opci\u00f3 de realitzar una cuina per a la salut i per a l&#8217;hedonisme?<\/h3>\n<p>Exposarem la q\u00fcesti\u00f3 de la salut des del prisma de la cuina per a l&#8217;alimentaci\u00f3, a la qual s&#8217;associa sempre en un primer moment, i des del de la cuina per a l&#8217;hedonisme, en qu\u00e8 cada cop hi t\u00e9 m\u00e9s cabuda.<\/p>\n<h3>La salut com a factor a considerar en la cuina va lligada a la medicina i la farm\u00e0cia<\/h3>\n<p>A nivell hist\u00f2ric, la idea que determinades elaboracions poden curar o ajudar a recuperar-se a l&#8217;individu d&#8217;una malaltia determinada ens portar\u00e0 a plantejar el paper que tenen la medicina i la farm\u00e0cia imbricades a la cuina.<\/p>\n<h3>Podem expressar-nos a trav\u00e9s de la cuina<\/h3>\n<p>El cuiner es pot expressar a trav\u00e9s de les elaboracions que s\u00f3n resultat de la cuina, com un escriptor o un actor ho poden fer a trav\u00e9s d&#8217;un llibre o una obra de teatre, respectivament. La decisi\u00f3 sobre quin missatge envia i quina \u00e9s la filosofia que hi ha al darrere \u00e9s una q\u00fcesti\u00f3 personal.<\/p>\n<h3>\u00a1La m\u00e0xima expressi\u00f3 de la cuina \u00e9s l&#8217;amor!<\/h3>\n<p>D\u2019entre tots els sentiments que la cuina pot arribar a expressar, l&#8217;amor \u00e9s el seu m\u00e0xim exponent. Cuinar des de l&#8217;afecte cap a altres persones i bolcar tot aquest sentiment en el proc\u00e9s i els seus resultats \u00e9s un gest de generositat absolut, on es recullen vincles emocionals molt potents.<\/p>\n<h3>Moltes vegades, el motiu que ens porta a cuinar \u00e9s socialitzar amb altres \u00e9ssers humans mentre mengem<\/h3>\n<p>Un dels usos de la cuina \u00e9s purament social, at\u00e8s que cuinem per menjar acompanyats o mengem el que altres cuinen (a casa o al restaurant), convertint la degustaci\u00f3 en un moment que supera la intenci\u00f3 aliment\u00e0ria per centrar-se en les relacions socials i on es poden generar importants vincles.<\/p>\n<h3>La sociologia i l&#8217;antropologia ens ajuden a comprendre la cuina<\/h3>\n<p>La sociologia i l&#8217;antropologia s\u00f3n ci\u00e8ncies dedicades a l&#8217;estudi de l&#8217;\u00e9sser hum\u00e0, tant individualment com en el marc d&#8217;una societat. Com a disciplines que generen coneixement, les considerem potencials assessores de la nostra disciplina i creiem que poden ajudar a explicar la rellev\u00e0ncia de la cuina a la vida de cada individu i cada societat.<\/p>\n<h3>En cuinar, dissenyem amb aliments<\/h3>\n<p>Desvirtuarem aqu\u00ed el significat del disseny referit als objectes per traslladar-lo a les elaboracions que es degustaran, que es dissenyen en termes pr\u00e0ctics, emprant els productes en el proc\u00e9s d&#8217;elaboraci\u00f3, per\u00f2 el disseny del qual va comen\u00e7ar molt abans, a la ment del cuiner que cuina i part d&#8217;idees concretes.<\/p>\n<h3>La cuina pot formar part d\u00b4un espectacle<\/h3>\n<p>Cuinar pot convertir-se en un espectacle o integrar-s&#8217;hi quan s&#8217;acompanya de rituals que fan sublim aquesta acci\u00f3 o la degustaci\u00f3 dels seus resultats, cobrant aleshores un significat relacionat amb l&#8217;entreteniment.<\/p>\n<h3>Obrim el debat: podem considerar la cuina un art?, el cuiner un artista?, la creaci\u00f3 culin\u00e0ria una obra?<\/h3>\n<p>Si la cuina \u00e9s o es pot considerar art \u00e9s un debat que ve de llarg i que reprendrem en aquest apartat, comparant el cuiner amb l&#8217;artista i les elaboracions amb les obres d&#8217;art. A l&#8217;art, com a la cuina, hi ha un proc\u00e9s creatiu i tamb\u00e9 de reproducci\u00f3, ja que hi pot residir un virtuosisme extraordinari, i hi ha un resultat que t\u00e9 unes caracter\u00edstiques i pot emprar-se per plasmar un missatge, igual que passa a la cuina.<\/p>\n<h3>Cuinar com a disciplina acad\u00e8mica, universit\u00e0ria i cient\u00edfica<\/h3>\n<p>Tot i que en construcci\u00f3 i desenvolupament, la cuina ja \u00e9s una disciplina acad\u00e8mica, estudiada en centres de formaci\u00f3 de tot el m\u00f3n i, en tant que ha arribat a l&#8217;\u00e0mbit de la universitat, \u00e9s tamb\u00e9 una disciplina universit\u00e0ria. Q\u00fcestionarem si la podem considerar una disciplina cient\u00edfica i justificarem la nostra resposta basant-nos en la producci\u00f3 de coneixement.<\/p>\n<h3>Cuinar tamb\u00e9 pot tenir una finalitat divulgativa, quan es cuina per comunicar, per formar o compartir coneixement amb altres<\/h3>\n<p>Entre tots els usos de la cuina, quan es cuina per ensenyar, per acompanyar un discurs en una confer\u00e8ncia o amb un altre motiu relacionat amb la comunicaci\u00f3 i no amb la degustaci\u00f3 de les elaboracions en si mateixes, tamb\u00e9 hi trobem el de comunicar.<\/p>\n<h3>La cuina com a motor de producci\u00f3 editorial i audiovisual en tots els formats<\/h3>\n<p>Lligat al prop\u00f2sit anterior, observarem que all\u00f2 culinari t\u00e9 una pres\u00e8ncia important en el m\u00f3n editorial i audiovisual com a generador de continguts. La cuina, com a tem\u00e0tica, es dona en multitud de versions, en formats per llegir, escoltar i visualitzar.<\/p>\n<h3>La cuina com a generadora de cultura i mirall d&#8217;identitat<\/h3>\n<p>Com a part quotidiana de la vida de l&#8217;\u00e9sser hum\u00e0 des de temps prehist\u00f2rics, la cuina est\u00e0 arrelada en les maneres d&#8217;entendre l&#8217;entorn i relacionar-s&#8217;hi. D&#8217;acord amb elles, ha passat a formar part d&#8217;una cultura local, regional, nacional, etc., que, a cada lloc del m\u00f3n, es configura d&#8217;una manera determinada i en qu\u00e8 t\u00e9 un enorme pes simb\u00f2lic i lit\u00fargic.<\/p>\n<h3>Quants vam ser, quants som i quants serem: una visi\u00f3 de la cuina des de la demografia<\/h3>\n<p>La consideraci\u00f3 que el coneixement demogr\u00e0fic de les poblacions humanes ens ajudaria a comprendre millor la seva realitat culin\u00e0ria queda desenvolupada en aquest apartat, on ens preguntarem per factors com les migracions.<\/p>\n<h3>La consideraci\u00f3 del lloc geogr\u00e0fic: qu\u00e8 varia si alterem el punt de la terra on es cuina, es menja i es beu?<\/h3>\n<p>Un dels principals motors de generaci\u00f3 de caracter\u00edstiques d&#8217;una cuina ha estat, hist\u00f2ricament, el lloc del m\u00f3n on es duu a terme, determinant en molts aspectes per con\u00e8ixer per qu\u00e8 es cuina aplicant una determinada t\u00e8cnica o emprant un producte en concret, per exemple.<\/p>\n<h3>Cuina end\u00e8mica<\/h3>\n<p>Si per end\u00e8mic entenem propi d&#8217;un lloc, considerarem la possibilitat que es dugui a terme una cuina qualificada aix\u00ed, arrelada a les seves arrels a nivell de territori.<\/p>\n<h3>Cuina oriental, cuina occidental: les dues grans cultures gastron\u00f2miques<\/h3>\n<p>Tot i que aquest volum estigui centrat en la restauraci\u00f3 gastron\u00f2mica occidental, no podem deixar de considerar la realitat geopol\u00edtica que conforma el binomi Orient-Occident i que traslladarem a l&#8217;art culinari.<\/p>\n<h3>Sobre ci\u00e8ncia pol\u00edtica i cuina: com el sistema pol\u00edtic d&#8217;un territori pot tenir un impacte fort en les formes de cuinar i degustar<\/h3>\n<p>Una altra de les disciplines menys associades a la cuina, per\u00f2 que ajuda a explicar molts dels seus resultats i els seus comportaments, \u00e9s la ci\u00e8ncia pol\u00edtica. Des d&#8217;aquesta perspectiva, esbossarem una breu pinzellada sobre el fet culinari, considerant que pugui veure&#8217;s condicionat o assegurat, m\u00e9s o menys influenciat, per un sistema i ordre pol\u00edtic determinats.<\/p>\n<h3>Quants sectors econ\u00f2mics caben en un plat o en un got? Una reflexi\u00f3 sobre l&#8217;impacte de la cuina com a activitat econ\u00f2mica<\/h3>\n<p>Per a ser una realitat, una cosa possible, la cuina requereix dels tres sectors econ\u00f2mics tradicionals. Del sector primari de l&#8217;agricultura, la ramaderia i la pesca, la cuina pren el producte no elaborat; en el sector secundari es troba la ind\u00fastria aliment\u00e0ria, que el transforma i distribueix; i, en el terciari, o serveis, trobem l&#8217;hostaleria (lligada al turisme) en la qual es troba la restauraci\u00f3 en totes les seves versions.<\/p>\n","protected":false},"excerpt":{"rendered":"<p>La cuina es construeix com un llenguatge Partint de significats m\u00ednims (producte, t\u00e8cnica, eina) a partir dels quals es generen altres unitats superiors (elaboracions) que poden arribar a articular un discurs (men\u00fa), veurem que la cuina es construeix com a llenguatge. Un l\u00e8xic per a la comprensi\u00f3 de la cuina i la gastronomia En el [&hellip;]<\/p>\n","protected":false},"author":4,"featured_media":7397,"comment_status":"closed","ping_status":"open","sticky":false,"template":"","format":"standard","meta":{"_acf_changed":false,"footnotes":""},"categories":[57],"tags":[],"class_list":["post-16165","post","type-post","status-publish","format-standard","has-post-thumbnail","hentry","category-uncategorized-ca"],"acf":[],"yoast_head":"<!-- This site is optimized with the Yoast SEO plugin v26.9 - https:\/\/yoast.com\/product\/yoast-seo-wordpress\/ -->\n<title>Significado de cocina - elBullistore<\/title>\n<meta name=\"description\" content=\"Planteamos el significado de cocina en relaci\u00f3n con otros sectores y \u00e1mbitos, con otras disciplinas, para ampliar la visi\u00f3n de la acci\u00f3n cocinar.\" \/>\n<meta name=\"robots\" content=\"index, follow, max-snippet:-1, max-image-preview:large, max-video-preview:-1\" \/>\n<link rel=\"canonical\" href=\"https:\/\/elbullifoundation.com\/elbullistore\/ca\/compres-lanterior-cuinar-pot-carregar-se-de-significats\/\" \/>\n<meta property=\"og:locale\" content=\"es_ES\" \/>\n<meta property=\"og:type\" content=\"article\" \/>\n<meta property=\"og:title\" content=\"Significado de cocina - elBullistore\" \/>\n<meta property=\"og:description\" content=\"Planteamos el significado de cocina en relaci\u00f3n con otros sectores y \u00e1mbitos, con otras disciplinas, para ampliar la visi\u00f3n de la acci\u00f3n cocinar.\" \/>\n<meta property=\"og:url\" content=\"https:\/\/elbullifoundation.com\/elbullistore\/ca\/compres-lanterior-cuinar-pot-carregar-se-de-significats\/\" \/>\n<meta property=\"og:site_name\" content=\"elBullistore\" \/>\n<meta property=\"article:published_time\" content=\"2023-07-25T10:39:23+00:00\" \/>\n<meta property=\"article:modified_time\" content=\"2023-07-25T10:53:23+00:00\" \/>\n<meta property=\"og:image\" content=\"https:\/\/elbullifoundation.com\/elbullistore\/wp-content\/uploads\/2020\/03\/Captura-de-pantalla-2020-03-12-a-las-16.54.03.png\" \/>\n\t<meta property=\"og:image:width\" content=\"374\" \/>\n\t<meta property=\"og:image:height\" content=\"419\" \/>\n\t<meta property=\"og:image:type\" content=\"image\/png\" \/>\n<meta name=\"author\" content=\"rita\" \/>\n<meta name=\"twitter:card\" content=\"summary_large_image\" \/>\n<meta name=\"twitter:label1\" content=\"Escrito por\" \/>\n\t<meta name=\"twitter:data1\" content=\"rita\" \/>\n\t<meta name=\"twitter:label2\" content=\"Tiempo de lectura\" \/>\n\t<meta name=\"twitter:data2\" content=\"8 minutos\" \/>\n<script type=\"application\/ld+json\" class=\"yoast-schema-graph\">{\"@context\":\"https:\/\/schema.org\",\"@graph\":[{\"@type\":\"Article\",\"@id\":\"https:\/\/elbullifoundation.com\/elbullistore\/ca\/compres-lanterior-cuinar-pot-carregar-se-de-significats\/#article\",\"isPartOf\":{\"@id\":\"https:\/\/elbullifoundation.com\/elbullistore\/ca\/compres-lanterior-cuinar-pot-carregar-se-de-significats\/\"},\"author\":{\"name\":\"rita\",\"@id\":\"https:\/\/elbullifoundation.com\/elbullistore\/#\/schema\/person\/c640447c0fe37ad06d5ba717d15195db\"},\"headline\":\"COMPR\u00c8S L\u2019ANTERIOR, CUINAR POT CARREGAR-SE DE SIGNIFICATS\",\"datePublished\":\"2023-07-25T10:39:23+00:00\",\"dateModified\":\"2023-07-25T10:53:23+00:00\",\"mainEntityOfPage\":{\"@id\":\"https:\/\/elbullifoundation.com\/elbullistore\/ca\/compres-lanterior-cuinar-pot-carregar-se-de-significats\/\"},\"wordCount\":1774,\"image\":{\"@id\":\"https:\/\/elbullifoundation.com\/elbullistore\/ca\/compres-lanterior-cuinar-pot-carregar-se-de-significats\/#primaryimage\"},\"thumbnailUrl\":\"https:\/\/elbullifoundation.com\/elbullistore\/wp-content\/uploads\/2020\/03\/Captura-de-pantalla-2020-03-12-a-las-16.54.03.png\",\"articleSection\":[\"Uncategorized @ca\"],\"inLanguage\":\"es\"},{\"@type\":\"WebPage\",\"@id\":\"https:\/\/elbullifoundation.com\/elbullistore\/ca\/compres-lanterior-cuinar-pot-carregar-se-de-significats\/\",\"url\":\"https:\/\/elbullifoundation.com\/elbullistore\/ca\/compres-lanterior-cuinar-pot-carregar-se-de-significats\/\",\"name\":\"Significado de cocina - elBullistore\",\"isPartOf\":{\"@id\":\"https:\/\/elbullifoundation.com\/elbullistore\/#website\"},\"primaryImageOfPage\":{\"@id\":\"https:\/\/elbullifoundation.com\/elbullistore\/ca\/compres-lanterior-cuinar-pot-carregar-se-de-significats\/#primaryimage\"},\"image\":{\"@id\":\"https:\/\/elbullifoundation.com\/elbullistore\/ca\/compres-lanterior-cuinar-pot-carregar-se-de-significats\/#primaryimage\"},\"thumbnailUrl\":\"https:\/\/elbullifoundation.com\/elbullistore\/wp-content\/uploads\/2020\/03\/Captura-de-pantalla-2020-03-12-a-las-16.54.03.png\",\"datePublished\":\"2023-07-25T10:39:23+00:00\",\"dateModified\":\"2023-07-25T10:53:23+00:00\",\"author\":{\"@id\":\"https:\/\/elbullifoundation.com\/elbullistore\/#\/schema\/person\/c640447c0fe37ad06d5ba717d15195db\"},\"description\":\"Planteamos el significado de cocina en relaci\u00f3n con otros sectores y \u00e1mbitos, con otras disciplinas, para ampliar la visi\u00f3n de la acci\u00f3n cocinar.\",\"breadcrumb\":{\"@id\":\"https:\/\/elbullifoundation.com\/elbullistore\/ca\/compres-lanterior-cuinar-pot-carregar-se-de-significats\/#breadcrumb\"},\"inLanguage\":\"es\",\"potentialAction\":[{\"@type\":\"ReadAction\",\"target\":[\"https:\/\/elbullifoundation.com\/elbullistore\/ca\/compres-lanterior-cuinar-pot-carregar-se-de-significats\/\"]}]},{\"@type\":\"ImageObject\",\"inLanguage\":\"es\",\"@id\":\"https:\/\/elbullifoundation.com\/elbullistore\/ca\/compres-lanterior-cuinar-pot-carregar-se-de-significats\/#primaryimage\",\"url\":\"https:\/\/elbullifoundation.com\/elbullistore\/wp-content\/uploads\/2020\/03\/Captura-de-pantalla-2020-03-12-a-las-16.54.03.png\",\"contentUrl\":\"https:\/\/elbullifoundation.com\/elbullistore\/wp-content\/uploads\/2020\/03\/Captura-de-pantalla-2020-03-12-a-las-16.54.03.png\",\"width\":374,\"height\":419,\"caption\":\"Cocinar puede cargarse de significados\"},{\"@type\":\"BreadcrumbList\",\"@id\":\"https:\/\/elbullifoundation.com\/elbullistore\/ca\/compres-lanterior-cuinar-pot-carregar-se-de-significats\/#breadcrumb\",\"itemListElement\":[{\"@type\":\"ListItem\",\"position\":1,\"name\":\"Portada\",\"item\":\"https:\/\/elbullifoundation.com\/elbullistore\/\"},{\"@type\":\"ListItem\",\"position\":2,\"name\":\"COMPR\u00c8S L\u2019ANTERIOR, CUINAR POT CARREGAR-SE DE SIGNIFICATS\"}]},{\"@type\":\"WebSite\",\"@id\":\"https:\/\/elbullifoundation.com\/elbullistore\/#website\",\"url\":\"https:\/\/elbullifoundation.com\/elbullistore\/\",\"name\":\"elBullistore\",\"description\":\"\",\"potentialAction\":[{\"@type\":\"SearchAction\",\"target\":{\"@type\":\"EntryPoint\",\"urlTemplate\":\"https:\/\/elbullifoundation.com\/elbullistore\/?s={search_term_string}\"},\"query-input\":{\"@type\":\"PropertyValueSpecification\",\"valueRequired\":true,\"valueName\":\"search_term_string\"}}],\"inLanguage\":\"es\"},{\"@type\":\"Person\",\"@id\":\"https:\/\/elbullifoundation.com\/elbullistore\/#\/schema\/person\/c640447c0fe37ad06d5ba717d15195db\",\"name\":\"rita\",\"image\":{\"@type\":\"ImageObject\",\"inLanguage\":\"es\",\"@id\":\"https:\/\/elbullifoundation.com\/elbullistore\/#\/schema\/person\/image\/\",\"url\":\"https:\/\/secure.gravatar.com\/avatar\/81d9b7df4889904fee0e6117fd68e611a24e5999d2ecb341e22d0b0825a45ebb?s=96&d=mm&r=g\",\"contentUrl\":\"https:\/\/secure.gravatar.com\/avatar\/81d9b7df4889904fee0e6117fd68e611a24e5999d2ecb341e22d0b0825a45ebb?s=96&d=mm&r=g\",\"caption\":\"rita\"},\"url\":\"https:\/\/elbullifoundation.com\/elbullistore\/author\/rita\/\"}]}<\/script>\n<!-- \/ Yoast SEO plugin. -->","yoast_head_json":{"title":"Significado de cocina - elBullistore","description":"Planteamos el significado de cocina en relaci\u00f3n con otros sectores y \u00e1mbitos, con otras disciplinas, para ampliar la visi\u00f3n de la acci\u00f3n cocinar.","robots":{"index":"index","follow":"follow","max-snippet":"max-snippet:-1","max-image-preview":"max-image-preview:large","max-video-preview":"max-video-preview:-1"},"canonical":"https:\/\/elbullifoundation.com\/elbullistore\/ca\/compres-lanterior-cuinar-pot-carregar-se-de-significats\/","og_locale":"es_ES","og_type":"article","og_title":"Significado de cocina - elBullistore","og_description":"Planteamos el significado de cocina en relaci\u00f3n con otros sectores y \u00e1mbitos, con otras disciplinas, para ampliar la visi\u00f3n de la acci\u00f3n cocinar.","og_url":"https:\/\/elbullifoundation.com\/elbullistore\/ca\/compres-lanterior-cuinar-pot-carregar-se-de-significats\/","og_site_name":"elBullistore","article_published_time":"2023-07-25T10:39:23+00:00","article_modified_time":"2023-07-25T10:53:23+00:00","og_image":[{"width":374,"height":419,"url":"https:\/\/elbullifoundation.com\/elbullistore\/wp-content\/uploads\/2020\/03\/Captura-de-pantalla-2020-03-12-a-las-16.54.03.png","type":"image\/png"}],"author":"rita","twitter_card":"summary_large_image","twitter_misc":{"Escrito por":"rita","Tiempo de lectura":"8 minutos"},"schema":{"@context":"https:\/\/schema.org","@graph":[{"@type":"Article","@id":"https:\/\/elbullifoundation.com\/elbullistore\/ca\/compres-lanterior-cuinar-pot-carregar-se-de-significats\/#article","isPartOf":{"@id":"https:\/\/elbullifoundation.com\/elbullistore\/ca\/compres-lanterior-cuinar-pot-carregar-se-de-significats\/"},"author":{"name":"rita","@id":"https:\/\/elbullifoundation.com\/elbullistore\/#\/schema\/person\/c640447c0fe37ad06d5ba717d15195db"},"headline":"COMPR\u00c8S L\u2019ANTERIOR, CUINAR POT CARREGAR-SE DE SIGNIFICATS","datePublished":"2023-07-25T10:39:23+00:00","dateModified":"2023-07-25T10:53:23+00:00","mainEntityOfPage":{"@id":"https:\/\/elbullifoundation.com\/elbullistore\/ca\/compres-lanterior-cuinar-pot-carregar-se-de-significats\/"},"wordCount":1774,"image":{"@id":"https:\/\/elbullifoundation.com\/elbullistore\/ca\/compres-lanterior-cuinar-pot-carregar-se-de-significats\/#primaryimage"},"thumbnailUrl":"https:\/\/elbullifoundation.com\/elbullistore\/wp-content\/uploads\/2020\/03\/Captura-de-pantalla-2020-03-12-a-las-16.54.03.png","articleSection":["Uncategorized @ca"],"inLanguage":"es"},{"@type":"WebPage","@id":"https:\/\/elbullifoundation.com\/elbullistore\/ca\/compres-lanterior-cuinar-pot-carregar-se-de-significats\/","url":"https:\/\/elbullifoundation.com\/elbullistore\/ca\/compres-lanterior-cuinar-pot-carregar-se-de-significats\/","name":"Significado de cocina - elBullistore","isPartOf":{"@id":"https:\/\/elbullifoundation.com\/elbullistore\/#website"},"primaryImageOfPage":{"@id":"https:\/\/elbullifoundation.com\/elbullistore\/ca\/compres-lanterior-cuinar-pot-carregar-se-de-significats\/#primaryimage"},"image":{"@id":"https:\/\/elbullifoundation.com\/elbullistore\/ca\/compres-lanterior-cuinar-pot-carregar-se-de-significats\/#primaryimage"},"thumbnailUrl":"https:\/\/elbullifoundation.com\/elbullistore\/wp-content\/uploads\/2020\/03\/Captura-de-pantalla-2020-03-12-a-las-16.54.03.png","datePublished":"2023-07-25T10:39:23+00:00","dateModified":"2023-07-25T10:53:23+00:00","author":{"@id":"https:\/\/elbullifoundation.com\/elbullistore\/#\/schema\/person\/c640447c0fe37ad06d5ba717d15195db"},"description":"Planteamos el significado de cocina en relaci\u00f3n con otros sectores y \u00e1mbitos, con otras disciplinas, para ampliar la visi\u00f3n de la acci\u00f3n cocinar.","breadcrumb":{"@id":"https:\/\/elbullifoundation.com\/elbullistore\/ca\/compres-lanterior-cuinar-pot-carregar-se-de-significats\/#breadcrumb"},"inLanguage":"es","potentialAction":[{"@type":"ReadAction","target":["https:\/\/elbullifoundation.com\/elbullistore\/ca\/compres-lanterior-cuinar-pot-carregar-se-de-significats\/"]}]},{"@type":"ImageObject","inLanguage":"es","@id":"https:\/\/elbullifoundation.com\/elbullistore\/ca\/compres-lanterior-cuinar-pot-carregar-se-de-significats\/#primaryimage","url":"https:\/\/elbullifoundation.com\/elbullistore\/wp-content\/uploads\/2020\/03\/Captura-de-pantalla-2020-03-12-a-las-16.54.03.png","contentUrl":"https:\/\/elbullifoundation.com\/elbullistore\/wp-content\/uploads\/2020\/03\/Captura-de-pantalla-2020-03-12-a-las-16.54.03.png","width":374,"height":419,"caption":"Cocinar puede cargarse de significados"},{"@type":"BreadcrumbList","@id":"https:\/\/elbullifoundation.com\/elbullistore\/ca\/compres-lanterior-cuinar-pot-carregar-se-de-significats\/#breadcrumb","itemListElement":[{"@type":"ListItem","position":1,"name":"Portada","item":"https:\/\/elbullifoundation.com\/elbullistore\/"},{"@type":"ListItem","position":2,"name":"COMPR\u00c8S L\u2019ANTERIOR, CUINAR POT CARREGAR-SE DE SIGNIFICATS"}]},{"@type":"WebSite","@id":"https:\/\/elbullifoundation.com\/elbullistore\/#website","url":"https:\/\/elbullifoundation.com\/elbullistore\/","name":"elBullistore","description":"","potentialAction":[{"@type":"SearchAction","target":{"@type":"EntryPoint","urlTemplate":"https:\/\/elbullifoundation.com\/elbullistore\/?s={search_term_string}"},"query-input":{"@type":"PropertyValueSpecification","valueRequired":true,"valueName":"search_term_string"}}],"inLanguage":"es"},{"@type":"Person","@id":"https:\/\/elbullifoundation.com\/elbullistore\/#\/schema\/person\/c640447c0fe37ad06d5ba717d15195db","name":"rita","image":{"@type":"ImageObject","inLanguage":"es","@id":"https:\/\/elbullifoundation.com\/elbullistore\/#\/schema\/person\/image\/","url":"https:\/\/secure.gravatar.com\/avatar\/81d9b7df4889904fee0e6117fd68e611a24e5999d2ecb341e22d0b0825a45ebb?s=96&d=mm&r=g","contentUrl":"https:\/\/secure.gravatar.com\/avatar\/81d9b7df4889904fee0e6117fd68e611a24e5999d2ecb341e22d0b0825a45ebb?s=96&d=mm&r=g","caption":"rita"},"url":"https:\/\/elbullifoundation.com\/elbullistore\/author\/rita\/"}]}},"lang":"ca","translations":{"ca":16165,"es":7394,"en":8561},"pll_sync_post":[],"_links":{"self":[{"href":"https:\/\/elbullifoundation.com\/elbullistore\/wp-json\/wp\/v2\/posts\/16165","targetHints":{"allow":["GET"]}}],"collection":[{"href":"https:\/\/elbullifoundation.com\/elbullistore\/wp-json\/wp\/v2\/posts"}],"about":[{"href":"https:\/\/elbullifoundation.com\/elbullistore\/wp-json\/wp\/v2\/types\/post"}],"author":[{"embeddable":true,"href":"https:\/\/elbullifoundation.com\/elbullistore\/wp-json\/wp\/v2\/users\/4"}],"replies":[{"embeddable":true,"href":"https:\/\/elbullifoundation.com\/elbullistore\/wp-json\/wp\/v2\/comments?post=16165"}],"version-history":[{"count":0,"href":"https:\/\/elbullifoundation.com\/elbullistore\/wp-json\/wp\/v2\/posts\/16165\/revisions"}],"wp:featuredmedia":[{"embeddable":true,"href":"https:\/\/elbullifoundation.com\/elbullistore\/wp-json\/wp\/v2\/media\/7397"}],"wp:attachment":[{"href":"https:\/\/elbullifoundation.com\/elbullistore\/wp-json\/wp\/v2\/media?parent=16165"}],"wp:term":[{"taxonomy":"category","embeddable":true,"href":"https:\/\/elbullifoundation.com\/elbullistore\/wp-json\/wp\/v2\/categories?post=16165"},{"taxonomy":"post_tag","embeddable":true,"href":"https:\/\/elbullifoundation.com\/elbullistore\/wp-json\/wp\/v2\/tags?post=16165"}],"curies":[{"name":"wp","href":"https:\/\/api.w.org\/{rel}","templated":true}]}}