{"id":16257,"date":"2023-07-25T14:28:52","date_gmt":"2023-07-25T12:28:52","guid":{"rendered":"https:\/\/elbullifoundation.com\/elbullistore\/?p=16257"},"modified":"2023-07-25T14:30:08","modified_gmt":"2023-07-25T12:30:08","slug":"el-tomaquet-en-la-naturalesa","status":"publish","type":"post","link":"https:\/\/elbullifoundation.com\/elbullistore\/ca\/el-tomaquet-en-la-naturalesa\/","title":{"rendered":"EL TOM\u00c0QUET EN LA NATURALESA"},"content":{"rendered":"\n<p>Molt abans que aparegu\u00e9ssim els \u00e9ssers humans en la Terra, fa milions d&#8217;anys, van comen\u00e7ar a cr\u00e9ixer les primeres plantes de tom\u00e0quet silvestre als Andes. Sense elles, probablement avui no consumir\u00edem tom\u00e0quets.<\/p>\n\n\n\n<p>En aquest tercer cap\u00edtol, breu per\u00f2 imprescindible, farem un rep\u00e0s des dels primers vestigis de vida en la Terra fins a l&#8217;aparici\u00f3 de la planta del tom\u00e0quet. Al llarg d&#8217;aquestes p\u00e0gines coneixerem on creixen i com s\u00f3n les esp\u00e8cies silvestres i, en concret, els seus fruits. Tenia inter\u00e8s alimentari el tom\u00e0quet silvestre?<\/p>\n","protected":false},"excerpt":{"rendered":"<p>Molt abans que aparegu\u00e9ssim els \u00e9ssers humans en la Terra, fa milions d&#8217;anys, van comen\u00e7ar a cr\u00e9ixer les primeres plantes de tom\u00e0quet silvestre als Andes. Sense elles, probablement avui no consumir\u00edem tom\u00e0quets. En aquest tercer cap\u00edtol, breu per\u00f2 imprescindible, farem un rep\u00e0s des dels primers vestigis de vida en la Terra fins a l&#8217;aparici\u00f3 de [&hellip;]<\/p>\n","protected":false},"author":4,"featured_media":8902,"comment_status":"closed","ping_status":"open","sticky":false,"template":"","format":"standard","meta":{"_acf_changed":false,"footnotes":""},"categories":[57],"tags":[],"class_list":["post-16257","post","type-post","status-publish","format-standard","has-post-thumbnail","hentry","category-uncategorized-ca"],"acf":[],"yoast_head":"<!-- This site is optimized with the Yoast SEO plugin v26.9 - https:\/\/yoast.com\/product\/yoast-seo-wordpress\/ -->\n<title>El tomate en la naturaleza. D\u00f3nde crecen y c\u00f3mo son las especies silvestres de este fruto - elBulliStore<\/title>\n<meta name=\"description\" content=\"Repaso hist\u00f3rico desde los primeros vestigios de vida en la Tierra hasta la aparici\u00f3n de la planta del tomate silvestre en los Andes.\" \/>\n<meta name=\"robots\" content=\"index, follow, max-snippet:-1, max-image-preview:large, max-video-preview:-1\" \/>\n<link rel=\"canonical\" href=\"https:\/\/elbullifoundation.com\/elbullistore\/ca\/el-tomaquet-en-la-naturalesa\/\" \/>\n<meta property=\"og:locale\" content=\"es_ES\" \/>\n<meta property=\"og:type\" content=\"article\" \/>\n<meta property=\"og:title\" content=\"El tomate en la naturaleza. D\u00f3nde crecen y c\u00f3mo son las especies silvestres de este fruto - elBulliStore\" \/>\n<meta property=\"og:description\" content=\"Repaso hist\u00f3rico desde los primeros vestigios de vida en la Tierra hasta la aparici\u00f3n de la planta del tomate silvestre en los Andes.\" \/>\n<meta property=\"og:url\" content=\"https:\/\/elbullifoundation.com\/elbullistore\/ca\/el-tomaquet-en-la-naturalesa\/\" \/>\n<meta property=\"og:site_name\" content=\"elBullistore\" \/>\n<meta property=\"article:published_time\" content=\"2023-07-25T12:28:52+00:00\" \/>\n<meta property=\"article:modified_time\" content=\"2023-07-25T12:30:08+00:00\" \/>\n<meta property=\"og:image\" content=\"https:\/\/elbullifoundation.com\/elbullistore\/wp-content\/uploads\/2020\/09\/4.jpg\" \/>\n\t<meta property=\"og:image:width\" content=\"500\" \/>\n\t<meta property=\"og:image:height\" content=\"359\" \/>\n\t<meta property=\"og:image:type\" content=\"image\/jpeg\" \/>\n<meta name=\"author\" content=\"rita\" \/>\n<meta name=\"twitter:card\" content=\"summary_large_image\" \/>\n<meta name=\"twitter:label1\" content=\"Escrito por\" \/>\n\t<meta name=\"twitter:data1\" content=\"rita\" \/>\n\t<meta name=\"twitter:label2\" content=\"Tiempo de lectura\" \/>\n\t<meta name=\"twitter:data2\" content=\"1 minuto\" \/>\n<script type=\"application\/ld+json\" class=\"yoast-schema-graph\">{\"@context\":\"https:\/\/schema.org\",\"@graph\":[{\"@type\":\"Article\",\"@id\":\"https:\/\/elbullifoundation.com\/elbullistore\/ca\/el-tomaquet-en-la-naturalesa\/#article\",\"isPartOf\":{\"@id\":\"https:\/\/elbullifoundation.com\/elbullistore\/ca\/el-tomaquet-en-la-naturalesa\/\"},\"author\":{\"name\":\"rita\",\"@id\":\"https:\/\/elbullifoundation.com\/elbullistore\/#\/schema\/person\/c640447c0fe37ad06d5ba717d15195db\"},\"headline\":\"EL TOM\u00c0QUET EN LA NATURALESA\",\"datePublished\":\"2023-07-25T12:28:52+00:00\",\"dateModified\":\"2023-07-25T12:30:08+00:00\",\"mainEntityOfPage\":{\"@id\":\"https:\/\/elbullifoundation.com\/elbullistore\/ca\/el-tomaquet-en-la-naturalesa\/\"},\"wordCount\":107,\"image\":{\"@id\":\"https:\/\/elbullifoundation.com\/elbullistore\/ca\/el-tomaquet-en-la-naturalesa\/#primaryimage\"},\"thumbnailUrl\":\"https:\/\/elbullifoundation.com\/elbullistore\/wp-content\/uploads\/2020\/09\/4.jpg\",\"articleSection\":[\"Uncategorized @ca\"],\"inLanguage\":\"es\"},{\"@type\":\"WebPage\",\"@id\":\"https:\/\/elbullifoundation.com\/elbullistore\/ca\/el-tomaquet-en-la-naturalesa\/\",\"url\":\"https:\/\/elbullifoundation.com\/elbullistore\/ca\/el-tomaquet-en-la-naturalesa\/\",\"name\":\"El tomate en la naturaleza. D\u00f3nde crecen y c\u00f3mo son las especies silvestres de este fruto - elBulliStore\",\"isPartOf\":{\"@id\":\"https:\/\/elbullifoundation.com\/elbullistore\/#website\"},\"primaryImageOfPage\":{\"@id\":\"https:\/\/elbullifoundation.com\/elbullistore\/ca\/el-tomaquet-en-la-naturalesa\/#primaryimage\"},\"image\":{\"@id\":\"https:\/\/elbullifoundation.com\/elbullistore\/ca\/el-tomaquet-en-la-naturalesa\/#primaryimage\"},\"thumbnailUrl\":\"https:\/\/elbullifoundation.com\/elbullistore\/wp-content\/uploads\/2020\/09\/4.jpg\",\"datePublished\":\"2023-07-25T12:28:52+00:00\",\"dateModified\":\"2023-07-25T12:30:08+00:00\",\"author\":{\"@id\":\"https:\/\/elbullifoundation.com\/elbullistore\/#\/schema\/person\/c640447c0fe37ad06d5ba717d15195db\"},\"description\":\"Repaso hist\u00f3rico desde los primeros vestigios de vida en la Tierra hasta la aparici\u00f3n de la planta del tomate silvestre en los Andes.\",\"breadcrumb\":{\"@id\":\"https:\/\/elbullifoundation.com\/elbullistore\/ca\/el-tomaquet-en-la-naturalesa\/#breadcrumb\"},\"inLanguage\":\"es\",\"potentialAction\":[{\"@type\":\"ReadAction\",\"target\":[\"https:\/\/elbullifoundation.com\/elbullistore\/ca\/el-tomaquet-en-la-naturalesa\/\"]}]},{\"@type\":\"ImageObject\",\"inLanguage\":\"es\",\"@id\":\"https:\/\/elbullifoundation.com\/elbullistore\/ca\/el-tomaquet-en-la-naturalesa\/#primaryimage\",\"url\":\"https:\/\/elbullifoundation.com\/elbullistore\/wp-content\/uploads\/2020\/09\/4.jpg\",\"contentUrl\":\"https:\/\/elbullifoundation.com\/elbullistore\/wp-content\/uploads\/2020\/09\/4.jpg\",\"width\":500,\"height\":359},{\"@type\":\"BreadcrumbList\",\"@id\":\"https:\/\/elbullifoundation.com\/elbullistore\/ca\/el-tomaquet-en-la-naturalesa\/#breadcrumb\",\"itemListElement\":[{\"@type\":\"ListItem\",\"position\":1,\"name\":\"Portada\",\"item\":\"https:\/\/elbullifoundation.com\/elbullistore\/\"},{\"@type\":\"ListItem\",\"position\":2,\"name\":\"EL TOM\u00c0QUET EN LA NATURALESA\"}]},{\"@type\":\"WebSite\",\"@id\":\"https:\/\/elbullifoundation.com\/elbullistore\/#website\",\"url\":\"https:\/\/elbullifoundation.com\/elbullistore\/\",\"name\":\"elBullistore\",\"description\":\"\",\"potentialAction\":[{\"@type\":\"SearchAction\",\"target\":{\"@type\":\"EntryPoint\",\"urlTemplate\":\"https:\/\/elbullifoundation.com\/elbullistore\/?s={search_term_string}\"},\"query-input\":{\"@type\":\"PropertyValueSpecification\",\"valueRequired\":true,\"valueName\":\"search_term_string\"}}],\"inLanguage\":\"es\"},{\"@type\":\"Person\",\"@id\":\"https:\/\/elbullifoundation.com\/elbullistore\/#\/schema\/person\/c640447c0fe37ad06d5ba717d15195db\",\"name\":\"rita\",\"image\":{\"@type\":\"ImageObject\",\"inLanguage\":\"es\",\"@id\":\"https:\/\/elbullifoundation.com\/elbullistore\/#\/schema\/person\/image\/\",\"url\":\"https:\/\/secure.gravatar.com\/avatar\/81d9b7df4889904fee0e6117fd68e611a24e5999d2ecb341e22d0b0825a45ebb?s=96&d=mm&r=g\",\"contentUrl\":\"https:\/\/secure.gravatar.com\/avatar\/81d9b7df4889904fee0e6117fd68e611a24e5999d2ecb341e22d0b0825a45ebb?s=96&d=mm&r=g\",\"caption\":\"rita\"},\"url\":\"https:\/\/elbullifoundation.com\/elbullistore\/author\/rita\/\"}]}<\/script>\n<!-- \/ Yoast SEO plugin. -->","yoast_head_json":{"title":"El tomate en la naturaleza. D\u00f3nde crecen y c\u00f3mo son las especies silvestres de este fruto - elBulliStore","description":"Repaso hist\u00f3rico desde los primeros vestigios de vida en la Tierra hasta la aparici\u00f3n de la planta del tomate silvestre en los Andes.","robots":{"index":"index","follow":"follow","max-snippet":"max-snippet:-1","max-image-preview":"max-image-preview:large","max-video-preview":"max-video-preview:-1"},"canonical":"https:\/\/elbullifoundation.com\/elbullistore\/ca\/el-tomaquet-en-la-naturalesa\/","og_locale":"es_ES","og_type":"article","og_title":"El tomate en la naturaleza. D\u00f3nde crecen y c\u00f3mo son las especies silvestres de este fruto - elBulliStore","og_description":"Repaso hist\u00f3rico desde los primeros vestigios de vida en la Tierra hasta la aparici\u00f3n de la planta del tomate silvestre en los Andes.","og_url":"https:\/\/elbullifoundation.com\/elbullistore\/ca\/el-tomaquet-en-la-naturalesa\/","og_site_name":"elBullistore","article_published_time":"2023-07-25T12:28:52+00:00","article_modified_time":"2023-07-25T12:30:08+00:00","og_image":[{"width":500,"height":359,"url":"https:\/\/elbullifoundation.com\/elbullistore\/wp-content\/uploads\/2020\/09\/4.jpg","type":"image\/jpeg"}],"author":"rita","twitter_card":"summary_large_image","twitter_misc":{"Escrito por":"rita","Tiempo de lectura":"1 minuto"},"schema":{"@context":"https:\/\/schema.org","@graph":[{"@type":"Article","@id":"https:\/\/elbullifoundation.com\/elbullistore\/ca\/el-tomaquet-en-la-naturalesa\/#article","isPartOf":{"@id":"https:\/\/elbullifoundation.com\/elbullistore\/ca\/el-tomaquet-en-la-naturalesa\/"},"author":{"name":"rita","@id":"https:\/\/elbullifoundation.com\/elbullistore\/#\/schema\/person\/c640447c0fe37ad06d5ba717d15195db"},"headline":"EL TOM\u00c0QUET EN LA NATURALESA","datePublished":"2023-07-25T12:28:52+00:00","dateModified":"2023-07-25T12:30:08+00:00","mainEntityOfPage":{"@id":"https:\/\/elbullifoundation.com\/elbullistore\/ca\/el-tomaquet-en-la-naturalesa\/"},"wordCount":107,"image":{"@id":"https:\/\/elbullifoundation.com\/elbullistore\/ca\/el-tomaquet-en-la-naturalesa\/#primaryimage"},"thumbnailUrl":"https:\/\/elbullifoundation.com\/elbullistore\/wp-content\/uploads\/2020\/09\/4.jpg","articleSection":["Uncategorized @ca"],"inLanguage":"es"},{"@type":"WebPage","@id":"https:\/\/elbullifoundation.com\/elbullistore\/ca\/el-tomaquet-en-la-naturalesa\/","url":"https:\/\/elbullifoundation.com\/elbullistore\/ca\/el-tomaquet-en-la-naturalesa\/","name":"El tomate en la naturaleza. D\u00f3nde crecen y c\u00f3mo son las especies silvestres de este fruto - elBulliStore","isPartOf":{"@id":"https:\/\/elbullifoundation.com\/elbullistore\/#website"},"primaryImageOfPage":{"@id":"https:\/\/elbullifoundation.com\/elbullistore\/ca\/el-tomaquet-en-la-naturalesa\/#primaryimage"},"image":{"@id":"https:\/\/elbullifoundation.com\/elbullistore\/ca\/el-tomaquet-en-la-naturalesa\/#primaryimage"},"thumbnailUrl":"https:\/\/elbullifoundation.com\/elbullistore\/wp-content\/uploads\/2020\/09\/4.jpg","datePublished":"2023-07-25T12:28:52+00:00","dateModified":"2023-07-25T12:30:08+00:00","author":{"@id":"https:\/\/elbullifoundation.com\/elbullistore\/#\/schema\/person\/c640447c0fe37ad06d5ba717d15195db"},"description":"Repaso hist\u00f3rico desde los primeros vestigios de vida en la Tierra hasta la aparici\u00f3n de la planta del tomate silvestre en los Andes.","breadcrumb":{"@id":"https:\/\/elbullifoundation.com\/elbullistore\/ca\/el-tomaquet-en-la-naturalesa\/#breadcrumb"},"inLanguage":"es","potentialAction":[{"@type":"ReadAction","target":["https:\/\/elbullifoundation.com\/elbullistore\/ca\/el-tomaquet-en-la-naturalesa\/"]}]},{"@type":"ImageObject","inLanguage":"es","@id":"https:\/\/elbullifoundation.com\/elbullistore\/ca\/el-tomaquet-en-la-naturalesa\/#primaryimage","url":"https:\/\/elbullifoundation.com\/elbullistore\/wp-content\/uploads\/2020\/09\/4.jpg","contentUrl":"https:\/\/elbullifoundation.com\/elbullistore\/wp-content\/uploads\/2020\/09\/4.jpg","width":500,"height":359},{"@type":"BreadcrumbList","@id":"https:\/\/elbullifoundation.com\/elbullistore\/ca\/el-tomaquet-en-la-naturalesa\/#breadcrumb","itemListElement":[{"@type":"ListItem","position":1,"name":"Portada","item":"https:\/\/elbullifoundation.com\/elbullistore\/"},{"@type":"ListItem","position":2,"name":"EL TOM\u00c0QUET EN LA NATURALESA"}]},{"@type":"WebSite","@id":"https:\/\/elbullifoundation.com\/elbullistore\/#website","url":"https:\/\/elbullifoundation.com\/elbullistore\/","name":"elBullistore","description":"","potentialAction":[{"@type":"SearchAction","target":{"@type":"EntryPoint","urlTemplate":"https:\/\/elbullifoundation.com\/elbullistore\/?s={search_term_string}"},"query-input":{"@type":"PropertyValueSpecification","valueRequired":true,"valueName":"search_term_string"}}],"inLanguage":"es"},{"@type":"Person","@id":"https:\/\/elbullifoundation.com\/elbullistore\/#\/schema\/person\/c640447c0fe37ad06d5ba717d15195db","name":"rita","image":{"@type":"ImageObject","inLanguage":"es","@id":"https:\/\/elbullifoundation.com\/elbullistore\/#\/schema\/person\/image\/","url":"https:\/\/secure.gravatar.com\/avatar\/81d9b7df4889904fee0e6117fd68e611a24e5999d2ecb341e22d0b0825a45ebb?s=96&d=mm&r=g","contentUrl":"https:\/\/secure.gravatar.com\/avatar\/81d9b7df4889904fee0e6117fd68e611a24e5999d2ecb341e22d0b0825a45ebb?s=96&d=mm&r=g","caption":"rita"},"url":"https:\/\/elbullifoundation.com\/elbullistore\/author\/rita\/"}]}},"lang":"ca","translations":{"ca":16257,"es":8734,"en":9131},"pll_sync_post":[],"_links":{"self":[{"href":"https:\/\/elbullifoundation.com\/elbullistore\/wp-json\/wp\/v2\/posts\/16257","targetHints":{"allow":["GET"]}}],"collection":[{"href":"https:\/\/elbullifoundation.com\/elbullistore\/wp-json\/wp\/v2\/posts"}],"about":[{"href":"https:\/\/elbullifoundation.com\/elbullistore\/wp-json\/wp\/v2\/types\/post"}],"author":[{"embeddable":true,"href":"https:\/\/elbullifoundation.com\/elbullistore\/wp-json\/wp\/v2\/users\/4"}],"replies":[{"embeddable":true,"href":"https:\/\/elbullifoundation.com\/elbullistore\/wp-json\/wp\/v2\/comments?post=16257"}],"version-history":[{"count":0,"href":"https:\/\/elbullifoundation.com\/elbullistore\/wp-json\/wp\/v2\/posts\/16257\/revisions"}],"wp:featuredmedia":[{"embeddable":true,"href":"https:\/\/elbullifoundation.com\/elbullistore\/wp-json\/wp\/v2\/media\/8902"}],"wp:attachment":[{"href":"https:\/\/elbullifoundation.com\/elbullistore\/wp-json\/wp\/v2\/media?parent=16257"}],"wp:term":[{"taxonomy":"category","embeddable":true,"href":"https:\/\/elbullifoundation.com\/elbullistore\/wp-json\/wp\/v2\/categories?post=16257"},{"taxonomy":"post_tag","embeddable":true,"href":"https:\/\/elbullifoundation.com\/elbullistore\/wp-json\/wp\/v2\/tags?post=16257"}],"curies":[{"name":"wp","href":"https:\/\/api.w.org\/{rel}","templated":true}]}}