{"id":16261,"date":"2023-07-25T14:29:47","date_gmt":"2023-07-25T12:29:47","guid":{"rendered":"https:\/\/elbullifoundation.com\/elbullistore\/?p=16261"},"modified":"2024-09-11T13:08:48","modified_gmt":"2024-09-11T11:08:48","slug":"el-tomaquet-en-la-societat","status":"publish","type":"post","link":"https:\/\/elbullifoundation.com\/elbullistore\/ca\/el-tomaquet-en-la-societat\/","title":{"rendered":"EL TOM\u00c0QUET EN LA SOCIETAT"},"content":{"rendered":"\n<p>Els \u00e9ssers humans comencem a conrear la planta del tom\u00e0quet, probablement, per a poder consumir el seu fruit. I, a trav\u00e9s de la gen\u00e8tica, espremem al m\u00e0xim tot el seu potencial i aconseguim obtenir \u2014o crear?\u2014 un ampli ventall de varietats. \u00c9s clar que l&#8217;agricultura i la bot\u00e0nica han exercit un paper clau en el tom\u00e0quet que consumim avui.<\/p>\n\n\n\n<p>Per\u00f2\u2026 i la qu\u00edmica, la tecnologia o l&#8217;economia? Com han influ\u00eft aquests \u00e0mbits en el tom\u00e0quet? Quin lloc ocupa el tom\u00e0quet en la societat? Al llarg d&#8217;aquest cap\u00edtol, donarem resposta a aquestes q\u00fcestions. Entendre com altres \u00e0mbits es relacionen i interactuen ens ajudar\u00e0 a saber m\u00e9s sobre el tom\u00e0quet.<\/p>\n\n\n\n<p>Abordarem, en primer lloc, per la seva rellev\u00e0ncia, la bot\u00e0nica. Veurem la planta del tom\u00e0quet i el seu fruit des d&#8217;un punt de vista bot\u00e0nic i explicarem la seva morfologia, els t\u00e0xons en els quals s&#8217;ha classificat per al llarg de la hist\u00f2ria i en l&#8217;actualitat, i en qu\u00e8 consisteix la millora gen\u00e8tica.<\/p>\n\n\n\n<p>A continuaci\u00f3, analitzarem el seu vessant agron\u00f2mic: en qu\u00e8 consisteix el cultiu de la planta del tom\u00e0quet i les seves particularitats, tipus de cultiu i el fruit obtingut. En aquest sentit, veurem les tipologies m\u00e9s conegudes i llan\u00e7arem dades sobre la producci\u00f3 del tom\u00e0quet, aix\u00ed com les seves conseq\u00fc\u00e8ncies sobre el medi ambient. Tornarem despr\u00e9s al nostre objecte d&#8217;estudi per a endinsar-nos en ell i estudiar la seva composici\u00f3 qu\u00edmica. I no sols del producte no elaborat, tamb\u00e9 veurem les mol\u00e8cules dels productes elaborats de tom\u00e0quet i les propietats tecnol\u00f2giques que es manifesten durant l&#8217;elaboraci\u00f3.<\/p>\n\n\n\n<p>Enlla\u00e7arem amb la tecnologia, explicant la repercussi\u00f3 que ha tingut sobre els diferents \u00e0mbits en els quals est\u00e0 involucrat: l&#8217;agricultura, la bot\u00e0nica, la restauraci\u00f3\u2026 I, de forma resumida, veurem com influeixen el dret, la pol\u00edtica, l&#8217;economia i el comer\u00e7 en la seva producci\u00f3, distribuci\u00f3 i consum.<\/p>\n\n\n\n<p>Acabarem fent un breu rep\u00e0s per altres \u00e0mbits en els quals t\u00e9 pres\u00e8ncia, com el transport, la cultura i l&#8217;art, entre molts altres.<\/p>\n","protected":false},"excerpt":{"rendered":"<p>Els \u00e9ssers humans comencem a conrear la planta del tom\u00e0quet, probablement, per a poder consumir el seu fruit. I, a trav\u00e9s de la gen\u00e8tica, espremem al m\u00e0xim tot el seu potencial i aconseguim obtenir \u2014o crear?\u2014 un ampli ventall de varietats. \u00c9s clar que l&#8217;agricultura i la bot\u00e0nica han exercit un paper clau en el [&hellip;]<\/p>\n","protected":false},"author":4,"featured_media":8908,"comment_status":"closed","ping_status":"open","sticky":false,"template":"","format":"standard","meta":{"_acf_changed":false,"footnotes":""},"categories":[57],"tags":[],"class_list":["post-16261","post","type-post","status-publish","format-standard","has-post-thumbnail","hentry","category-uncategorized-ca"],"acf":[],"yoast_head":"<!-- This site is optimized with the Yoast SEO plugin v26.9 - https:\/\/yoast.com\/product\/yoast-seo-wordpress\/ -->\n<title>El tomate en la sociedad. El papel clave de la agricultura y la botanica - elBulliStore<\/title>\n<meta name=\"description\" content=\"\u00bfQu\u00e9 lugar ocupa el tomate en la sociedad? Entenderemos c\u00f3mo otros \u00e1mbitos se relacionan, interact\u00faan y nos ayudar\u00e1 a saber m\u00e1s acerca del tomate.\" \/>\n<meta name=\"robots\" content=\"index, follow, max-snippet:-1, max-image-preview:large, max-video-preview:-1\" \/>\n<link rel=\"canonical\" href=\"https:\/\/elbullifoundation.com\/elbullistore\/ca\/el-tomaquet-en-la-societat\/\" \/>\n<meta property=\"og:locale\" content=\"es_ES\" \/>\n<meta property=\"og:type\" content=\"article\" \/>\n<meta property=\"og:title\" content=\"El tomate en la sociedad. El papel clave de la agricultura y la botanica - elBulliStore\" \/>\n<meta property=\"og:description\" content=\"\u00bfQu\u00e9 lugar ocupa el tomate en la sociedad? Entenderemos c\u00f3mo otros \u00e1mbitos se relacionan, interact\u00faan y nos ayudar\u00e1 a saber m\u00e1s acerca del tomate.\" \/>\n<meta property=\"og:url\" content=\"https:\/\/elbullifoundation.com\/elbullistore\/ca\/el-tomaquet-en-la-societat\/\" \/>\n<meta property=\"og:site_name\" content=\"elBullistore\" \/>\n<meta property=\"article:published_time\" content=\"2023-07-25T12:29:47+00:00\" \/>\n<meta property=\"article:modified_time\" content=\"2024-09-11T11:08:48+00:00\" \/>\n<meta property=\"og:image\" content=\"https:\/\/elbullifoundation.com\/elbullistore\/wp-content\/uploads\/2020\/09\/5.jpg\" \/>\n\t<meta property=\"og:image:width\" content=\"500\" \/>\n\t<meta property=\"og:image:height\" content=\"359\" \/>\n\t<meta property=\"og:image:type\" content=\"image\/jpeg\" \/>\n<meta name=\"author\" content=\"rita\" \/>\n<meta name=\"twitter:card\" content=\"summary_large_image\" \/>\n<meta name=\"twitter:label1\" content=\"Escrito por\" \/>\n\t<meta name=\"twitter:data1\" content=\"rita\" \/>\n\t<meta name=\"twitter:label2\" content=\"Tiempo de lectura\" \/>\n\t<meta name=\"twitter:data2\" content=\"2 minutos\" \/>\n<script type=\"application\/ld+json\" class=\"yoast-schema-graph\">{\"@context\":\"https:\/\/schema.org\",\"@graph\":[{\"@type\":\"Article\",\"@id\":\"https:\/\/elbullifoundation.com\/elbullistore\/ca\/el-tomaquet-en-la-societat\/#article\",\"isPartOf\":{\"@id\":\"https:\/\/elbullifoundation.com\/elbullistore\/ca\/el-tomaquet-en-la-societat\/\"},\"author\":{\"name\":\"rita\",\"@id\":\"https:\/\/elbullifoundation.com\/elbullistore\/#\/schema\/person\/c640447c0fe37ad06d5ba717d15195db\"},\"headline\":\"EL TOM\u00c0QUET EN LA SOCIETAT\",\"datePublished\":\"2023-07-25T12:29:47+00:00\",\"dateModified\":\"2024-09-11T11:08:48+00:00\",\"mainEntityOfPage\":{\"@id\":\"https:\/\/elbullifoundation.com\/elbullistore\/ca\/el-tomaquet-en-la-societat\/\"},\"wordCount\":379,\"image\":{\"@id\":\"https:\/\/elbullifoundation.com\/elbullistore\/ca\/el-tomaquet-en-la-societat\/#primaryimage\"},\"thumbnailUrl\":\"https:\/\/elbullifoundation.com\/elbullistore\/wp-content\/uploads\/2020\/09\/5.jpg\",\"articleSection\":[\"Uncategorized @ca\"],\"inLanguage\":\"es\"},{\"@type\":\"WebPage\",\"@id\":\"https:\/\/elbullifoundation.com\/elbullistore\/ca\/el-tomaquet-en-la-societat\/\",\"url\":\"https:\/\/elbullifoundation.com\/elbullistore\/ca\/el-tomaquet-en-la-societat\/\",\"name\":\"El tomate en la sociedad. El papel clave de la agricultura y la botanica - elBulliStore\",\"isPartOf\":{\"@id\":\"https:\/\/elbullifoundation.com\/elbullistore\/#website\"},\"primaryImageOfPage\":{\"@id\":\"https:\/\/elbullifoundation.com\/elbullistore\/ca\/el-tomaquet-en-la-societat\/#primaryimage\"},\"image\":{\"@id\":\"https:\/\/elbullifoundation.com\/elbullistore\/ca\/el-tomaquet-en-la-societat\/#primaryimage\"},\"thumbnailUrl\":\"https:\/\/elbullifoundation.com\/elbullistore\/wp-content\/uploads\/2020\/09\/5.jpg\",\"datePublished\":\"2023-07-25T12:29:47+00:00\",\"dateModified\":\"2024-09-11T11:08:48+00:00\",\"author\":{\"@id\":\"https:\/\/elbullifoundation.com\/elbullistore\/#\/schema\/person\/c640447c0fe37ad06d5ba717d15195db\"},\"description\":\"\u00bfQu\u00e9 lugar ocupa el tomate en la sociedad? Entenderemos c\u00f3mo otros \u00e1mbitos se relacionan, interact\u00faan y nos ayudar\u00e1 a saber m\u00e1s acerca del tomate.\",\"breadcrumb\":{\"@id\":\"https:\/\/elbullifoundation.com\/elbullistore\/ca\/el-tomaquet-en-la-societat\/#breadcrumb\"},\"inLanguage\":\"es\",\"potentialAction\":[{\"@type\":\"ReadAction\",\"target\":[\"https:\/\/elbullifoundation.com\/elbullistore\/ca\/el-tomaquet-en-la-societat\/\"]}]},{\"@type\":\"ImageObject\",\"inLanguage\":\"es\",\"@id\":\"https:\/\/elbullifoundation.com\/elbullistore\/ca\/el-tomaquet-en-la-societat\/#primaryimage\",\"url\":\"https:\/\/elbullifoundation.com\/elbullistore\/wp-content\/uploads\/2020\/09\/5.jpg\",\"contentUrl\":\"https:\/\/elbullifoundation.com\/elbullistore\/wp-content\/uploads\/2020\/09\/5.jpg\",\"width\":500,\"height\":359},{\"@type\":\"BreadcrumbList\",\"@id\":\"https:\/\/elbullifoundation.com\/elbullistore\/ca\/el-tomaquet-en-la-societat\/#breadcrumb\",\"itemListElement\":[{\"@type\":\"ListItem\",\"position\":1,\"name\":\"Portada\",\"item\":\"https:\/\/elbullifoundation.com\/elbullistore\/\"},{\"@type\":\"ListItem\",\"position\":2,\"name\":\"EL TOM\u00c0QUET EN LA SOCIETAT\"}]},{\"@type\":\"WebSite\",\"@id\":\"https:\/\/elbullifoundation.com\/elbullistore\/#website\",\"url\":\"https:\/\/elbullifoundation.com\/elbullistore\/\",\"name\":\"elBullistore\",\"description\":\"\",\"potentialAction\":[{\"@type\":\"SearchAction\",\"target\":{\"@type\":\"EntryPoint\",\"urlTemplate\":\"https:\/\/elbullifoundation.com\/elbullistore\/?s={search_term_string}\"},\"query-input\":{\"@type\":\"PropertyValueSpecification\",\"valueRequired\":true,\"valueName\":\"search_term_string\"}}],\"inLanguage\":\"es\"},{\"@type\":\"Person\",\"@id\":\"https:\/\/elbullifoundation.com\/elbullistore\/#\/schema\/person\/c640447c0fe37ad06d5ba717d15195db\",\"name\":\"rita\",\"image\":{\"@type\":\"ImageObject\",\"inLanguage\":\"es\",\"@id\":\"https:\/\/elbullifoundation.com\/elbullistore\/#\/schema\/person\/image\/\",\"url\":\"https:\/\/secure.gravatar.com\/avatar\/81d9b7df4889904fee0e6117fd68e611a24e5999d2ecb341e22d0b0825a45ebb?s=96&d=mm&r=g\",\"contentUrl\":\"https:\/\/secure.gravatar.com\/avatar\/81d9b7df4889904fee0e6117fd68e611a24e5999d2ecb341e22d0b0825a45ebb?s=96&d=mm&r=g\",\"caption\":\"rita\"},\"url\":\"https:\/\/elbullifoundation.com\/elbullistore\/author\/rita\/\"}]}<\/script>\n<!-- \/ Yoast SEO plugin. -->","yoast_head_json":{"title":"El tomate en la sociedad. El papel clave de la agricultura y la botanica - elBulliStore","description":"\u00bfQu\u00e9 lugar ocupa el tomate en la sociedad? Entenderemos c\u00f3mo otros \u00e1mbitos se relacionan, interact\u00faan y nos ayudar\u00e1 a saber m\u00e1s acerca del tomate.","robots":{"index":"index","follow":"follow","max-snippet":"max-snippet:-1","max-image-preview":"max-image-preview:large","max-video-preview":"max-video-preview:-1"},"canonical":"https:\/\/elbullifoundation.com\/elbullistore\/ca\/el-tomaquet-en-la-societat\/","og_locale":"es_ES","og_type":"article","og_title":"El tomate en la sociedad. El papel clave de la agricultura y la botanica - elBulliStore","og_description":"\u00bfQu\u00e9 lugar ocupa el tomate en la sociedad? Entenderemos c\u00f3mo otros \u00e1mbitos se relacionan, interact\u00faan y nos ayudar\u00e1 a saber m\u00e1s acerca del tomate.","og_url":"https:\/\/elbullifoundation.com\/elbullistore\/ca\/el-tomaquet-en-la-societat\/","og_site_name":"elBullistore","article_published_time":"2023-07-25T12:29:47+00:00","article_modified_time":"2024-09-11T11:08:48+00:00","og_image":[{"width":500,"height":359,"url":"https:\/\/elbullifoundation.com\/elbullistore\/wp-content\/uploads\/2020\/09\/5.jpg","type":"image\/jpeg"}],"author":"rita","twitter_card":"summary_large_image","twitter_misc":{"Escrito por":"rita","Tiempo de lectura":"2 minutos"},"schema":{"@context":"https:\/\/schema.org","@graph":[{"@type":"Article","@id":"https:\/\/elbullifoundation.com\/elbullistore\/ca\/el-tomaquet-en-la-societat\/#article","isPartOf":{"@id":"https:\/\/elbullifoundation.com\/elbullistore\/ca\/el-tomaquet-en-la-societat\/"},"author":{"name":"rita","@id":"https:\/\/elbullifoundation.com\/elbullistore\/#\/schema\/person\/c640447c0fe37ad06d5ba717d15195db"},"headline":"EL TOM\u00c0QUET EN LA SOCIETAT","datePublished":"2023-07-25T12:29:47+00:00","dateModified":"2024-09-11T11:08:48+00:00","mainEntityOfPage":{"@id":"https:\/\/elbullifoundation.com\/elbullistore\/ca\/el-tomaquet-en-la-societat\/"},"wordCount":379,"image":{"@id":"https:\/\/elbullifoundation.com\/elbullistore\/ca\/el-tomaquet-en-la-societat\/#primaryimage"},"thumbnailUrl":"https:\/\/elbullifoundation.com\/elbullistore\/wp-content\/uploads\/2020\/09\/5.jpg","articleSection":["Uncategorized @ca"],"inLanguage":"es"},{"@type":"WebPage","@id":"https:\/\/elbullifoundation.com\/elbullistore\/ca\/el-tomaquet-en-la-societat\/","url":"https:\/\/elbullifoundation.com\/elbullistore\/ca\/el-tomaquet-en-la-societat\/","name":"El tomate en la sociedad. El papel clave de la agricultura y la botanica - elBulliStore","isPartOf":{"@id":"https:\/\/elbullifoundation.com\/elbullistore\/#website"},"primaryImageOfPage":{"@id":"https:\/\/elbullifoundation.com\/elbullistore\/ca\/el-tomaquet-en-la-societat\/#primaryimage"},"image":{"@id":"https:\/\/elbullifoundation.com\/elbullistore\/ca\/el-tomaquet-en-la-societat\/#primaryimage"},"thumbnailUrl":"https:\/\/elbullifoundation.com\/elbullistore\/wp-content\/uploads\/2020\/09\/5.jpg","datePublished":"2023-07-25T12:29:47+00:00","dateModified":"2024-09-11T11:08:48+00:00","author":{"@id":"https:\/\/elbullifoundation.com\/elbullistore\/#\/schema\/person\/c640447c0fe37ad06d5ba717d15195db"},"description":"\u00bfQu\u00e9 lugar ocupa el tomate en la sociedad? Entenderemos c\u00f3mo otros \u00e1mbitos se relacionan, interact\u00faan y nos ayudar\u00e1 a saber m\u00e1s acerca del tomate.","breadcrumb":{"@id":"https:\/\/elbullifoundation.com\/elbullistore\/ca\/el-tomaquet-en-la-societat\/#breadcrumb"},"inLanguage":"es","potentialAction":[{"@type":"ReadAction","target":["https:\/\/elbullifoundation.com\/elbullistore\/ca\/el-tomaquet-en-la-societat\/"]}]},{"@type":"ImageObject","inLanguage":"es","@id":"https:\/\/elbullifoundation.com\/elbullistore\/ca\/el-tomaquet-en-la-societat\/#primaryimage","url":"https:\/\/elbullifoundation.com\/elbullistore\/wp-content\/uploads\/2020\/09\/5.jpg","contentUrl":"https:\/\/elbullifoundation.com\/elbullistore\/wp-content\/uploads\/2020\/09\/5.jpg","width":500,"height":359},{"@type":"BreadcrumbList","@id":"https:\/\/elbullifoundation.com\/elbullistore\/ca\/el-tomaquet-en-la-societat\/#breadcrumb","itemListElement":[{"@type":"ListItem","position":1,"name":"Portada","item":"https:\/\/elbullifoundation.com\/elbullistore\/"},{"@type":"ListItem","position":2,"name":"EL TOM\u00c0QUET EN LA SOCIETAT"}]},{"@type":"WebSite","@id":"https:\/\/elbullifoundation.com\/elbullistore\/#website","url":"https:\/\/elbullifoundation.com\/elbullistore\/","name":"elBullistore","description":"","potentialAction":[{"@type":"SearchAction","target":{"@type":"EntryPoint","urlTemplate":"https:\/\/elbullifoundation.com\/elbullistore\/?s={search_term_string}"},"query-input":{"@type":"PropertyValueSpecification","valueRequired":true,"valueName":"search_term_string"}}],"inLanguage":"es"},{"@type":"Person","@id":"https:\/\/elbullifoundation.com\/elbullistore\/#\/schema\/person\/c640447c0fe37ad06d5ba717d15195db","name":"rita","image":{"@type":"ImageObject","inLanguage":"es","@id":"https:\/\/elbullifoundation.com\/elbullistore\/#\/schema\/person\/image\/","url":"https:\/\/secure.gravatar.com\/avatar\/81d9b7df4889904fee0e6117fd68e611a24e5999d2ecb341e22d0b0825a45ebb?s=96&d=mm&r=g","contentUrl":"https:\/\/secure.gravatar.com\/avatar\/81d9b7df4889904fee0e6117fd68e611a24e5999d2ecb341e22d0b0825a45ebb?s=96&d=mm&r=g","caption":"rita"},"url":"https:\/\/elbullifoundation.com\/elbullistore\/author\/rita\/"}]}},"lang":"ca","translations":{"ca":16261,"es":8736,"en":9137},"pll_sync_post":[],"_links":{"self":[{"href":"https:\/\/elbullifoundation.com\/elbullistore\/wp-json\/wp\/v2\/posts\/16261","targetHints":{"allow":["GET"]}}],"collection":[{"href":"https:\/\/elbullifoundation.com\/elbullistore\/wp-json\/wp\/v2\/posts"}],"about":[{"href":"https:\/\/elbullifoundation.com\/elbullistore\/wp-json\/wp\/v2\/types\/post"}],"author":[{"embeddable":true,"href":"https:\/\/elbullifoundation.com\/elbullistore\/wp-json\/wp\/v2\/users\/4"}],"replies":[{"embeddable":true,"href":"https:\/\/elbullifoundation.com\/elbullistore\/wp-json\/wp\/v2\/comments?post=16261"}],"version-history":[{"count":1,"href":"https:\/\/elbullifoundation.com\/elbullistore\/wp-json\/wp\/v2\/posts\/16261\/revisions"}],"predecessor-version":[{"id":18426,"href":"https:\/\/elbullifoundation.com\/elbullistore\/wp-json\/wp\/v2\/posts\/16261\/revisions\/18426"}],"wp:featuredmedia":[{"embeddable":true,"href":"https:\/\/elbullifoundation.com\/elbullistore\/wp-json\/wp\/v2\/media\/8908"}],"wp:attachment":[{"href":"https:\/\/elbullifoundation.com\/elbullistore\/wp-json\/wp\/v2\/media?parent=16261"}],"wp:term":[{"taxonomy":"category","embeddable":true,"href":"https:\/\/elbullifoundation.com\/elbullistore\/wp-json\/wp\/v2\/categories?post=16261"},{"taxonomy":"post_tag","embeddable":true,"href":"https:\/\/elbullifoundation.com\/elbullistore\/wp-json\/wp\/v2\/tags?post=16261"}],"curies":[{"name":"wp","href":"https:\/\/api.w.org\/{rel}","templated":true}]}}