{"id":16273,"date":"2023-07-25T14:32:10","date_gmt":"2023-07-25T12:32:10","guid":{"rendered":"https:\/\/elbullifoundation.com\/elbullistore\/?p=16273"},"modified":"2023-07-25T14:32:12","modified_gmt":"2023-07-25T12:32:12","slug":"el-tomaquet-en-la-historia","status":"publish","type":"post","link":"https:\/\/elbullifoundation.com\/elbullistore\/ca\/el-tomaquet-en-la-historia\/","title":{"rendered":"EL TOM\u00c0QUET EN LA HIST\u00d2RIA"},"content":{"rendered":"\n<p>Tancarem aquesta obra amb un rep\u00e0s per la hist\u00f2ria evolutiva del tom\u00e0quet. Viatjarem fins a l&#8217;origen de la humanitat per a entendre el del nostre objecte d&#8217;estudi. Analitzarem les fites hist\u00f2riques que han marcat la hist\u00f2ria del tom\u00e0quet a trav\u00e9s dels sectors vistos en el quart cap\u00edtol. Finalitzarem amb un <em>timeline<\/em> cronol\u00f2gic que recollir\u00e0 els moments m\u00e9s decisius i els punts d&#8217;inflexi\u00f3 de la llarga evoluci\u00f3 del tom\u00e0quet: des del tom\u00e0quet silvestre fins al tom\u00e0quet conreat que consumim avui.<\/p>\n","protected":false},"excerpt":{"rendered":"<p>Tancarem aquesta obra amb un rep\u00e0s per la hist\u00f2ria evolutiva del tom\u00e0quet. Viatjarem fins a l&#8217;origen de la humanitat per a entendre el del nostre objecte d&#8217;estudi. Analitzarem les fites hist\u00f2riques que han marcat la hist\u00f2ria del tom\u00e0quet a trav\u00e9s dels sectors vistos en el quart cap\u00edtol. Finalitzarem amb un timeline cronol\u00f2gic que recollir\u00e0 els [&hellip;]<\/p>\n","protected":false},"author":4,"featured_media":8926,"comment_status":"closed","ping_status":"open","sticky":false,"template":"","format":"standard","meta":{"_acf_changed":false,"footnotes":""},"categories":[57],"tags":[],"class_list":["post-16273","post","type-post","status-publish","format-standard","has-post-thumbnail","hentry","category-uncategorized-ca"],"acf":[],"yoast_head":"<!-- This site is optimized with the Yoast SEO plugin v26.9 - https:\/\/yoast.com\/product\/yoast-seo-wordpress\/ -->\n<title>El tomate en la historia. Desde el tomate silvestre hasta el tomate cultivado que consumimos hoy. - elBulliStore<\/title>\n<meta name=\"description\" content=\"Viajaremos hasta el origen de la humanidad para analizar los hitos hist\u00f3ricos que han marcado la historia del tomate a traves de un timeline cronol\u00f3gico.\" \/>\n<meta name=\"robots\" content=\"index, follow, max-snippet:-1, max-image-preview:large, max-video-preview:-1\" \/>\n<link rel=\"canonical\" href=\"https:\/\/elbullifoundation.com\/elbullistore\/ca\/el-tomaquet-en-la-historia\/\" \/>\n<meta property=\"og:locale\" content=\"es_ES\" \/>\n<meta property=\"og:type\" content=\"article\" \/>\n<meta property=\"og:title\" content=\"El tomate en la historia. Desde el tomate silvestre hasta el tomate cultivado que consumimos hoy. - elBulliStore\" \/>\n<meta property=\"og:description\" content=\"Viajaremos hasta el origen de la humanidad para analizar los hitos hist\u00f3ricos que han marcado la historia del tomate a traves de un timeline cronol\u00f3gico.\" \/>\n<meta property=\"og:url\" content=\"https:\/\/elbullifoundation.com\/elbullistore\/ca\/el-tomaquet-en-la-historia\/\" \/>\n<meta property=\"og:site_name\" content=\"elBullistore\" \/>\n<meta property=\"article:published_time\" content=\"2023-07-25T12:32:10+00:00\" \/>\n<meta property=\"article:modified_time\" content=\"2023-07-25T12:32:12+00:00\" \/>\n<meta property=\"og:image\" content=\"https:\/\/elbullifoundation.com\/elbullistore\/wp-content\/uploads\/2020\/09\/8.jpg\" \/>\n\t<meta property=\"og:image:width\" content=\"500\" \/>\n\t<meta property=\"og:image:height\" content=\"359\" \/>\n\t<meta property=\"og:image:type\" content=\"image\/jpeg\" \/>\n<meta name=\"author\" content=\"rita\" \/>\n<meta name=\"twitter:card\" content=\"summary_large_image\" \/>\n<meta name=\"twitter:label1\" content=\"Escrito por\" \/>\n\t<meta name=\"twitter:data1\" content=\"rita\" \/>\n\t<meta name=\"twitter:label2\" content=\"Tiempo de lectura\" \/>\n\t<meta name=\"twitter:data2\" content=\"1 minuto\" \/>\n<script type=\"application\/ld+json\" class=\"yoast-schema-graph\">{\"@context\":\"https:\/\/schema.org\",\"@graph\":[{\"@type\":\"Article\",\"@id\":\"https:\/\/elbullifoundation.com\/elbullistore\/ca\/el-tomaquet-en-la-historia\/#article\",\"isPartOf\":{\"@id\":\"https:\/\/elbullifoundation.com\/elbullistore\/ca\/el-tomaquet-en-la-historia\/\"},\"author\":{\"name\":\"rita\",\"@id\":\"https:\/\/elbullifoundation.com\/elbullistore\/#\/schema\/person\/c640447c0fe37ad06d5ba717d15195db\"},\"headline\":\"EL TOM\u00c0QUET EN LA HIST\u00d2RIA\",\"datePublished\":\"2023-07-25T12:32:10+00:00\",\"dateModified\":\"2023-07-25T12:32:12+00:00\",\"mainEntityOfPage\":{\"@id\":\"https:\/\/elbullifoundation.com\/elbullistore\/ca\/el-tomaquet-en-la-historia\/\"},\"wordCount\":102,\"image\":{\"@id\":\"https:\/\/elbullifoundation.com\/elbullistore\/ca\/el-tomaquet-en-la-historia\/#primaryimage\"},\"thumbnailUrl\":\"https:\/\/elbullifoundation.com\/elbullistore\/wp-content\/uploads\/2020\/09\/8.jpg\",\"articleSection\":[\"Uncategorized @ca\"],\"inLanguage\":\"es\"},{\"@type\":\"WebPage\",\"@id\":\"https:\/\/elbullifoundation.com\/elbullistore\/ca\/el-tomaquet-en-la-historia\/\",\"url\":\"https:\/\/elbullifoundation.com\/elbullistore\/ca\/el-tomaquet-en-la-historia\/\",\"name\":\"El tomate en la historia. Desde el tomate silvestre hasta el tomate cultivado que consumimos hoy. - elBulliStore\",\"isPartOf\":{\"@id\":\"https:\/\/elbullifoundation.com\/elbullistore\/#website\"},\"primaryImageOfPage\":{\"@id\":\"https:\/\/elbullifoundation.com\/elbullistore\/ca\/el-tomaquet-en-la-historia\/#primaryimage\"},\"image\":{\"@id\":\"https:\/\/elbullifoundation.com\/elbullistore\/ca\/el-tomaquet-en-la-historia\/#primaryimage\"},\"thumbnailUrl\":\"https:\/\/elbullifoundation.com\/elbullistore\/wp-content\/uploads\/2020\/09\/8.jpg\",\"datePublished\":\"2023-07-25T12:32:10+00:00\",\"dateModified\":\"2023-07-25T12:32:12+00:00\",\"author\":{\"@id\":\"https:\/\/elbullifoundation.com\/elbullistore\/#\/schema\/person\/c640447c0fe37ad06d5ba717d15195db\"},\"description\":\"Viajaremos hasta el origen de la humanidad para analizar los hitos hist\u00f3ricos que han marcado la historia del tomate a traves de un timeline cronol\u00f3gico.\",\"breadcrumb\":{\"@id\":\"https:\/\/elbullifoundation.com\/elbullistore\/ca\/el-tomaquet-en-la-historia\/#breadcrumb\"},\"inLanguage\":\"es\",\"potentialAction\":[{\"@type\":\"ReadAction\",\"target\":[\"https:\/\/elbullifoundation.com\/elbullistore\/ca\/el-tomaquet-en-la-historia\/\"]}]},{\"@type\":\"ImageObject\",\"inLanguage\":\"es\",\"@id\":\"https:\/\/elbullifoundation.com\/elbullistore\/ca\/el-tomaquet-en-la-historia\/#primaryimage\",\"url\":\"https:\/\/elbullifoundation.com\/elbullistore\/wp-content\/uploads\/2020\/09\/8.jpg\",\"contentUrl\":\"https:\/\/elbullifoundation.com\/elbullistore\/wp-content\/uploads\/2020\/09\/8.jpg\",\"width\":500,\"height\":359},{\"@type\":\"BreadcrumbList\",\"@id\":\"https:\/\/elbullifoundation.com\/elbullistore\/ca\/el-tomaquet-en-la-historia\/#breadcrumb\",\"itemListElement\":[{\"@type\":\"ListItem\",\"position\":1,\"name\":\"Portada\",\"item\":\"https:\/\/elbullifoundation.com\/elbullistore\/\"},{\"@type\":\"ListItem\",\"position\":2,\"name\":\"EL TOM\u00c0QUET EN LA HIST\u00d2RIA\"}]},{\"@type\":\"WebSite\",\"@id\":\"https:\/\/elbullifoundation.com\/elbullistore\/#website\",\"url\":\"https:\/\/elbullifoundation.com\/elbullistore\/\",\"name\":\"elBullistore\",\"description\":\"\",\"potentialAction\":[{\"@type\":\"SearchAction\",\"target\":{\"@type\":\"EntryPoint\",\"urlTemplate\":\"https:\/\/elbullifoundation.com\/elbullistore\/?s={search_term_string}\"},\"query-input\":{\"@type\":\"PropertyValueSpecification\",\"valueRequired\":true,\"valueName\":\"search_term_string\"}}],\"inLanguage\":\"es\"},{\"@type\":\"Person\",\"@id\":\"https:\/\/elbullifoundation.com\/elbullistore\/#\/schema\/person\/c640447c0fe37ad06d5ba717d15195db\",\"name\":\"rita\",\"image\":{\"@type\":\"ImageObject\",\"inLanguage\":\"es\",\"@id\":\"https:\/\/elbullifoundation.com\/elbullistore\/#\/schema\/person\/image\/\",\"url\":\"https:\/\/secure.gravatar.com\/avatar\/81d9b7df4889904fee0e6117fd68e611a24e5999d2ecb341e22d0b0825a45ebb?s=96&d=mm&r=g\",\"contentUrl\":\"https:\/\/secure.gravatar.com\/avatar\/81d9b7df4889904fee0e6117fd68e611a24e5999d2ecb341e22d0b0825a45ebb?s=96&d=mm&r=g\",\"caption\":\"rita\"},\"url\":\"https:\/\/elbullifoundation.com\/elbullistore\/author\/rita\/\"}]}<\/script>\n<!-- \/ Yoast SEO plugin. -->","yoast_head_json":{"title":"El tomate en la historia. Desde el tomate silvestre hasta el tomate cultivado que consumimos hoy. - elBulliStore","description":"Viajaremos hasta el origen de la humanidad para analizar los hitos hist\u00f3ricos que han marcado la historia del tomate a traves de un timeline cronol\u00f3gico.","robots":{"index":"index","follow":"follow","max-snippet":"max-snippet:-1","max-image-preview":"max-image-preview:large","max-video-preview":"max-video-preview:-1"},"canonical":"https:\/\/elbullifoundation.com\/elbullistore\/ca\/el-tomaquet-en-la-historia\/","og_locale":"es_ES","og_type":"article","og_title":"El tomate en la historia. Desde el tomate silvestre hasta el tomate cultivado que consumimos hoy. - elBulliStore","og_description":"Viajaremos hasta el origen de la humanidad para analizar los hitos hist\u00f3ricos que han marcado la historia del tomate a traves de un timeline cronol\u00f3gico.","og_url":"https:\/\/elbullifoundation.com\/elbullistore\/ca\/el-tomaquet-en-la-historia\/","og_site_name":"elBullistore","article_published_time":"2023-07-25T12:32:10+00:00","article_modified_time":"2023-07-25T12:32:12+00:00","og_image":[{"width":500,"height":359,"url":"https:\/\/elbullifoundation.com\/elbullistore\/wp-content\/uploads\/2020\/09\/8.jpg","type":"image\/jpeg"}],"author":"rita","twitter_card":"summary_large_image","twitter_misc":{"Escrito por":"rita","Tiempo de lectura":"1 minuto"},"schema":{"@context":"https:\/\/schema.org","@graph":[{"@type":"Article","@id":"https:\/\/elbullifoundation.com\/elbullistore\/ca\/el-tomaquet-en-la-historia\/#article","isPartOf":{"@id":"https:\/\/elbullifoundation.com\/elbullistore\/ca\/el-tomaquet-en-la-historia\/"},"author":{"name":"rita","@id":"https:\/\/elbullifoundation.com\/elbullistore\/#\/schema\/person\/c640447c0fe37ad06d5ba717d15195db"},"headline":"EL TOM\u00c0QUET EN LA HIST\u00d2RIA","datePublished":"2023-07-25T12:32:10+00:00","dateModified":"2023-07-25T12:32:12+00:00","mainEntityOfPage":{"@id":"https:\/\/elbullifoundation.com\/elbullistore\/ca\/el-tomaquet-en-la-historia\/"},"wordCount":102,"image":{"@id":"https:\/\/elbullifoundation.com\/elbullistore\/ca\/el-tomaquet-en-la-historia\/#primaryimage"},"thumbnailUrl":"https:\/\/elbullifoundation.com\/elbullistore\/wp-content\/uploads\/2020\/09\/8.jpg","articleSection":["Uncategorized @ca"],"inLanguage":"es"},{"@type":"WebPage","@id":"https:\/\/elbullifoundation.com\/elbullistore\/ca\/el-tomaquet-en-la-historia\/","url":"https:\/\/elbullifoundation.com\/elbullistore\/ca\/el-tomaquet-en-la-historia\/","name":"El tomate en la historia. Desde el tomate silvestre hasta el tomate cultivado que consumimos hoy. - elBulliStore","isPartOf":{"@id":"https:\/\/elbullifoundation.com\/elbullistore\/#website"},"primaryImageOfPage":{"@id":"https:\/\/elbullifoundation.com\/elbullistore\/ca\/el-tomaquet-en-la-historia\/#primaryimage"},"image":{"@id":"https:\/\/elbullifoundation.com\/elbullistore\/ca\/el-tomaquet-en-la-historia\/#primaryimage"},"thumbnailUrl":"https:\/\/elbullifoundation.com\/elbullistore\/wp-content\/uploads\/2020\/09\/8.jpg","datePublished":"2023-07-25T12:32:10+00:00","dateModified":"2023-07-25T12:32:12+00:00","author":{"@id":"https:\/\/elbullifoundation.com\/elbullistore\/#\/schema\/person\/c640447c0fe37ad06d5ba717d15195db"},"description":"Viajaremos hasta el origen de la humanidad para analizar los hitos hist\u00f3ricos que han marcado la historia del tomate a traves de un timeline cronol\u00f3gico.","breadcrumb":{"@id":"https:\/\/elbullifoundation.com\/elbullistore\/ca\/el-tomaquet-en-la-historia\/#breadcrumb"},"inLanguage":"es","potentialAction":[{"@type":"ReadAction","target":["https:\/\/elbullifoundation.com\/elbullistore\/ca\/el-tomaquet-en-la-historia\/"]}]},{"@type":"ImageObject","inLanguage":"es","@id":"https:\/\/elbullifoundation.com\/elbullistore\/ca\/el-tomaquet-en-la-historia\/#primaryimage","url":"https:\/\/elbullifoundation.com\/elbullistore\/wp-content\/uploads\/2020\/09\/8.jpg","contentUrl":"https:\/\/elbullifoundation.com\/elbullistore\/wp-content\/uploads\/2020\/09\/8.jpg","width":500,"height":359},{"@type":"BreadcrumbList","@id":"https:\/\/elbullifoundation.com\/elbullistore\/ca\/el-tomaquet-en-la-historia\/#breadcrumb","itemListElement":[{"@type":"ListItem","position":1,"name":"Portada","item":"https:\/\/elbullifoundation.com\/elbullistore\/"},{"@type":"ListItem","position":2,"name":"EL TOM\u00c0QUET EN LA HIST\u00d2RIA"}]},{"@type":"WebSite","@id":"https:\/\/elbullifoundation.com\/elbullistore\/#website","url":"https:\/\/elbullifoundation.com\/elbullistore\/","name":"elBullistore","description":"","potentialAction":[{"@type":"SearchAction","target":{"@type":"EntryPoint","urlTemplate":"https:\/\/elbullifoundation.com\/elbullistore\/?s={search_term_string}"},"query-input":{"@type":"PropertyValueSpecification","valueRequired":true,"valueName":"search_term_string"}}],"inLanguage":"es"},{"@type":"Person","@id":"https:\/\/elbullifoundation.com\/elbullistore\/#\/schema\/person\/c640447c0fe37ad06d5ba717d15195db","name":"rita","image":{"@type":"ImageObject","inLanguage":"es","@id":"https:\/\/elbullifoundation.com\/elbullistore\/#\/schema\/person\/image\/","url":"https:\/\/secure.gravatar.com\/avatar\/81d9b7df4889904fee0e6117fd68e611a24e5999d2ecb341e22d0b0825a45ebb?s=96&d=mm&r=g","contentUrl":"https:\/\/secure.gravatar.com\/avatar\/81d9b7df4889904fee0e6117fd68e611a24e5999d2ecb341e22d0b0825a45ebb?s=96&d=mm&r=g","caption":"rita"},"url":"https:\/\/elbullifoundation.com\/elbullistore\/author\/rita\/"}]}},"lang":"ca","translations":{"ca":16273,"es":8742,"en":9145},"pll_sync_post":[],"_links":{"self":[{"href":"https:\/\/elbullifoundation.com\/elbullistore\/wp-json\/wp\/v2\/posts\/16273","targetHints":{"allow":["GET"]}}],"collection":[{"href":"https:\/\/elbullifoundation.com\/elbullistore\/wp-json\/wp\/v2\/posts"}],"about":[{"href":"https:\/\/elbullifoundation.com\/elbullistore\/wp-json\/wp\/v2\/types\/post"}],"author":[{"embeddable":true,"href":"https:\/\/elbullifoundation.com\/elbullistore\/wp-json\/wp\/v2\/users\/4"}],"replies":[{"embeddable":true,"href":"https:\/\/elbullifoundation.com\/elbullistore\/wp-json\/wp\/v2\/comments?post=16273"}],"version-history":[{"count":0,"href":"https:\/\/elbullifoundation.com\/elbullistore\/wp-json\/wp\/v2\/posts\/16273\/revisions"}],"wp:featuredmedia":[{"embeddable":true,"href":"https:\/\/elbullifoundation.com\/elbullistore\/wp-json\/wp\/v2\/media\/8926"}],"wp:attachment":[{"href":"https:\/\/elbullifoundation.com\/elbullistore\/wp-json\/wp\/v2\/media?parent=16273"}],"wp:term":[{"taxonomy":"category","embeddable":true,"href":"https:\/\/elbullifoundation.com\/elbullistore\/wp-json\/wp\/v2\/categories?post=16273"},{"taxonomy":"post_tag","embeddable":true,"href":"https:\/\/elbullifoundation.com\/elbullistore\/wp-json\/wp\/v2\/tags?post=16273"}],"curies":[{"name":"wp","href":"https:\/\/api.w.org\/{rel}","templated":true}]}}