{"id":16340,"date":"2023-07-25T16:25:44","date_gmt":"2023-07-25T14:25:44","guid":{"rendered":"https:\/\/elbullifoundation.com\/elbullistore\/?p=16340"},"modified":"2023-07-25T16:27:30","modified_gmt":"2023-07-25T14:27:30","slug":"la-personalitat-i-la-cultura-professional-del-sommelier","status":"publish","type":"post","link":"https:\/\/elbullifoundation.com\/elbullistore\/ca\/la-personalitat-i-la-cultura-professional-del-sommelier\/","title":{"rendered":"LA PERSONALITAT I LA CULTURA PROFESSIONAL DEL SOMMELIER"},"content":{"rendered":"\n<p>Totes les persones, com tots els sommeliers, s\u00f3n diferents i tenen la seva pr\u00f2pia personalitat. No obstant aix\u00f2, en el moment en el qual treballen de cara al client han d&#8217;adaptar-se a la cultura professional de l&#8217;empresa. Aquest cap\u00edtol permet comprendre i reflexionar sobre aquestes formes i conductes. Existeixen innombrables condicionants que modelen el nostre comportament, entre ells destaquen l&#8217;entorn socioecon\u00f2mic de l&#8217;empresa, la manera de treballar imposada pel restaurant, l&#8217;edat del treballador, les nostres necessitats d&#8217;autorealitzaci\u00f3 o les nostres pr\u00f2pies limitacions.<\/p>\n\n\n\n<p>El sommelier, com a \u00e9sser hum\u00e0, disposa d&#8217;un cos i una ment amb la qual realitza processos cognitius com sentir i percebre, recordar, concentrar-se, parlar o pensar de manera intel\u00b7ligent. Gr\u00e0cies a la seva persona, i tenint en compte els condicionants, desenvolupa el seu dia a dia amb major o menor \u00e8xit.<\/p>\n\n\n\n<p>En aquest cap\u00edtol s&#8217;estudien les variables que podrien modelar el comportament del sommelier: els instints, les capacitats (cognitives, motores, afectives), les actituds en el treball, la seva emocionalitat, els valors, el car\u00e0cter i temperament, les experi\u00e8ncies passades, el coneixement adquirit, la cultura general, la pr\u00f2pia filosofia i els seus h\u00e0bits i costums, entre altres. Aquests factors provoquen que cada sommelier actu\u00ef de manera diferent. No obstant aix\u00f2, tots haurien de regir-se per un codi \u00e8tic, un conjunt de normes i costums en les quals basar el seu comportament i destacar dins del restaurant. Perqu\u00e8 ho aconsegueixin s&#8217;ha creat (i es recull en aquest cap\u00edtol) el codi \u00e8tic del sommelier, que s&#8217;acompanya d&#8217;un divertit test de personalitat.<\/p>\n","protected":false},"excerpt":{"rendered":"<p>Totes les persones, com tots els sommeliers, s\u00f3n diferents i tenen la seva pr\u00f2pia personalitat. No obstant aix\u00f2, en el moment en el qual treballen de cara al client han d&#8217;adaptar-se a la cultura professional de l&#8217;empresa. Aquest cap\u00edtol permet comprendre i reflexionar sobre aquestes formes i conductes. Existeixen innombrables condicionants que modelen el nostre [&hellip;]<\/p>\n","protected":false},"author":4,"featured_media":9572,"comment_status":"closed","ping_status":"open","sticky":false,"template":"","format":"standard","meta":{"_acf_changed":false,"footnotes":""},"categories":[57],"tags":[],"class_list":["post-16340","post","type-post","status-publish","format-standard","has-post-thumbnail","hentry","category-uncategorized-ca"],"acf":[],"yoast_head":"<!-- This site is optimized with the Yoast SEO plugin v26.9 - https:\/\/yoast.com\/product\/yoast-seo-wordpress\/ -->\n<title>LA PERSONALITAT I LA CULTURA PROFESSIONAL DEL SOMMELIER - elBullistore<\/title>\n<meta name=\"robots\" content=\"index, follow, max-snippet:-1, max-image-preview:large, max-video-preview:-1\" \/>\n<link rel=\"canonical\" href=\"https:\/\/elbullifoundation.com\/elbullistore\/ca\/la-personalitat-i-la-cultura-professional-del-sommelier\/\" \/>\n<meta property=\"og:locale\" content=\"es_ES\" \/>\n<meta property=\"og:type\" content=\"article\" \/>\n<meta property=\"og:title\" content=\"LA PERSONALITAT I LA CULTURA PROFESSIONAL DEL SOMMELIER - elBullistore\" \/>\n<meta property=\"og:description\" content=\"Totes les persones, com tots els sommeliers, s\u00f3n diferents i tenen la seva pr\u00f2pia personalitat. No obstant aix\u00f2, en el moment en el qual treballen de cara al client han d&#8217;adaptar-se a la cultura professional de l&#8217;empresa. Aquest cap\u00edtol permet comprendre i reflexionar sobre aquestes formes i conductes. Existeixen innombrables condicionants que modelen el nostre [&hellip;]\" \/>\n<meta property=\"og:url\" content=\"https:\/\/elbullifoundation.com\/elbullistore\/ca\/la-personalitat-i-la-cultura-professional-del-sommelier\/\" \/>\n<meta property=\"og:site_name\" content=\"elBullistore\" \/>\n<meta property=\"article:published_time\" content=\"2023-07-25T14:25:44+00:00\" \/>\n<meta property=\"article:modified_time\" content=\"2023-07-25T14:27:30+00:00\" \/>\n<meta property=\"og:image\" content=\"https:\/\/elbullifoundation.com\/elbullistore\/wp-content\/uploads\/2020\/11\/CAP4-1.png\" \/>\n\t<meta property=\"og:image:width\" content=\"509\" \/>\n\t<meta property=\"og:image:height\" content=\"461\" \/>\n\t<meta property=\"og:image:type\" content=\"image\/png\" \/>\n<meta name=\"author\" content=\"rita\" \/>\n<meta name=\"twitter:card\" content=\"summary_large_image\" \/>\n<meta name=\"twitter:label1\" content=\"Escrito por\" \/>\n\t<meta name=\"twitter:data1\" content=\"rita\" \/>\n\t<meta name=\"twitter:label2\" content=\"Tiempo de lectura\" \/>\n\t<meta name=\"twitter:data2\" content=\"2 minutos\" \/>\n<script type=\"application\/ld+json\" class=\"yoast-schema-graph\">{\"@context\":\"https:\/\/schema.org\",\"@graph\":[{\"@type\":\"Article\",\"@id\":\"https:\/\/elbullifoundation.com\/elbullistore\/ca\/la-personalitat-i-la-cultura-professional-del-sommelier\/#article\",\"isPartOf\":{\"@id\":\"https:\/\/elbullifoundation.com\/elbullistore\/ca\/la-personalitat-i-la-cultura-professional-del-sommelier\/\"},\"author\":{\"name\":\"rita\",\"@id\":\"https:\/\/elbullifoundation.com\/elbullistore\/#\/schema\/person\/c640447c0fe37ad06d5ba717d15195db\"},\"headline\":\"LA PERSONALITAT I LA CULTURA PROFESSIONAL DEL SOMMELIER\",\"datePublished\":\"2023-07-25T14:25:44+00:00\",\"dateModified\":\"2023-07-25T14:27:30+00:00\",\"mainEntityOfPage\":{\"@id\":\"https:\/\/elbullifoundation.com\/elbullistore\/ca\/la-personalitat-i-la-cultura-professional-del-sommelier\/\"},\"wordCount\":282,\"image\":{\"@id\":\"https:\/\/elbullifoundation.com\/elbullistore\/ca\/la-personalitat-i-la-cultura-professional-del-sommelier\/#primaryimage\"},\"thumbnailUrl\":\"https:\/\/elbullifoundation.com\/elbullistore\/wp-content\/uploads\/2020\/11\/CAP4-1.png\",\"articleSection\":[\"Uncategorized @ca\"],\"inLanguage\":\"es\"},{\"@type\":\"WebPage\",\"@id\":\"https:\/\/elbullifoundation.com\/elbullistore\/ca\/la-personalitat-i-la-cultura-professional-del-sommelier\/\",\"url\":\"https:\/\/elbullifoundation.com\/elbullistore\/ca\/la-personalitat-i-la-cultura-professional-del-sommelier\/\",\"name\":\"LA PERSONALITAT I LA CULTURA PROFESSIONAL DEL SOMMELIER - elBullistore\",\"isPartOf\":{\"@id\":\"https:\/\/elbullifoundation.com\/elbullistore\/#website\"},\"primaryImageOfPage\":{\"@id\":\"https:\/\/elbullifoundation.com\/elbullistore\/ca\/la-personalitat-i-la-cultura-professional-del-sommelier\/#primaryimage\"},\"image\":{\"@id\":\"https:\/\/elbullifoundation.com\/elbullistore\/ca\/la-personalitat-i-la-cultura-professional-del-sommelier\/#primaryimage\"},\"thumbnailUrl\":\"https:\/\/elbullifoundation.com\/elbullistore\/wp-content\/uploads\/2020\/11\/CAP4-1.png\",\"datePublished\":\"2023-07-25T14:25:44+00:00\",\"dateModified\":\"2023-07-25T14:27:30+00:00\",\"author\":{\"@id\":\"https:\/\/elbullifoundation.com\/elbullistore\/#\/schema\/person\/c640447c0fe37ad06d5ba717d15195db\"},\"breadcrumb\":{\"@id\":\"https:\/\/elbullifoundation.com\/elbullistore\/ca\/la-personalitat-i-la-cultura-professional-del-sommelier\/#breadcrumb\"},\"inLanguage\":\"es\",\"potentialAction\":[{\"@type\":\"ReadAction\",\"target\":[\"https:\/\/elbullifoundation.com\/elbullistore\/ca\/la-personalitat-i-la-cultura-professional-del-sommelier\/\"]}]},{\"@type\":\"ImageObject\",\"inLanguage\":\"es\",\"@id\":\"https:\/\/elbullifoundation.com\/elbullistore\/ca\/la-personalitat-i-la-cultura-professional-del-sommelier\/#primaryimage\",\"url\":\"https:\/\/elbullifoundation.com\/elbullistore\/wp-content\/uploads\/2020\/11\/CAP4-1.png\",\"contentUrl\":\"https:\/\/elbullifoundation.com\/elbullistore\/wp-content\/uploads\/2020\/11\/CAP4-1.png\",\"width\":509,\"height\":461},{\"@type\":\"BreadcrumbList\",\"@id\":\"https:\/\/elbullifoundation.com\/elbullistore\/ca\/la-personalitat-i-la-cultura-professional-del-sommelier\/#breadcrumb\",\"itemListElement\":[{\"@type\":\"ListItem\",\"position\":1,\"name\":\"Portada\",\"item\":\"https:\/\/elbullifoundation.com\/elbullistore\/\"},{\"@type\":\"ListItem\",\"position\":2,\"name\":\"LA PERSONALITAT I LA CULTURA PROFESSIONAL DEL SOMMELIER\"}]},{\"@type\":\"WebSite\",\"@id\":\"https:\/\/elbullifoundation.com\/elbullistore\/#website\",\"url\":\"https:\/\/elbullifoundation.com\/elbullistore\/\",\"name\":\"elBullistore\",\"description\":\"\",\"potentialAction\":[{\"@type\":\"SearchAction\",\"target\":{\"@type\":\"EntryPoint\",\"urlTemplate\":\"https:\/\/elbullifoundation.com\/elbullistore\/?s={search_term_string}\"},\"query-input\":{\"@type\":\"PropertyValueSpecification\",\"valueRequired\":true,\"valueName\":\"search_term_string\"}}],\"inLanguage\":\"es\"},{\"@type\":\"Person\",\"@id\":\"https:\/\/elbullifoundation.com\/elbullistore\/#\/schema\/person\/c640447c0fe37ad06d5ba717d15195db\",\"name\":\"rita\",\"image\":{\"@type\":\"ImageObject\",\"inLanguage\":\"es\",\"@id\":\"https:\/\/elbullifoundation.com\/elbullistore\/#\/schema\/person\/image\/\",\"url\":\"https:\/\/secure.gravatar.com\/avatar\/81d9b7df4889904fee0e6117fd68e611a24e5999d2ecb341e22d0b0825a45ebb?s=96&d=mm&r=g\",\"contentUrl\":\"https:\/\/secure.gravatar.com\/avatar\/81d9b7df4889904fee0e6117fd68e611a24e5999d2ecb341e22d0b0825a45ebb?s=96&d=mm&r=g\",\"caption\":\"rita\"},\"url\":\"https:\/\/elbullifoundation.com\/elbullistore\/author\/rita\/\"}]}<\/script>\n<!-- \/ Yoast SEO plugin. -->","yoast_head_json":{"title":"LA PERSONALITAT I LA CULTURA PROFESSIONAL DEL SOMMELIER - elBullistore","robots":{"index":"index","follow":"follow","max-snippet":"max-snippet:-1","max-image-preview":"max-image-preview:large","max-video-preview":"max-video-preview:-1"},"canonical":"https:\/\/elbullifoundation.com\/elbullistore\/ca\/la-personalitat-i-la-cultura-professional-del-sommelier\/","og_locale":"es_ES","og_type":"article","og_title":"LA PERSONALITAT I LA CULTURA PROFESSIONAL DEL SOMMELIER - elBullistore","og_description":"Totes les persones, com tots els sommeliers, s\u00f3n diferents i tenen la seva pr\u00f2pia personalitat. No obstant aix\u00f2, en el moment en el qual treballen de cara al client han d&#8217;adaptar-se a la cultura professional de l&#8217;empresa. Aquest cap\u00edtol permet comprendre i reflexionar sobre aquestes formes i conductes. Existeixen innombrables condicionants que modelen el nostre [&hellip;]","og_url":"https:\/\/elbullifoundation.com\/elbullistore\/ca\/la-personalitat-i-la-cultura-professional-del-sommelier\/","og_site_name":"elBullistore","article_published_time":"2023-07-25T14:25:44+00:00","article_modified_time":"2023-07-25T14:27:30+00:00","og_image":[{"width":509,"height":461,"url":"https:\/\/elbullifoundation.com\/elbullistore\/wp-content\/uploads\/2020\/11\/CAP4-1.png","type":"image\/png"}],"author":"rita","twitter_card":"summary_large_image","twitter_misc":{"Escrito por":"rita","Tiempo de lectura":"2 minutos"},"schema":{"@context":"https:\/\/schema.org","@graph":[{"@type":"Article","@id":"https:\/\/elbullifoundation.com\/elbullistore\/ca\/la-personalitat-i-la-cultura-professional-del-sommelier\/#article","isPartOf":{"@id":"https:\/\/elbullifoundation.com\/elbullistore\/ca\/la-personalitat-i-la-cultura-professional-del-sommelier\/"},"author":{"name":"rita","@id":"https:\/\/elbullifoundation.com\/elbullistore\/#\/schema\/person\/c640447c0fe37ad06d5ba717d15195db"},"headline":"LA PERSONALITAT I LA CULTURA PROFESSIONAL DEL SOMMELIER","datePublished":"2023-07-25T14:25:44+00:00","dateModified":"2023-07-25T14:27:30+00:00","mainEntityOfPage":{"@id":"https:\/\/elbullifoundation.com\/elbullistore\/ca\/la-personalitat-i-la-cultura-professional-del-sommelier\/"},"wordCount":282,"image":{"@id":"https:\/\/elbullifoundation.com\/elbullistore\/ca\/la-personalitat-i-la-cultura-professional-del-sommelier\/#primaryimage"},"thumbnailUrl":"https:\/\/elbullifoundation.com\/elbullistore\/wp-content\/uploads\/2020\/11\/CAP4-1.png","articleSection":["Uncategorized @ca"],"inLanguage":"es"},{"@type":"WebPage","@id":"https:\/\/elbullifoundation.com\/elbullistore\/ca\/la-personalitat-i-la-cultura-professional-del-sommelier\/","url":"https:\/\/elbullifoundation.com\/elbullistore\/ca\/la-personalitat-i-la-cultura-professional-del-sommelier\/","name":"LA PERSONALITAT I LA CULTURA PROFESSIONAL DEL SOMMELIER - elBullistore","isPartOf":{"@id":"https:\/\/elbullifoundation.com\/elbullistore\/#website"},"primaryImageOfPage":{"@id":"https:\/\/elbullifoundation.com\/elbullistore\/ca\/la-personalitat-i-la-cultura-professional-del-sommelier\/#primaryimage"},"image":{"@id":"https:\/\/elbullifoundation.com\/elbullistore\/ca\/la-personalitat-i-la-cultura-professional-del-sommelier\/#primaryimage"},"thumbnailUrl":"https:\/\/elbullifoundation.com\/elbullistore\/wp-content\/uploads\/2020\/11\/CAP4-1.png","datePublished":"2023-07-25T14:25:44+00:00","dateModified":"2023-07-25T14:27:30+00:00","author":{"@id":"https:\/\/elbullifoundation.com\/elbullistore\/#\/schema\/person\/c640447c0fe37ad06d5ba717d15195db"},"breadcrumb":{"@id":"https:\/\/elbullifoundation.com\/elbullistore\/ca\/la-personalitat-i-la-cultura-professional-del-sommelier\/#breadcrumb"},"inLanguage":"es","potentialAction":[{"@type":"ReadAction","target":["https:\/\/elbullifoundation.com\/elbullistore\/ca\/la-personalitat-i-la-cultura-professional-del-sommelier\/"]}]},{"@type":"ImageObject","inLanguage":"es","@id":"https:\/\/elbullifoundation.com\/elbullistore\/ca\/la-personalitat-i-la-cultura-professional-del-sommelier\/#primaryimage","url":"https:\/\/elbullifoundation.com\/elbullistore\/wp-content\/uploads\/2020\/11\/CAP4-1.png","contentUrl":"https:\/\/elbullifoundation.com\/elbullistore\/wp-content\/uploads\/2020\/11\/CAP4-1.png","width":509,"height":461},{"@type":"BreadcrumbList","@id":"https:\/\/elbullifoundation.com\/elbullistore\/ca\/la-personalitat-i-la-cultura-professional-del-sommelier\/#breadcrumb","itemListElement":[{"@type":"ListItem","position":1,"name":"Portada","item":"https:\/\/elbullifoundation.com\/elbullistore\/"},{"@type":"ListItem","position":2,"name":"LA PERSONALITAT I LA CULTURA PROFESSIONAL DEL SOMMELIER"}]},{"@type":"WebSite","@id":"https:\/\/elbullifoundation.com\/elbullistore\/#website","url":"https:\/\/elbullifoundation.com\/elbullistore\/","name":"elBullistore","description":"","potentialAction":[{"@type":"SearchAction","target":{"@type":"EntryPoint","urlTemplate":"https:\/\/elbullifoundation.com\/elbullistore\/?s={search_term_string}"},"query-input":{"@type":"PropertyValueSpecification","valueRequired":true,"valueName":"search_term_string"}}],"inLanguage":"es"},{"@type":"Person","@id":"https:\/\/elbullifoundation.com\/elbullistore\/#\/schema\/person\/c640447c0fe37ad06d5ba717d15195db","name":"rita","image":{"@type":"ImageObject","inLanguage":"es","@id":"https:\/\/elbullifoundation.com\/elbullistore\/#\/schema\/person\/image\/","url":"https:\/\/secure.gravatar.com\/avatar\/81d9b7df4889904fee0e6117fd68e611a24e5999d2ecb341e22d0b0825a45ebb?s=96&d=mm&r=g","contentUrl":"https:\/\/secure.gravatar.com\/avatar\/81d9b7df4889904fee0e6117fd68e611a24e5999d2ecb341e22d0b0825a45ebb?s=96&d=mm&r=g","caption":"rita"},"url":"https:\/\/elbullifoundation.com\/elbullistore\/author\/rita\/"}]}},"lang":"ca","translations":{"ca":16340,"es":9570,"en":10385},"pll_sync_post":[],"_links":{"self":[{"href":"https:\/\/elbullifoundation.com\/elbullistore\/wp-json\/wp\/v2\/posts\/16340","targetHints":{"allow":["GET"]}}],"collection":[{"href":"https:\/\/elbullifoundation.com\/elbullistore\/wp-json\/wp\/v2\/posts"}],"about":[{"href":"https:\/\/elbullifoundation.com\/elbullistore\/wp-json\/wp\/v2\/types\/post"}],"author":[{"embeddable":true,"href":"https:\/\/elbullifoundation.com\/elbullistore\/wp-json\/wp\/v2\/users\/4"}],"replies":[{"embeddable":true,"href":"https:\/\/elbullifoundation.com\/elbullistore\/wp-json\/wp\/v2\/comments?post=16340"}],"version-history":[{"count":0,"href":"https:\/\/elbullifoundation.com\/elbullistore\/wp-json\/wp\/v2\/posts\/16340\/revisions"}],"wp:featuredmedia":[{"embeddable":true,"href":"https:\/\/elbullifoundation.com\/elbullistore\/wp-json\/wp\/v2\/media\/9572"}],"wp:attachment":[{"href":"https:\/\/elbullifoundation.com\/elbullistore\/wp-json\/wp\/v2\/media?parent=16340"}],"wp:term":[{"taxonomy":"category","embeddable":true,"href":"https:\/\/elbullifoundation.com\/elbullistore\/wp-json\/wp\/v2\/categories?post=16340"},{"taxonomy":"post_tag","embeddable":true,"href":"https:\/\/elbullifoundation.com\/elbullistore\/wp-json\/wp\/v2\/tags?post=16340"}],"curies":[{"name":"wp","href":"https:\/\/api.w.org\/{rel}","templated":true}]}}