{"id":16388,"date":"2023-07-25T17:04:56","date_gmt":"2023-07-25T15:04:56","guid":{"rendered":"https:\/\/elbullifoundation.com\/elbullistore\/?p=16388"},"modified":"2023-07-25T17:06:03","modified_gmt":"2023-07-25T15:06:03","slug":"connectem-el-cacau-i-la-xocolata-amb-la-naturalesa-i-els-ambits-de-la-societat","status":"publish","type":"post","link":"https:\/\/elbullifoundation.com\/elbullistore\/ca\/connectem-el-cacau-i-la-xocolata-amb-la-naturalesa-i-els-ambits-de-la-societat\/","title":{"rendered":"CONNECTEM EL CACAU I LA XOCOLATA AMB LA NATURALESA I ELS \u00c0MBITS DE LA SOCIETAT"},"content":{"rendered":"\n<p>En aquest cap\u00edtol explicarem les relacions que s&#8217;han establert, inicialment, entre el camp i la naturalesa i, posteriorment, entre el cacau, la xocolata i la societat. La domesticaci\u00f3 de la planta, l&#8217;economia, la ci\u00e8ncia i la tecnologia s\u00f3n nom\u00e9s alguns dels \u00e0mbits de la xarxa que s&#8217;estableix. Analitzarem cadascun d&#8217;aquests \u00e0mbits i les connexions existents entre ells, unes vegades m\u00e9s directes i altres m\u00e9s indirectes, per a tenir una visi\u00f3 global del nostre objecte d&#8217;estudi.<\/p>\n","protected":false},"excerpt":{"rendered":"<p>En aquest cap\u00edtol explicarem les relacions que s&#8217;han establert, inicialment, entre el camp i la naturalesa i, posteriorment, entre el cacau, la xocolata i la societat. La domesticaci\u00f3 de la planta, l&#8217;economia, la ci\u00e8ncia i la tecnologia s\u00f3n nom\u00e9s alguns dels \u00e0mbits de la xarxa que s&#8217;estableix. Analitzarem cadascun d&#8217;aquests \u00e0mbits i les connexions existents [&hellip;]<\/p>\n","protected":false},"author":4,"featured_media":11302,"comment_status":"closed","ping_status":"open","sticky":false,"template":"","format":"standard","meta":{"_acf_changed":false,"footnotes":""},"categories":[57],"tags":[],"class_list":["post-16388","post","type-post","status-publish","format-standard","has-post-thumbnail","hentry","category-uncategorized-ca"],"acf":[],"yoast_head":"<!-- This site is optimized with the Yoast SEO plugin v26.9 - https:\/\/yoast.com\/product\/yoast-seo-wordpress\/ -->\n<title>CONNECTEM EL CACAU I LA XOCOLATA AMB LA NATURALESA I ELS \u00c0MBITS DE LA SOCIETAT - elBullistore<\/title>\n<meta name=\"robots\" content=\"index, follow, max-snippet:-1, max-image-preview:large, max-video-preview:-1\" \/>\n<link rel=\"canonical\" href=\"https:\/\/elbullifoundation.com\/elbullistore\/ca\/connectem-el-cacau-i-la-xocolata-amb-la-naturalesa-i-els-ambits-de-la-societat\/\" \/>\n<meta property=\"og:locale\" content=\"es_ES\" \/>\n<meta property=\"og:type\" content=\"article\" \/>\n<meta property=\"og:title\" content=\"CONNECTEM EL CACAU I LA XOCOLATA AMB LA NATURALESA I ELS \u00c0MBITS DE LA SOCIETAT - elBullistore\" \/>\n<meta property=\"og:description\" content=\"En aquest cap\u00edtol explicarem les relacions que s&#8217;han establert, inicialment, entre el camp i la naturalesa i, posteriorment, entre el cacau, la xocolata i la societat. La domesticaci\u00f3 de la planta, l&#8217;economia, la ci\u00e8ncia i la tecnologia s\u00f3n nom\u00e9s alguns dels \u00e0mbits de la xarxa que s&#8217;estableix. Analitzarem cadascun d&#8217;aquests \u00e0mbits i les connexions existents [&hellip;]\" \/>\n<meta property=\"og:url\" content=\"https:\/\/elbullifoundation.com\/elbullistore\/ca\/connectem-el-cacau-i-la-xocolata-amb-la-naturalesa-i-els-ambits-de-la-societat\/\" \/>\n<meta property=\"og:site_name\" content=\"elBullistore\" \/>\n<meta property=\"article:published_time\" content=\"2023-07-25T15:04:56+00:00\" \/>\n<meta property=\"article:modified_time\" content=\"2023-07-25T15:06:03+00:00\" \/>\n<meta property=\"og:image\" content=\"https:\/\/elbullifoundation.com\/elbullistore\/wp-content\/uploads\/2021\/09\/4.png\" \/>\n\t<meta property=\"og:image:width\" content=\"763\" \/>\n\t<meta property=\"og:image:height\" content=\"654\" \/>\n\t<meta property=\"og:image:type\" content=\"image\/png\" \/>\n<meta name=\"author\" content=\"rita\" \/>\n<meta name=\"twitter:card\" content=\"summary_large_image\" \/>\n<meta name=\"twitter:label1\" content=\"Escrito por\" \/>\n\t<meta name=\"twitter:data1\" content=\"rita\" \/>\n\t<meta name=\"twitter:label2\" content=\"Tiempo de lectura\" \/>\n\t<meta name=\"twitter:data2\" content=\"1 minuto\" \/>\n<script type=\"application\/ld+json\" class=\"yoast-schema-graph\">{\"@context\":\"https:\/\/schema.org\",\"@graph\":[{\"@type\":\"Article\",\"@id\":\"https:\/\/elbullifoundation.com\/elbullistore\/ca\/connectem-el-cacau-i-la-xocolata-amb-la-naturalesa-i-els-ambits-de-la-societat\/#article\",\"isPartOf\":{\"@id\":\"https:\/\/elbullifoundation.com\/elbullistore\/ca\/connectem-el-cacau-i-la-xocolata-amb-la-naturalesa-i-els-ambits-de-la-societat\/\"},\"author\":{\"name\":\"rita\",\"@id\":\"https:\/\/elbullifoundation.com\/elbullistore\/#\/schema\/person\/c640447c0fe37ad06d5ba717d15195db\"},\"headline\":\"CONNECTEM EL CACAU I LA XOCOLATA AMB LA NATURALESA I ELS \u00c0MBITS DE LA SOCIETAT\",\"datePublished\":\"2023-07-25T15:04:56+00:00\",\"dateModified\":\"2023-07-25T15:06:03+00:00\",\"mainEntityOfPage\":{\"@id\":\"https:\/\/elbullifoundation.com\/elbullistore\/ca\/connectem-el-cacau-i-la-xocolata-amb-la-naturalesa-i-els-ambits-de-la-societat\/\"},\"wordCount\":101,\"image\":{\"@id\":\"https:\/\/elbullifoundation.com\/elbullistore\/ca\/connectem-el-cacau-i-la-xocolata-amb-la-naturalesa-i-els-ambits-de-la-societat\/#primaryimage\"},\"thumbnailUrl\":\"https:\/\/elbullifoundation.com\/elbullistore\/wp-content\/uploads\/2021\/09\/4.png\",\"articleSection\":[\"Uncategorized @ca\"],\"inLanguage\":\"es\"},{\"@type\":\"WebPage\",\"@id\":\"https:\/\/elbullifoundation.com\/elbullistore\/ca\/connectem-el-cacau-i-la-xocolata-amb-la-naturalesa-i-els-ambits-de-la-societat\/\",\"url\":\"https:\/\/elbullifoundation.com\/elbullistore\/ca\/connectem-el-cacau-i-la-xocolata-amb-la-naturalesa-i-els-ambits-de-la-societat\/\",\"name\":\"CONNECTEM EL CACAU I LA XOCOLATA AMB LA NATURALESA I ELS \u00c0MBITS DE LA SOCIETAT - elBullistore\",\"isPartOf\":{\"@id\":\"https:\/\/elbullifoundation.com\/elbullistore\/#website\"},\"primaryImageOfPage\":{\"@id\":\"https:\/\/elbullifoundation.com\/elbullistore\/ca\/connectem-el-cacau-i-la-xocolata-amb-la-naturalesa-i-els-ambits-de-la-societat\/#primaryimage\"},\"image\":{\"@id\":\"https:\/\/elbullifoundation.com\/elbullistore\/ca\/connectem-el-cacau-i-la-xocolata-amb-la-naturalesa-i-els-ambits-de-la-societat\/#primaryimage\"},\"thumbnailUrl\":\"https:\/\/elbullifoundation.com\/elbullistore\/wp-content\/uploads\/2021\/09\/4.png\",\"datePublished\":\"2023-07-25T15:04:56+00:00\",\"dateModified\":\"2023-07-25T15:06:03+00:00\",\"author\":{\"@id\":\"https:\/\/elbullifoundation.com\/elbullistore\/#\/schema\/person\/c640447c0fe37ad06d5ba717d15195db\"},\"breadcrumb\":{\"@id\":\"https:\/\/elbullifoundation.com\/elbullistore\/ca\/connectem-el-cacau-i-la-xocolata-amb-la-naturalesa-i-els-ambits-de-la-societat\/#breadcrumb\"},\"inLanguage\":\"es\",\"potentialAction\":[{\"@type\":\"ReadAction\",\"target\":[\"https:\/\/elbullifoundation.com\/elbullistore\/ca\/connectem-el-cacau-i-la-xocolata-amb-la-naturalesa-i-els-ambits-de-la-societat\/\"]}]},{\"@type\":\"ImageObject\",\"inLanguage\":\"es\",\"@id\":\"https:\/\/elbullifoundation.com\/elbullistore\/ca\/connectem-el-cacau-i-la-xocolata-amb-la-naturalesa-i-els-ambits-de-la-societat\/#primaryimage\",\"url\":\"https:\/\/elbullifoundation.com\/elbullistore\/wp-content\/uploads\/2021\/09\/4.png\",\"contentUrl\":\"https:\/\/elbullifoundation.com\/elbullistore\/wp-content\/uploads\/2021\/09\/4.png\",\"width\":763,\"height\":654},{\"@type\":\"BreadcrumbList\",\"@id\":\"https:\/\/elbullifoundation.com\/elbullistore\/ca\/connectem-el-cacau-i-la-xocolata-amb-la-naturalesa-i-els-ambits-de-la-societat\/#breadcrumb\",\"itemListElement\":[{\"@type\":\"ListItem\",\"position\":1,\"name\":\"Portada\",\"item\":\"https:\/\/elbullifoundation.com\/elbullistore\/\"},{\"@type\":\"ListItem\",\"position\":2,\"name\":\"CONNECTEM EL CACAU I LA XOCOLATA AMB LA NATURALESA I ELS \u00c0MBITS DE LA SOCIETAT\"}]},{\"@type\":\"WebSite\",\"@id\":\"https:\/\/elbullifoundation.com\/elbullistore\/#website\",\"url\":\"https:\/\/elbullifoundation.com\/elbullistore\/\",\"name\":\"elBullistore\",\"description\":\"\",\"potentialAction\":[{\"@type\":\"SearchAction\",\"target\":{\"@type\":\"EntryPoint\",\"urlTemplate\":\"https:\/\/elbullifoundation.com\/elbullistore\/?s={search_term_string}\"},\"query-input\":{\"@type\":\"PropertyValueSpecification\",\"valueRequired\":true,\"valueName\":\"search_term_string\"}}],\"inLanguage\":\"es\"},{\"@type\":\"Person\",\"@id\":\"https:\/\/elbullifoundation.com\/elbullistore\/#\/schema\/person\/c640447c0fe37ad06d5ba717d15195db\",\"name\":\"rita\",\"image\":{\"@type\":\"ImageObject\",\"inLanguage\":\"es\",\"@id\":\"https:\/\/elbullifoundation.com\/elbullistore\/#\/schema\/person\/image\/\",\"url\":\"https:\/\/secure.gravatar.com\/avatar\/81d9b7df4889904fee0e6117fd68e611a24e5999d2ecb341e22d0b0825a45ebb?s=96&d=mm&r=g\",\"contentUrl\":\"https:\/\/secure.gravatar.com\/avatar\/81d9b7df4889904fee0e6117fd68e611a24e5999d2ecb341e22d0b0825a45ebb?s=96&d=mm&r=g\",\"caption\":\"rita\"},\"url\":\"https:\/\/elbullifoundation.com\/elbullistore\/author\/rita\/\"}]}<\/script>\n<!-- \/ Yoast SEO plugin. -->","yoast_head_json":{"title":"CONNECTEM EL CACAU I LA XOCOLATA AMB LA NATURALESA I ELS \u00c0MBITS DE LA SOCIETAT - elBullistore","robots":{"index":"index","follow":"follow","max-snippet":"max-snippet:-1","max-image-preview":"max-image-preview:large","max-video-preview":"max-video-preview:-1"},"canonical":"https:\/\/elbullifoundation.com\/elbullistore\/ca\/connectem-el-cacau-i-la-xocolata-amb-la-naturalesa-i-els-ambits-de-la-societat\/","og_locale":"es_ES","og_type":"article","og_title":"CONNECTEM EL CACAU I LA XOCOLATA AMB LA NATURALESA I ELS \u00c0MBITS DE LA SOCIETAT - elBullistore","og_description":"En aquest cap\u00edtol explicarem les relacions que s&#8217;han establert, inicialment, entre el camp i la naturalesa i, posteriorment, entre el cacau, la xocolata i la societat. La domesticaci\u00f3 de la planta, l&#8217;economia, la ci\u00e8ncia i la tecnologia s\u00f3n nom\u00e9s alguns dels \u00e0mbits de la xarxa que s&#8217;estableix. Analitzarem cadascun d&#8217;aquests \u00e0mbits i les connexions existents [&hellip;]","og_url":"https:\/\/elbullifoundation.com\/elbullistore\/ca\/connectem-el-cacau-i-la-xocolata-amb-la-naturalesa-i-els-ambits-de-la-societat\/","og_site_name":"elBullistore","article_published_time":"2023-07-25T15:04:56+00:00","article_modified_time":"2023-07-25T15:06:03+00:00","og_image":[{"width":763,"height":654,"url":"https:\/\/elbullifoundation.com\/elbullistore\/wp-content\/uploads\/2021\/09\/4.png","type":"image\/png"}],"author":"rita","twitter_card":"summary_large_image","twitter_misc":{"Escrito por":"rita","Tiempo de lectura":"1 minuto"},"schema":{"@context":"https:\/\/schema.org","@graph":[{"@type":"Article","@id":"https:\/\/elbullifoundation.com\/elbullistore\/ca\/connectem-el-cacau-i-la-xocolata-amb-la-naturalesa-i-els-ambits-de-la-societat\/#article","isPartOf":{"@id":"https:\/\/elbullifoundation.com\/elbullistore\/ca\/connectem-el-cacau-i-la-xocolata-amb-la-naturalesa-i-els-ambits-de-la-societat\/"},"author":{"name":"rita","@id":"https:\/\/elbullifoundation.com\/elbullistore\/#\/schema\/person\/c640447c0fe37ad06d5ba717d15195db"},"headline":"CONNECTEM EL CACAU I LA XOCOLATA AMB LA NATURALESA I ELS \u00c0MBITS DE LA SOCIETAT","datePublished":"2023-07-25T15:04:56+00:00","dateModified":"2023-07-25T15:06:03+00:00","mainEntityOfPage":{"@id":"https:\/\/elbullifoundation.com\/elbullistore\/ca\/connectem-el-cacau-i-la-xocolata-amb-la-naturalesa-i-els-ambits-de-la-societat\/"},"wordCount":101,"image":{"@id":"https:\/\/elbullifoundation.com\/elbullistore\/ca\/connectem-el-cacau-i-la-xocolata-amb-la-naturalesa-i-els-ambits-de-la-societat\/#primaryimage"},"thumbnailUrl":"https:\/\/elbullifoundation.com\/elbullistore\/wp-content\/uploads\/2021\/09\/4.png","articleSection":["Uncategorized @ca"],"inLanguage":"es"},{"@type":"WebPage","@id":"https:\/\/elbullifoundation.com\/elbullistore\/ca\/connectem-el-cacau-i-la-xocolata-amb-la-naturalesa-i-els-ambits-de-la-societat\/","url":"https:\/\/elbullifoundation.com\/elbullistore\/ca\/connectem-el-cacau-i-la-xocolata-amb-la-naturalesa-i-els-ambits-de-la-societat\/","name":"CONNECTEM EL CACAU I LA XOCOLATA AMB LA NATURALESA I ELS \u00c0MBITS DE LA SOCIETAT - elBullistore","isPartOf":{"@id":"https:\/\/elbullifoundation.com\/elbullistore\/#website"},"primaryImageOfPage":{"@id":"https:\/\/elbullifoundation.com\/elbullistore\/ca\/connectem-el-cacau-i-la-xocolata-amb-la-naturalesa-i-els-ambits-de-la-societat\/#primaryimage"},"image":{"@id":"https:\/\/elbullifoundation.com\/elbullistore\/ca\/connectem-el-cacau-i-la-xocolata-amb-la-naturalesa-i-els-ambits-de-la-societat\/#primaryimage"},"thumbnailUrl":"https:\/\/elbullifoundation.com\/elbullistore\/wp-content\/uploads\/2021\/09\/4.png","datePublished":"2023-07-25T15:04:56+00:00","dateModified":"2023-07-25T15:06:03+00:00","author":{"@id":"https:\/\/elbullifoundation.com\/elbullistore\/#\/schema\/person\/c640447c0fe37ad06d5ba717d15195db"},"breadcrumb":{"@id":"https:\/\/elbullifoundation.com\/elbullistore\/ca\/connectem-el-cacau-i-la-xocolata-amb-la-naturalesa-i-els-ambits-de-la-societat\/#breadcrumb"},"inLanguage":"es","potentialAction":[{"@type":"ReadAction","target":["https:\/\/elbullifoundation.com\/elbullistore\/ca\/connectem-el-cacau-i-la-xocolata-amb-la-naturalesa-i-els-ambits-de-la-societat\/"]}]},{"@type":"ImageObject","inLanguage":"es","@id":"https:\/\/elbullifoundation.com\/elbullistore\/ca\/connectem-el-cacau-i-la-xocolata-amb-la-naturalesa-i-els-ambits-de-la-societat\/#primaryimage","url":"https:\/\/elbullifoundation.com\/elbullistore\/wp-content\/uploads\/2021\/09\/4.png","contentUrl":"https:\/\/elbullifoundation.com\/elbullistore\/wp-content\/uploads\/2021\/09\/4.png","width":763,"height":654},{"@type":"BreadcrumbList","@id":"https:\/\/elbullifoundation.com\/elbullistore\/ca\/connectem-el-cacau-i-la-xocolata-amb-la-naturalesa-i-els-ambits-de-la-societat\/#breadcrumb","itemListElement":[{"@type":"ListItem","position":1,"name":"Portada","item":"https:\/\/elbullifoundation.com\/elbullistore\/"},{"@type":"ListItem","position":2,"name":"CONNECTEM EL CACAU I LA XOCOLATA AMB LA NATURALESA I ELS \u00c0MBITS DE LA SOCIETAT"}]},{"@type":"WebSite","@id":"https:\/\/elbullifoundation.com\/elbullistore\/#website","url":"https:\/\/elbullifoundation.com\/elbullistore\/","name":"elBullistore","description":"","potentialAction":[{"@type":"SearchAction","target":{"@type":"EntryPoint","urlTemplate":"https:\/\/elbullifoundation.com\/elbullistore\/?s={search_term_string}"},"query-input":{"@type":"PropertyValueSpecification","valueRequired":true,"valueName":"search_term_string"}}],"inLanguage":"es"},{"@type":"Person","@id":"https:\/\/elbullifoundation.com\/elbullistore\/#\/schema\/person\/c640447c0fe37ad06d5ba717d15195db","name":"rita","image":{"@type":"ImageObject","inLanguage":"es","@id":"https:\/\/elbullifoundation.com\/elbullistore\/#\/schema\/person\/image\/","url":"https:\/\/secure.gravatar.com\/avatar\/81d9b7df4889904fee0e6117fd68e611a24e5999d2ecb341e22d0b0825a45ebb?s=96&d=mm&r=g","contentUrl":"https:\/\/secure.gravatar.com\/avatar\/81d9b7df4889904fee0e6117fd68e611a24e5999d2ecb341e22d0b0825a45ebb?s=96&d=mm&r=g","caption":"rita"},"url":"https:\/\/elbullifoundation.com\/elbullistore\/author\/rita\/"}]}},"lang":"ca","translations":{"ca":16388,"es":11126,"en":11696},"pll_sync_post":[],"_links":{"self":[{"href":"https:\/\/elbullifoundation.com\/elbullistore\/wp-json\/wp\/v2\/posts\/16388","targetHints":{"allow":["GET"]}}],"collection":[{"href":"https:\/\/elbullifoundation.com\/elbullistore\/wp-json\/wp\/v2\/posts"}],"about":[{"href":"https:\/\/elbullifoundation.com\/elbullistore\/wp-json\/wp\/v2\/types\/post"}],"author":[{"embeddable":true,"href":"https:\/\/elbullifoundation.com\/elbullistore\/wp-json\/wp\/v2\/users\/4"}],"replies":[{"embeddable":true,"href":"https:\/\/elbullifoundation.com\/elbullistore\/wp-json\/wp\/v2\/comments?post=16388"}],"version-history":[{"count":0,"href":"https:\/\/elbullifoundation.com\/elbullistore\/wp-json\/wp\/v2\/posts\/16388\/revisions"}],"wp:featuredmedia":[{"embeddable":true,"href":"https:\/\/elbullifoundation.com\/elbullistore\/wp-json\/wp\/v2\/media\/11302"}],"wp:attachment":[{"href":"https:\/\/elbullifoundation.com\/elbullistore\/wp-json\/wp\/v2\/media?parent=16388"}],"wp:term":[{"taxonomy":"category","embeddable":true,"href":"https:\/\/elbullifoundation.com\/elbullistore\/wp-json\/wp\/v2\/categories?post=16388"},{"taxonomy":"post_tag","embeddable":true,"href":"https:\/\/elbullifoundation.com\/elbullistore\/wp-json\/wp\/v2\/tags?post=16388"}],"curies":[{"name":"wp","href":"https:\/\/api.w.org\/{rel}","templated":true}]}}