{"id":16392,"date":"2023-07-25T17:05:48","date_gmt":"2023-07-25T15:05:48","guid":{"rendered":"https:\/\/elbullifoundation.com\/elbullistore\/?p=16392"},"modified":"2023-07-25T17:06:47","modified_gmt":"2023-07-25T15:06:47","slug":"el-cacau-de-la-naturalesa-a-la-seva-comercialitzacio","status":"publish","type":"post","link":"https:\/\/elbullifoundation.com\/elbullistore\/ca\/el-cacau-de-la-naturalesa-a-la-seva-comercialitzacio\/","title":{"rendered":"EL CACAU: DE LA NATURALESA A LA SEVA COMERCIALITZACI\u00d3"},"content":{"rendered":"\n<p>Quin \u00e9s l&#8217;origen de la planta del cacau? Com van ser les primeres plantes? Quines s\u00f3n les seves caracter\u00edstiques morfol\u00f2giques? Quines varietats i cultivars hi ha? Aquestes s\u00f3n algunes de les preguntes a les quals donarem resposta en aquest cap\u00edtol i, al fil d&#8217;aquestes, aplicant la metodologia Sapiens, arribarem a la classificaci\u00f3 del cacau, una classificaci\u00f3 que ens permetr\u00e0 ordenar la informaci\u00f3 disponible per a generar nou coneixement.<\/p>\n\n\n\n<p>Finalment, entrarem de ple en el cultiu de la planta del cacau i les seves malalties, i definirem pas a pas el proc\u00e9s de beneficiat aprofundint en les transformacions fisicoqu\u00edmiques que es produeixen durant la fermentaci\u00f3 i l&#8217;assecat per a arribar a obtenir llavors de cacau llestes per a la seva comercialitzaci\u00f3.<\/p>\n","protected":false},"excerpt":{"rendered":"<p>Quin \u00e9s l&#8217;origen de la planta del cacau? Com van ser les primeres plantes? Quines s\u00f3n les seves caracter\u00edstiques morfol\u00f2giques? Quines varietats i cultivars hi ha? Aquestes s\u00f3n algunes de les preguntes a les quals donarem resposta en aquest cap\u00edtol i, al fil d&#8217;aquestes, aplicant la metodologia Sapiens, arribarem a la classificaci\u00f3 del cacau, una [&hellip;]<\/p>\n","protected":false},"author":4,"featured_media":11308,"comment_status":"closed","ping_status":"open","sticky":false,"template":"","format":"standard","meta":{"_acf_changed":false,"footnotes":""},"categories":[57],"tags":[],"class_list":["post-16392","post","type-post","status-publish","format-standard","has-post-thumbnail","hentry","category-uncategorized-ca"],"acf":[],"yoast_head":"<!-- This site is optimized with the Yoast SEO plugin v26.9 - https:\/\/yoast.com\/product\/yoast-seo-wordpress\/ -->\n<title>EL CACAU: DE LA NATURALESA A LA SEVA COMERCIALITZACI\u00d3 - elBullistore<\/title>\n<meta name=\"robots\" content=\"index, follow, max-snippet:-1, max-image-preview:large, max-video-preview:-1\" \/>\n<link rel=\"canonical\" href=\"https:\/\/elbullifoundation.com\/elbullistore\/ca\/el-cacau-de-la-naturalesa-a-la-seva-comercialitzacio\/\" \/>\n<meta property=\"og:locale\" content=\"es_ES\" \/>\n<meta property=\"og:type\" content=\"article\" \/>\n<meta property=\"og:title\" content=\"EL CACAU: DE LA NATURALESA A LA SEVA COMERCIALITZACI\u00d3 - elBullistore\" \/>\n<meta property=\"og:description\" content=\"Quin \u00e9s l&#8217;origen de la planta del cacau? Com van ser les primeres plantes? Quines s\u00f3n les seves caracter\u00edstiques morfol\u00f2giques? Quines varietats i cultivars hi ha? Aquestes s\u00f3n algunes de les preguntes a les quals donarem resposta en aquest cap\u00edtol i, al fil d&#8217;aquestes, aplicant la metodologia Sapiens, arribarem a la classificaci\u00f3 del cacau, una [&hellip;]\" \/>\n<meta property=\"og:url\" content=\"https:\/\/elbullifoundation.com\/elbullistore\/ca\/el-cacau-de-la-naturalesa-a-la-seva-comercialitzacio\/\" \/>\n<meta property=\"og:site_name\" content=\"elBullistore\" \/>\n<meta property=\"article:published_time\" content=\"2023-07-25T15:05:48+00:00\" \/>\n<meta property=\"article:modified_time\" content=\"2023-07-25T15:06:47+00:00\" \/>\n<meta property=\"og:image\" content=\"https:\/\/elbullifoundation.com\/elbullistore\/wp-content\/uploads\/2021\/09\/5.png\" \/>\n\t<meta property=\"og:image:width\" content=\"763\" \/>\n\t<meta property=\"og:image:height\" content=\"655\" \/>\n\t<meta property=\"og:image:type\" content=\"image\/png\" \/>\n<meta name=\"author\" content=\"rita\" \/>\n<meta name=\"twitter:card\" content=\"summary_large_image\" \/>\n<meta name=\"twitter:label1\" content=\"Escrito por\" \/>\n\t<meta name=\"twitter:data1\" content=\"rita\" \/>\n\t<meta name=\"twitter:label2\" content=\"Tiempo de lectura\" \/>\n\t<meta name=\"twitter:data2\" content=\"1 minuto\" \/>\n<script type=\"application\/ld+json\" class=\"yoast-schema-graph\">{\"@context\":\"https:\/\/schema.org\",\"@graph\":[{\"@type\":\"Article\",\"@id\":\"https:\/\/elbullifoundation.com\/elbullistore\/ca\/el-cacau-de-la-naturalesa-a-la-seva-comercialitzacio\/#article\",\"isPartOf\":{\"@id\":\"https:\/\/elbullifoundation.com\/elbullistore\/ca\/el-cacau-de-la-naturalesa-a-la-seva-comercialitzacio\/\"},\"author\":{\"name\":\"rita\",\"@id\":\"https:\/\/elbullifoundation.com\/elbullistore\/#\/schema\/person\/c640447c0fe37ad06d5ba717d15195db\"},\"headline\":\"EL CACAU: DE LA NATURALESA A LA SEVA COMERCIALITZACI\u00d3\",\"datePublished\":\"2023-07-25T15:05:48+00:00\",\"dateModified\":\"2023-07-25T15:06:47+00:00\",\"mainEntityOfPage\":{\"@id\":\"https:\/\/elbullifoundation.com\/elbullistore\/ca\/el-cacau-de-la-naturalesa-a-la-seva-comercialitzacio\/\"},\"wordCount\":139,\"image\":{\"@id\":\"https:\/\/elbullifoundation.com\/elbullistore\/ca\/el-cacau-de-la-naturalesa-a-la-seva-comercialitzacio\/#primaryimage\"},\"thumbnailUrl\":\"https:\/\/elbullifoundation.com\/elbullistore\/wp-content\/uploads\/2021\/09\/5.png\",\"articleSection\":[\"Uncategorized @ca\"],\"inLanguage\":\"es\"},{\"@type\":\"WebPage\",\"@id\":\"https:\/\/elbullifoundation.com\/elbullistore\/ca\/el-cacau-de-la-naturalesa-a-la-seva-comercialitzacio\/\",\"url\":\"https:\/\/elbullifoundation.com\/elbullistore\/ca\/el-cacau-de-la-naturalesa-a-la-seva-comercialitzacio\/\",\"name\":\"EL CACAU: DE LA NATURALESA A LA SEVA COMERCIALITZACI\u00d3 - elBullistore\",\"isPartOf\":{\"@id\":\"https:\/\/elbullifoundation.com\/elbullistore\/#website\"},\"primaryImageOfPage\":{\"@id\":\"https:\/\/elbullifoundation.com\/elbullistore\/ca\/el-cacau-de-la-naturalesa-a-la-seva-comercialitzacio\/#primaryimage\"},\"image\":{\"@id\":\"https:\/\/elbullifoundation.com\/elbullistore\/ca\/el-cacau-de-la-naturalesa-a-la-seva-comercialitzacio\/#primaryimage\"},\"thumbnailUrl\":\"https:\/\/elbullifoundation.com\/elbullistore\/wp-content\/uploads\/2021\/09\/5.png\",\"datePublished\":\"2023-07-25T15:05:48+00:00\",\"dateModified\":\"2023-07-25T15:06:47+00:00\",\"author\":{\"@id\":\"https:\/\/elbullifoundation.com\/elbullistore\/#\/schema\/person\/c640447c0fe37ad06d5ba717d15195db\"},\"breadcrumb\":{\"@id\":\"https:\/\/elbullifoundation.com\/elbullistore\/ca\/el-cacau-de-la-naturalesa-a-la-seva-comercialitzacio\/#breadcrumb\"},\"inLanguage\":\"es\",\"potentialAction\":[{\"@type\":\"ReadAction\",\"target\":[\"https:\/\/elbullifoundation.com\/elbullistore\/ca\/el-cacau-de-la-naturalesa-a-la-seva-comercialitzacio\/\"]}]},{\"@type\":\"ImageObject\",\"inLanguage\":\"es\",\"@id\":\"https:\/\/elbullifoundation.com\/elbullistore\/ca\/el-cacau-de-la-naturalesa-a-la-seva-comercialitzacio\/#primaryimage\",\"url\":\"https:\/\/elbullifoundation.com\/elbullistore\/wp-content\/uploads\/2021\/09\/5.png\",\"contentUrl\":\"https:\/\/elbullifoundation.com\/elbullistore\/wp-content\/uploads\/2021\/09\/5.png\",\"width\":763,\"height\":655},{\"@type\":\"BreadcrumbList\",\"@id\":\"https:\/\/elbullifoundation.com\/elbullistore\/ca\/el-cacau-de-la-naturalesa-a-la-seva-comercialitzacio\/#breadcrumb\",\"itemListElement\":[{\"@type\":\"ListItem\",\"position\":1,\"name\":\"Portada\",\"item\":\"https:\/\/elbullifoundation.com\/elbullistore\/\"},{\"@type\":\"ListItem\",\"position\":2,\"name\":\"EL CACAU: DE LA NATURALESA A LA SEVA COMERCIALITZACI\u00d3\"}]},{\"@type\":\"WebSite\",\"@id\":\"https:\/\/elbullifoundation.com\/elbullistore\/#website\",\"url\":\"https:\/\/elbullifoundation.com\/elbullistore\/\",\"name\":\"elBullistore\",\"description\":\"\",\"potentialAction\":[{\"@type\":\"SearchAction\",\"target\":{\"@type\":\"EntryPoint\",\"urlTemplate\":\"https:\/\/elbullifoundation.com\/elbullistore\/?s={search_term_string}\"},\"query-input\":{\"@type\":\"PropertyValueSpecification\",\"valueRequired\":true,\"valueName\":\"search_term_string\"}}],\"inLanguage\":\"es\"},{\"@type\":\"Person\",\"@id\":\"https:\/\/elbullifoundation.com\/elbullistore\/#\/schema\/person\/c640447c0fe37ad06d5ba717d15195db\",\"name\":\"rita\",\"image\":{\"@type\":\"ImageObject\",\"inLanguage\":\"es\",\"@id\":\"https:\/\/elbullifoundation.com\/elbullistore\/#\/schema\/person\/image\/\",\"url\":\"https:\/\/secure.gravatar.com\/avatar\/81d9b7df4889904fee0e6117fd68e611a24e5999d2ecb341e22d0b0825a45ebb?s=96&d=mm&r=g\",\"contentUrl\":\"https:\/\/secure.gravatar.com\/avatar\/81d9b7df4889904fee0e6117fd68e611a24e5999d2ecb341e22d0b0825a45ebb?s=96&d=mm&r=g\",\"caption\":\"rita\"},\"url\":\"https:\/\/elbullifoundation.com\/elbullistore\/author\/rita\/\"}]}<\/script>\n<!-- \/ Yoast SEO plugin. -->","yoast_head_json":{"title":"EL CACAU: DE LA NATURALESA A LA SEVA COMERCIALITZACI\u00d3 - elBullistore","robots":{"index":"index","follow":"follow","max-snippet":"max-snippet:-1","max-image-preview":"max-image-preview:large","max-video-preview":"max-video-preview:-1"},"canonical":"https:\/\/elbullifoundation.com\/elbullistore\/ca\/el-cacau-de-la-naturalesa-a-la-seva-comercialitzacio\/","og_locale":"es_ES","og_type":"article","og_title":"EL CACAU: DE LA NATURALESA A LA SEVA COMERCIALITZACI\u00d3 - elBullistore","og_description":"Quin \u00e9s l&#8217;origen de la planta del cacau? Com van ser les primeres plantes? Quines s\u00f3n les seves caracter\u00edstiques morfol\u00f2giques? Quines varietats i cultivars hi ha? Aquestes s\u00f3n algunes de les preguntes a les quals donarem resposta en aquest cap\u00edtol i, al fil d&#8217;aquestes, aplicant la metodologia Sapiens, arribarem a la classificaci\u00f3 del cacau, una [&hellip;]","og_url":"https:\/\/elbullifoundation.com\/elbullistore\/ca\/el-cacau-de-la-naturalesa-a-la-seva-comercialitzacio\/","og_site_name":"elBullistore","article_published_time":"2023-07-25T15:05:48+00:00","article_modified_time":"2023-07-25T15:06:47+00:00","og_image":[{"width":763,"height":655,"url":"https:\/\/elbullifoundation.com\/elbullistore\/wp-content\/uploads\/2021\/09\/5.png","type":"image\/png"}],"author":"rita","twitter_card":"summary_large_image","twitter_misc":{"Escrito por":"rita","Tiempo de lectura":"1 minuto"},"schema":{"@context":"https:\/\/schema.org","@graph":[{"@type":"Article","@id":"https:\/\/elbullifoundation.com\/elbullistore\/ca\/el-cacau-de-la-naturalesa-a-la-seva-comercialitzacio\/#article","isPartOf":{"@id":"https:\/\/elbullifoundation.com\/elbullistore\/ca\/el-cacau-de-la-naturalesa-a-la-seva-comercialitzacio\/"},"author":{"name":"rita","@id":"https:\/\/elbullifoundation.com\/elbullistore\/#\/schema\/person\/c640447c0fe37ad06d5ba717d15195db"},"headline":"EL CACAU: DE LA NATURALESA A LA SEVA COMERCIALITZACI\u00d3","datePublished":"2023-07-25T15:05:48+00:00","dateModified":"2023-07-25T15:06:47+00:00","mainEntityOfPage":{"@id":"https:\/\/elbullifoundation.com\/elbullistore\/ca\/el-cacau-de-la-naturalesa-a-la-seva-comercialitzacio\/"},"wordCount":139,"image":{"@id":"https:\/\/elbullifoundation.com\/elbullistore\/ca\/el-cacau-de-la-naturalesa-a-la-seva-comercialitzacio\/#primaryimage"},"thumbnailUrl":"https:\/\/elbullifoundation.com\/elbullistore\/wp-content\/uploads\/2021\/09\/5.png","articleSection":["Uncategorized @ca"],"inLanguage":"es"},{"@type":"WebPage","@id":"https:\/\/elbullifoundation.com\/elbullistore\/ca\/el-cacau-de-la-naturalesa-a-la-seva-comercialitzacio\/","url":"https:\/\/elbullifoundation.com\/elbullistore\/ca\/el-cacau-de-la-naturalesa-a-la-seva-comercialitzacio\/","name":"EL CACAU: DE LA NATURALESA A LA SEVA COMERCIALITZACI\u00d3 - elBullistore","isPartOf":{"@id":"https:\/\/elbullifoundation.com\/elbullistore\/#website"},"primaryImageOfPage":{"@id":"https:\/\/elbullifoundation.com\/elbullistore\/ca\/el-cacau-de-la-naturalesa-a-la-seva-comercialitzacio\/#primaryimage"},"image":{"@id":"https:\/\/elbullifoundation.com\/elbullistore\/ca\/el-cacau-de-la-naturalesa-a-la-seva-comercialitzacio\/#primaryimage"},"thumbnailUrl":"https:\/\/elbullifoundation.com\/elbullistore\/wp-content\/uploads\/2021\/09\/5.png","datePublished":"2023-07-25T15:05:48+00:00","dateModified":"2023-07-25T15:06:47+00:00","author":{"@id":"https:\/\/elbullifoundation.com\/elbullistore\/#\/schema\/person\/c640447c0fe37ad06d5ba717d15195db"},"breadcrumb":{"@id":"https:\/\/elbullifoundation.com\/elbullistore\/ca\/el-cacau-de-la-naturalesa-a-la-seva-comercialitzacio\/#breadcrumb"},"inLanguage":"es","potentialAction":[{"@type":"ReadAction","target":["https:\/\/elbullifoundation.com\/elbullistore\/ca\/el-cacau-de-la-naturalesa-a-la-seva-comercialitzacio\/"]}]},{"@type":"ImageObject","inLanguage":"es","@id":"https:\/\/elbullifoundation.com\/elbullistore\/ca\/el-cacau-de-la-naturalesa-a-la-seva-comercialitzacio\/#primaryimage","url":"https:\/\/elbullifoundation.com\/elbullistore\/wp-content\/uploads\/2021\/09\/5.png","contentUrl":"https:\/\/elbullifoundation.com\/elbullistore\/wp-content\/uploads\/2021\/09\/5.png","width":763,"height":655},{"@type":"BreadcrumbList","@id":"https:\/\/elbullifoundation.com\/elbullistore\/ca\/el-cacau-de-la-naturalesa-a-la-seva-comercialitzacio\/#breadcrumb","itemListElement":[{"@type":"ListItem","position":1,"name":"Portada","item":"https:\/\/elbullifoundation.com\/elbullistore\/"},{"@type":"ListItem","position":2,"name":"EL CACAU: DE LA NATURALESA A LA SEVA COMERCIALITZACI\u00d3"}]},{"@type":"WebSite","@id":"https:\/\/elbullifoundation.com\/elbullistore\/#website","url":"https:\/\/elbullifoundation.com\/elbullistore\/","name":"elBullistore","description":"","potentialAction":[{"@type":"SearchAction","target":{"@type":"EntryPoint","urlTemplate":"https:\/\/elbullifoundation.com\/elbullistore\/?s={search_term_string}"},"query-input":{"@type":"PropertyValueSpecification","valueRequired":true,"valueName":"search_term_string"}}],"inLanguage":"es"},{"@type":"Person","@id":"https:\/\/elbullifoundation.com\/elbullistore\/#\/schema\/person\/c640447c0fe37ad06d5ba717d15195db","name":"rita","image":{"@type":"ImageObject","inLanguage":"es","@id":"https:\/\/elbullifoundation.com\/elbullistore\/#\/schema\/person\/image\/","url":"https:\/\/secure.gravatar.com\/avatar\/81d9b7df4889904fee0e6117fd68e611a24e5999d2ecb341e22d0b0825a45ebb?s=96&d=mm&r=g","contentUrl":"https:\/\/secure.gravatar.com\/avatar\/81d9b7df4889904fee0e6117fd68e611a24e5999d2ecb341e22d0b0825a45ebb?s=96&d=mm&r=g","caption":"rita"},"url":"https:\/\/elbullifoundation.com\/elbullistore\/author\/rita\/"}]}},"lang":"ca","translations":{"ca":16392,"es":11129,"en":11700},"pll_sync_post":[],"_links":{"self":[{"href":"https:\/\/elbullifoundation.com\/elbullistore\/wp-json\/wp\/v2\/posts\/16392","targetHints":{"allow":["GET"]}}],"collection":[{"href":"https:\/\/elbullifoundation.com\/elbullistore\/wp-json\/wp\/v2\/posts"}],"about":[{"href":"https:\/\/elbullifoundation.com\/elbullistore\/wp-json\/wp\/v2\/types\/post"}],"author":[{"embeddable":true,"href":"https:\/\/elbullifoundation.com\/elbullistore\/wp-json\/wp\/v2\/users\/4"}],"replies":[{"embeddable":true,"href":"https:\/\/elbullifoundation.com\/elbullistore\/wp-json\/wp\/v2\/comments?post=16392"}],"version-history":[{"count":0,"href":"https:\/\/elbullifoundation.com\/elbullistore\/wp-json\/wp\/v2\/posts\/16392\/revisions"}],"wp:featuredmedia":[{"embeddable":true,"href":"https:\/\/elbullifoundation.com\/elbullistore\/wp-json\/wp\/v2\/media\/11308"}],"wp:attachment":[{"href":"https:\/\/elbullifoundation.com\/elbullistore\/wp-json\/wp\/v2\/media?parent=16392"}],"wp:term":[{"taxonomy":"category","embeddable":true,"href":"https:\/\/elbullifoundation.com\/elbullistore\/wp-json\/wp\/v2\/categories?post=16392"},{"taxonomy":"post_tag","embeddable":true,"href":"https:\/\/elbullifoundation.com\/elbullistore\/wp-json\/wp\/v2\/tags?post=16392"}],"curies":[{"name":"wp","href":"https:\/\/api.w.org\/{rel}","templated":true}]}}