{"id":16415,"date":"2023-07-25T17:22:32","date_gmt":"2023-07-25T15:22:32","guid":{"rendered":"https:\/\/elbullifoundation.com\/elbullistore\/?p=16415"},"modified":"2024-09-11T12:35:52","modified_gmt":"2024-09-11T10:35:52","slug":"el-tast-com-a-activitat","status":"publish","type":"post","link":"https:\/\/elbullifoundation.com\/elbullistore\/ca\/el-tast-com-a-activitat\/","title":{"rendered":"EL TAST COM A ACTIVITAT"},"content":{"rendered":"\n<p>Les accions \u2013en el nostre cas catar\u2013 donen lloc a activitats \u2013en el nostre cas el tast\u2013. Les activitats tenen una finalitat, que pot ser econ\u00f2mica, l\u00fadica, filos\u00f2fica, aliment\u00e0ria, etc. Quina \u00e9s la finalitat del tast?<\/p>\n\n\n\n<p>El m\u00e8tode Sapiens tracta de situar qualsevol objecte o activitat d&#8217;estudi dins del m\u00f3n, per a aix\u00ed con\u00e8ixer en quins \u00e0mbits de la vida imprimeix una major influ\u00e8ncia. Realitzarem preguntes amb un macroenfocament: \u00e9s el tast una activitat necess\u00e0ria?, qui treu partit en realitzar aquesta activitat?<\/p>\n\n\n\n<p>Catar \u00e9s una acci\u00f3 f\u00edsicomental, perqu\u00e8 no es tracta nom\u00e9s de percebre instintivament un l\u00edquid, sin\u00f3 que existeix tot un engranatge i uns processos cognitius: comparem un vi amb uns altres, pensem per qu\u00e8 t\u00e9 aquest sabor, decidim la seva compra, etc.<\/p>\n","protected":false},"excerpt":{"rendered":"<p>Les accions \u2013en el nostre cas catar\u2013 donen lloc a activitats \u2013en el nostre cas el tast\u2013. Les activitats tenen una finalitat, que pot ser econ\u00f2mica, l\u00fadica, filos\u00f2fica, aliment\u00e0ria, etc. Quina \u00e9s la finalitat del tast? El m\u00e8tode Sapiens tracta de situar qualsevol objecte o activitat d&#8217;estudi dins del m\u00f3n, per a aix\u00ed con\u00e8ixer en [&hellip;]<\/p>\n","protected":false},"author":4,"featured_media":11363,"comment_status":"closed","ping_status":"open","sticky":false,"template":"","format":"standard","meta":{"_acf_changed":false,"footnotes":""},"categories":[57],"tags":[],"class_list":["post-16415","post","type-post","status-publish","format-standard","has-post-thumbnail","hentry","category-uncategorized-ca"],"acf":[],"yoast_head":"<!-- This site is optimized with the Yoast SEO plugin v26.9 - https:\/\/yoast.com\/product\/yoast-seo-wordpress\/ -->\n<title>EL TAST COM A ACTIVITAT - elBullistore<\/title>\n<meta name=\"robots\" content=\"index, follow, max-snippet:-1, max-image-preview:large, max-video-preview:-1\" \/>\n<link rel=\"canonical\" href=\"https:\/\/elbullifoundation.com\/elbullistore\/ca\/el-tast-com-a-activitat\/\" \/>\n<meta property=\"og:locale\" content=\"es_ES\" \/>\n<meta property=\"og:type\" content=\"article\" \/>\n<meta property=\"og:title\" content=\"EL TAST COM A ACTIVITAT - elBullistore\" \/>\n<meta property=\"og:description\" content=\"Les accions \u2013en el nostre cas catar\u2013 donen lloc a activitats \u2013en el nostre cas el tast\u2013. Les activitats tenen una finalitat, que pot ser econ\u00f2mica, l\u00fadica, filos\u00f2fica, aliment\u00e0ria, etc. Quina \u00e9s la finalitat del tast? El m\u00e8tode Sapiens tracta de situar qualsevol objecte o activitat d&#8217;estudi dins del m\u00f3n, per a aix\u00ed con\u00e8ixer en [&hellip;]\" \/>\n<meta property=\"og:url\" content=\"https:\/\/elbullifoundation.com\/elbullistore\/ca\/el-tast-com-a-activitat\/\" \/>\n<meta property=\"og:site_name\" content=\"elBullistore\" \/>\n<meta property=\"article:published_time\" content=\"2023-07-25T15:22:32+00:00\" \/>\n<meta property=\"article:modified_time\" content=\"2024-09-11T10:35:52+00:00\" \/>\n<meta property=\"og:image\" content=\"https:\/\/elbullifoundation.com\/elbullistore\/wp-content\/uploads\/2021\/10\/2.png\" \/>\n\t<meta property=\"og:image:width\" content=\"499\" \/>\n\t<meta property=\"og:image:height\" content=\"535\" \/>\n\t<meta property=\"og:image:type\" content=\"image\/png\" \/>\n<meta name=\"author\" content=\"rita\" \/>\n<meta name=\"twitter:card\" content=\"summary_large_image\" \/>\n<meta name=\"twitter:label1\" content=\"Escrito por\" \/>\n\t<meta name=\"twitter:data1\" content=\"rita\" \/>\n\t<meta name=\"twitter:label2\" content=\"Tiempo de lectura\" \/>\n\t<meta name=\"twitter:data2\" content=\"1 minuto\" \/>\n<script type=\"application\/ld+json\" class=\"yoast-schema-graph\">{\"@context\":\"https:\/\/schema.org\",\"@graph\":[{\"@type\":\"Article\",\"@id\":\"https:\/\/elbullifoundation.com\/elbullistore\/ca\/el-tast-com-a-activitat\/#article\",\"isPartOf\":{\"@id\":\"https:\/\/elbullifoundation.com\/elbullistore\/ca\/el-tast-com-a-activitat\/\"},\"author\":{\"name\":\"rita\",\"@id\":\"https:\/\/elbullifoundation.com\/elbullistore\/#\/schema\/person\/c640447c0fe37ad06d5ba717d15195db\"},\"headline\":\"EL TAST COM A ACTIVITAT\",\"datePublished\":\"2023-07-25T15:22:32+00:00\",\"dateModified\":\"2024-09-11T10:35:52+00:00\",\"mainEntityOfPage\":{\"@id\":\"https:\/\/elbullifoundation.com\/elbullistore\/ca\/el-tast-com-a-activitat\/\"},\"wordCount\":142,\"image\":{\"@id\":\"https:\/\/elbullifoundation.com\/elbullistore\/ca\/el-tast-com-a-activitat\/#primaryimage\"},\"thumbnailUrl\":\"https:\/\/elbullifoundation.com\/elbullistore\/wp-content\/uploads\/2021\/10\/2.png\",\"articleSection\":[\"Uncategorized @ca\"],\"inLanguage\":\"es\"},{\"@type\":\"WebPage\",\"@id\":\"https:\/\/elbullifoundation.com\/elbullistore\/ca\/el-tast-com-a-activitat\/\",\"url\":\"https:\/\/elbullifoundation.com\/elbullistore\/ca\/el-tast-com-a-activitat\/\",\"name\":\"EL TAST COM A ACTIVITAT - elBullistore\",\"isPartOf\":{\"@id\":\"https:\/\/elbullifoundation.com\/elbullistore\/#website\"},\"primaryImageOfPage\":{\"@id\":\"https:\/\/elbullifoundation.com\/elbullistore\/ca\/el-tast-com-a-activitat\/#primaryimage\"},\"image\":{\"@id\":\"https:\/\/elbullifoundation.com\/elbullistore\/ca\/el-tast-com-a-activitat\/#primaryimage\"},\"thumbnailUrl\":\"https:\/\/elbullifoundation.com\/elbullistore\/wp-content\/uploads\/2021\/10\/2.png\",\"datePublished\":\"2023-07-25T15:22:32+00:00\",\"dateModified\":\"2024-09-11T10:35:52+00:00\",\"author\":{\"@id\":\"https:\/\/elbullifoundation.com\/elbullistore\/#\/schema\/person\/c640447c0fe37ad06d5ba717d15195db\"},\"breadcrumb\":{\"@id\":\"https:\/\/elbullifoundation.com\/elbullistore\/ca\/el-tast-com-a-activitat\/#breadcrumb\"},\"inLanguage\":\"es\",\"potentialAction\":[{\"@type\":\"ReadAction\",\"target\":[\"https:\/\/elbullifoundation.com\/elbullistore\/ca\/el-tast-com-a-activitat\/\"]}]},{\"@type\":\"ImageObject\",\"inLanguage\":\"es\",\"@id\":\"https:\/\/elbullifoundation.com\/elbullistore\/ca\/el-tast-com-a-activitat\/#primaryimage\",\"url\":\"https:\/\/elbullifoundation.com\/elbullistore\/wp-content\/uploads\/2021\/10\/2.png\",\"contentUrl\":\"https:\/\/elbullifoundation.com\/elbullistore\/wp-content\/uploads\/2021\/10\/2.png\",\"width\":499,\"height\":535},{\"@type\":\"BreadcrumbList\",\"@id\":\"https:\/\/elbullifoundation.com\/elbullistore\/ca\/el-tast-com-a-activitat\/#breadcrumb\",\"itemListElement\":[{\"@type\":\"ListItem\",\"position\":1,\"name\":\"Portada\",\"item\":\"https:\/\/elbullifoundation.com\/elbullistore\/\"},{\"@type\":\"ListItem\",\"position\":2,\"name\":\"EL TAST COM A ACTIVITAT\"}]},{\"@type\":\"WebSite\",\"@id\":\"https:\/\/elbullifoundation.com\/elbullistore\/#website\",\"url\":\"https:\/\/elbullifoundation.com\/elbullistore\/\",\"name\":\"elBullistore\",\"description\":\"\",\"potentialAction\":[{\"@type\":\"SearchAction\",\"target\":{\"@type\":\"EntryPoint\",\"urlTemplate\":\"https:\/\/elbullifoundation.com\/elbullistore\/?s={search_term_string}\"},\"query-input\":{\"@type\":\"PropertyValueSpecification\",\"valueRequired\":true,\"valueName\":\"search_term_string\"}}],\"inLanguage\":\"es\"},{\"@type\":\"Person\",\"@id\":\"https:\/\/elbullifoundation.com\/elbullistore\/#\/schema\/person\/c640447c0fe37ad06d5ba717d15195db\",\"name\":\"rita\",\"image\":{\"@type\":\"ImageObject\",\"inLanguage\":\"es\",\"@id\":\"https:\/\/elbullifoundation.com\/elbullistore\/#\/schema\/person\/image\/\",\"url\":\"https:\/\/secure.gravatar.com\/avatar\/81d9b7df4889904fee0e6117fd68e611a24e5999d2ecb341e22d0b0825a45ebb?s=96&d=mm&r=g\",\"contentUrl\":\"https:\/\/secure.gravatar.com\/avatar\/81d9b7df4889904fee0e6117fd68e611a24e5999d2ecb341e22d0b0825a45ebb?s=96&d=mm&r=g\",\"caption\":\"rita\"},\"url\":\"https:\/\/elbullifoundation.com\/elbullistore\/author\/rita\/\"}]}<\/script>\n<!-- \/ Yoast SEO plugin. -->","yoast_head_json":{"title":"EL TAST COM A ACTIVITAT - elBullistore","robots":{"index":"index","follow":"follow","max-snippet":"max-snippet:-1","max-image-preview":"max-image-preview:large","max-video-preview":"max-video-preview:-1"},"canonical":"https:\/\/elbullifoundation.com\/elbullistore\/ca\/el-tast-com-a-activitat\/","og_locale":"es_ES","og_type":"article","og_title":"EL TAST COM A ACTIVITAT - elBullistore","og_description":"Les accions \u2013en el nostre cas catar\u2013 donen lloc a activitats \u2013en el nostre cas el tast\u2013. Les activitats tenen una finalitat, que pot ser econ\u00f2mica, l\u00fadica, filos\u00f2fica, aliment\u00e0ria, etc. Quina \u00e9s la finalitat del tast? El m\u00e8tode Sapiens tracta de situar qualsevol objecte o activitat d&#8217;estudi dins del m\u00f3n, per a aix\u00ed con\u00e8ixer en [&hellip;]","og_url":"https:\/\/elbullifoundation.com\/elbullistore\/ca\/el-tast-com-a-activitat\/","og_site_name":"elBullistore","article_published_time":"2023-07-25T15:22:32+00:00","article_modified_time":"2024-09-11T10:35:52+00:00","og_image":[{"width":499,"height":535,"url":"https:\/\/elbullifoundation.com\/elbullistore\/wp-content\/uploads\/2021\/10\/2.png","type":"image\/png"}],"author":"rita","twitter_card":"summary_large_image","twitter_misc":{"Escrito por":"rita","Tiempo de lectura":"1 minuto"},"schema":{"@context":"https:\/\/schema.org","@graph":[{"@type":"Article","@id":"https:\/\/elbullifoundation.com\/elbullistore\/ca\/el-tast-com-a-activitat\/#article","isPartOf":{"@id":"https:\/\/elbullifoundation.com\/elbullistore\/ca\/el-tast-com-a-activitat\/"},"author":{"name":"rita","@id":"https:\/\/elbullifoundation.com\/elbullistore\/#\/schema\/person\/c640447c0fe37ad06d5ba717d15195db"},"headline":"EL TAST COM A ACTIVITAT","datePublished":"2023-07-25T15:22:32+00:00","dateModified":"2024-09-11T10:35:52+00:00","mainEntityOfPage":{"@id":"https:\/\/elbullifoundation.com\/elbullistore\/ca\/el-tast-com-a-activitat\/"},"wordCount":142,"image":{"@id":"https:\/\/elbullifoundation.com\/elbullistore\/ca\/el-tast-com-a-activitat\/#primaryimage"},"thumbnailUrl":"https:\/\/elbullifoundation.com\/elbullistore\/wp-content\/uploads\/2021\/10\/2.png","articleSection":["Uncategorized @ca"],"inLanguage":"es"},{"@type":"WebPage","@id":"https:\/\/elbullifoundation.com\/elbullistore\/ca\/el-tast-com-a-activitat\/","url":"https:\/\/elbullifoundation.com\/elbullistore\/ca\/el-tast-com-a-activitat\/","name":"EL TAST COM A ACTIVITAT - elBullistore","isPartOf":{"@id":"https:\/\/elbullifoundation.com\/elbullistore\/#website"},"primaryImageOfPage":{"@id":"https:\/\/elbullifoundation.com\/elbullistore\/ca\/el-tast-com-a-activitat\/#primaryimage"},"image":{"@id":"https:\/\/elbullifoundation.com\/elbullistore\/ca\/el-tast-com-a-activitat\/#primaryimage"},"thumbnailUrl":"https:\/\/elbullifoundation.com\/elbullistore\/wp-content\/uploads\/2021\/10\/2.png","datePublished":"2023-07-25T15:22:32+00:00","dateModified":"2024-09-11T10:35:52+00:00","author":{"@id":"https:\/\/elbullifoundation.com\/elbullistore\/#\/schema\/person\/c640447c0fe37ad06d5ba717d15195db"},"breadcrumb":{"@id":"https:\/\/elbullifoundation.com\/elbullistore\/ca\/el-tast-com-a-activitat\/#breadcrumb"},"inLanguage":"es","potentialAction":[{"@type":"ReadAction","target":["https:\/\/elbullifoundation.com\/elbullistore\/ca\/el-tast-com-a-activitat\/"]}]},{"@type":"ImageObject","inLanguage":"es","@id":"https:\/\/elbullifoundation.com\/elbullistore\/ca\/el-tast-com-a-activitat\/#primaryimage","url":"https:\/\/elbullifoundation.com\/elbullistore\/wp-content\/uploads\/2021\/10\/2.png","contentUrl":"https:\/\/elbullifoundation.com\/elbullistore\/wp-content\/uploads\/2021\/10\/2.png","width":499,"height":535},{"@type":"BreadcrumbList","@id":"https:\/\/elbullifoundation.com\/elbullistore\/ca\/el-tast-com-a-activitat\/#breadcrumb","itemListElement":[{"@type":"ListItem","position":1,"name":"Portada","item":"https:\/\/elbullifoundation.com\/elbullistore\/"},{"@type":"ListItem","position":2,"name":"EL TAST COM A ACTIVITAT"}]},{"@type":"WebSite","@id":"https:\/\/elbullifoundation.com\/elbullistore\/#website","url":"https:\/\/elbullifoundation.com\/elbullistore\/","name":"elBullistore","description":"","potentialAction":[{"@type":"SearchAction","target":{"@type":"EntryPoint","urlTemplate":"https:\/\/elbullifoundation.com\/elbullistore\/?s={search_term_string}"},"query-input":{"@type":"PropertyValueSpecification","valueRequired":true,"valueName":"search_term_string"}}],"inLanguage":"es"},{"@type":"Person","@id":"https:\/\/elbullifoundation.com\/elbullistore\/#\/schema\/person\/c640447c0fe37ad06d5ba717d15195db","name":"rita","image":{"@type":"ImageObject","inLanguage":"es","@id":"https:\/\/elbullifoundation.com\/elbullistore\/#\/schema\/person\/image\/","url":"https:\/\/secure.gravatar.com\/avatar\/81d9b7df4889904fee0e6117fd68e611a24e5999d2ecb341e22d0b0825a45ebb?s=96&d=mm&r=g","contentUrl":"https:\/\/secure.gravatar.com\/avatar\/81d9b7df4889904fee0e6117fd68e611a24e5999d2ecb341e22d0b0825a45ebb?s=96&d=mm&r=g","caption":"rita"},"url":"https:\/\/elbullifoundation.com\/elbullistore\/author\/rita\/"}]}},"lang":"ca","translations":{"ca":16415,"es":11178,"en":12187},"pll_sync_post":[],"_links":{"self":[{"href":"https:\/\/elbullifoundation.com\/elbullistore\/wp-json\/wp\/v2\/posts\/16415","targetHints":{"allow":["GET"]}}],"collection":[{"href":"https:\/\/elbullifoundation.com\/elbullistore\/wp-json\/wp\/v2\/posts"}],"about":[{"href":"https:\/\/elbullifoundation.com\/elbullistore\/wp-json\/wp\/v2\/types\/post"}],"author":[{"embeddable":true,"href":"https:\/\/elbullifoundation.com\/elbullistore\/wp-json\/wp\/v2\/users\/4"}],"replies":[{"embeddable":true,"href":"https:\/\/elbullifoundation.com\/elbullistore\/wp-json\/wp\/v2\/comments?post=16415"}],"version-history":[{"count":1,"href":"https:\/\/elbullifoundation.com\/elbullistore\/wp-json\/wp\/v2\/posts\/16415\/revisions"}],"predecessor-version":[{"id":18420,"href":"https:\/\/elbullifoundation.com\/elbullistore\/wp-json\/wp\/v2\/posts\/16415\/revisions\/18420"}],"wp:featuredmedia":[{"embeddable":true,"href":"https:\/\/elbullifoundation.com\/elbullistore\/wp-json\/wp\/v2\/media\/11363"}],"wp:attachment":[{"href":"https:\/\/elbullifoundation.com\/elbullistore\/wp-json\/wp\/v2\/media?parent=16415"}],"wp:term":[{"taxonomy":"category","embeddable":true,"href":"https:\/\/elbullifoundation.com\/elbullistore\/wp-json\/wp\/v2\/categories?post=16415"},{"taxonomy":"post_tag","embeddable":true,"href":"https:\/\/elbullifoundation.com\/elbullistore\/wp-json\/wp\/v2\/tags?post=16415"}],"curies":[{"name":"wp","href":"https:\/\/api.w.org\/{rel}","templated":true}]}}