{"id":16712,"date":"2023-07-26T13:09:18","date_gmt":"2023-07-26T11:09:18","guid":{"rendered":"https:\/\/elbullifoundation.com\/elbullistore\/?p=16712"},"modified":"2023-07-26T13:11:16","modified_gmt":"2023-07-26T11:11:16","slug":"tast-la-fase-bucal","status":"publish","type":"post","link":"https:\/\/elbullifoundation.com\/elbullistore\/ca\/tast-la-fase-bucal\/","title":{"rendered":"TAST: LA FASE BUCAL"},"content":{"rendered":"\n<p>En introduir el vi en la boca es rep una quantitat ingent d&#8217;informaci\u00f3 sensorial que ha de ser processada, compresa i, a poder ser, gaudida. Per a aconseguir-ho, \u00e9s b\u00e0sic tenir memoritzat un sistema de tast que estigui tan jerarquitzat com parametritzat. Nom\u00e9s aix\u00ed es poden manejar i avaluar les percepcions de manera seq\u00fcencial. Es comen\u00e7a per les percepcions s\u00e0pides de dol\u00e7or, acidesa, salinitat, amargor, umami, oleogust i kokumi; es dona pas a les percepcions de forma i volum, de sequedat i astring\u00e8ncia, de flu\u00efdesa i de sensaci\u00f3 greixosa, de pungencia i d&#8217;integraci\u00f3 alcoh\u00f2lica, i d&#8217;efervesc\u00e8ncia si estem davant un espum\u00f3s; despr\u00e9s, arriben les percepcions arom\u00e0tiques retronasals, les percepcions de calidesa i frescor. Els segueix l&#8217;estructura, el pes i el cos. Ja, finalitzant, es genera la cad\u00e8ncia bucal (entrada, paladar mitj\u00e0, final), l&#8217;equilibri i, finalment, la persist\u00e8ncia. Oferirem per a cada etapa un vocabulari prec\u00eds i s&#8217;exposar\u00e0 com s&#8217;ha d&#8217;interpretar cadascuna d&#8217;elles.<\/p>\n","protected":false},"excerpt":{"rendered":"<p>En introduir el vi en la boca es rep una quantitat ingent d&#8217;informaci\u00f3 sensorial que ha de ser processada, compresa i, a poder ser, gaudida. Per a aconseguir-ho, \u00e9s b\u00e0sic tenir memoritzat un sistema de tast que estigui tan jerarquitzat com parametritzat. Nom\u00e9s aix\u00ed es poden manejar i avaluar les percepcions de manera seq\u00fcencial. Es [&hellip;]<\/p>\n","protected":false},"author":4,"featured_media":14104,"comment_status":"closed","ping_status":"open","sticky":false,"template":"","format":"standard","meta":{"_acf_changed":false,"footnotes":""},"categories":[57],"tags":[],"class_list":["post-16712","post","type-post","status-publish","format-standard","has-post-thumbnail","hentry","category-uncategorized-ca"],"acf":[],"yoast_head":"<!-- This site is optimized with the Yoast SEO plugin v26.9 - https:\/\/yoast.com\/product\/yoast-seo-wordpress\/ -->\n<title>TAST: LA FASE BUCAL - elBullistore<\/title>\n<meta name=\"robots\" content=\"index, follow, max-snippet:-1, max-image-preview:large, max-video-preview:-1\" \/>\n<link rel=\"canonical\" href=\"https:\/\/elbullifoundation.com\/elbullistore\/ca\/tast-la-fase-bucal\/\" \/>\n<meta property=\"og:locale\" content=\"es_ES\" \/>\n<meta property=\"og:type\" content=\"article\" \/>\n<meta property=\"og:title\" content=\"TAST: LA FASE BUCAL - elBullistore\" \/>\n<meta property=\"og:description\" content=\"En introduir el vi en la boca es rep una quantitat ingent d&#8217;informaci\u00f3 sensorial que ha de ser processada, compresa i, a poder ser, gaudida. Per a aconseguir-ho, \u00e9s b\u00e0sic tenir memoritzat un sistema de tast que estigui tan jerarquitzat com parametritzat. Nom\u00e9s aix\u00ed es poden manejar i avaluar les percepcions de manera seq\u00fcencial. Es [&hellip;]\" \/>\n<meta property=\"og:url\" content=\"https:\/\/elbullifoundation.com\/elbullistore\/ca\/tast-la-fase-bucal\/\" \/>\n<meta property=\"og:site_name\" content=\"elBullistore\" \/>\n<meta property=\"article:published_time\" content=\"2023-07-26T11:09:18+00:00\" \/>\n<meta property=\"article:modified_time\" content=\"2023-07-26T11:11:16+00:00\" \/>\n<meta property=\"og:image\" content=\"https:\/\/elbullifoundation.com\/elbullistore\/wp-content\/uploads\/2022\/11\/13.png\" \/>\n\t<meta property=\"og:image:width\" content=\"510\" \/>\n\t<meta property=\"og:image:height\" content=\"445\" \/>\n\t<meta property=\"og:image:type\" content=\"image\/png\" \/>\n<meta name=\"author\" content=\"rita\" \/>\n<meta name=\"twitter:card\" content=\"summary_large_image\" \/>\n<meta name=\"twitter:label1\" content=\"Escrito por\" \/>\n\t<meta name=\"twitter:data1\" content=\"rita\" \/>\n\t<meta name=\"twitter:label2\" content=\"Tiempo de lectura\" \/>\n\t<meta name=\"twitter:data2\" content=\"1 minuto\" \/>\n<script type=\"application\/ld+json\" class=\"yoast-schema-graph\">{\"@context\":\"https:\/\/schema.org\",\"@graph\":[{\"@type\":\"Article\",\"@id\":\"https:\/\/elbullifoundation.com\/elbullistore\/ca\/tast-la-fase-bucal\/#article\",\"isPartOf\":{\"@id\":\"https:\/\/elbullifoundation.com\/elbullistore\/ca\/tast-la-fase-bucal\/\"},\"author\":{\"name\":\"rita\",\"@id\":\"https:\/\/elbullifoundation.com\/elbullistore\/#\/schema\/person\/c640447c0fe37ad06d5ba717d15195db\"},\"headline\":\"TAST: LA FASE BUCAL\",\"datePublished\":\"2023-07-26T11:09:18+00:00\",\"dateModified\":\"2023-07-26T11:11:16+00:00\",\"mainEntityOfPage\":{\"@id\":\"https:\/\/elbullifoundation.com\/elbullistore\/ca\/tast-la-fase-bucal\/\"},\"wordCount\":181,\"image\":{\"@id\":\"https:\/\/elbullifoundation.com\/elbullistore\/ca\/tast-la-fase-bucal\/#primaryimage\"},\"thumbnailUrl\":\"https:\/\/elbullifoundation.com\/elbullistore\/wp-content\/uploads\/2022\/11\/13.png\",\"articleSection\":[\"Uncategorized @ca\"],\"inLanguage\":\"es\"},{\"@type\":\"WebPage\",\"@id\":\"https:\/\/elbullifoundation.com\/elbullistore\/ca\/tast-la-fase-bucal\/\",\"url\":\"https:\/\/elbullifoundation.com\/elbullistore\/ca\/tast-la-fase-bucal\/\",\"name\":\"TAST: LA FASE BUCAL - elBullistore\",\"isPartOf\":{\"@id\":\"https:\/\/elbullifoundation.com\/elbullistore\/#website\"},\"primaryImageOfPage\":{\"@id\":\"https:\/\/elbullifoundation.com\/elbullistore\/ca\/tast-la-fase-bucal\/#primaryimage\"},\"image\":{\"@id\":\"https:\/\/elbullifoundation.com\/elbullistore\/ca\/tast-la-fase-bucal\/#primaryimage\"},\"thumbnailUrl\":\"https:\/\/elbullifoundation.com\/elbullistore\/wp-content\/uploads\/2022\/11\/13.png\",\"datePublished\":\"2023-07-26T11:09:18+00:00\",\"dateModified\":\"2023-07-26T11:11:16+00:00\",\"author\":{\"@id\":\"https:\/\/elbullifoundation.com\/elbullistore\/#\/schema\/person\/c640447c0fe37ad06d5ba717d15195db\"},\"breadcrumb\":{\"@id\":\"https:\/\/elbullifoundation.com\/elbullistore\/ca\/tast-la-fase-bucal\/#breadcrumb\"},\"inLanguage\":\"es\",\"potentialAction\":[{\"@type\":\"ReadAction\",\"target\":[\"https:\/\/elbullifoundation.com\/elbullistore\/ca\/tast-la-fase-bucal\/\"]}]},{\"@type\":\"ImageObject\",\"inLanguage\":\"es\",\"@id\":\"https:\/\/elbullifoundation.com\/elbullistore\/ca\/tast-la-fase-bucal\/#primaryimage\",\"url\":\"https:\/\/elbullifoundation.com\/elbullistore\/wp-content\/uploads\/2022\/11\/13.png\",\"contentUrl\":\"https:\/\/elbullifoundation.com\/elbullistore\/wp-content\/uploads\/2022\/11\/13.png\",\"width\":510,\"height\":445},{\"@type\":\"BreadcrumbList\",\"@id\":\"https:\/\/elbullifoundation.com\/elbullistore\/ca\/tast-la-fase-bucal\/#breadcrumb\",\"itemListElement\":[{\"@type\":\"ListItem\",\"position\":1,\"name\":\"Portada\",\"item\":\"https:\/\/elbullifoundation.com\/elbullistore\/\"},{\"@type\":\"ListItem\",\"position\":2,\"name\":\"TAST: LA FASE BUCAL\"}]},{\"@type\":\"WebSite\",\"@id\":\"https:\/\/elbullifoundation.com\/elbullistore\/#website\",\"url\":\"https:\/\/elbullifoundation.com\/elbullistore\/\",\"name\":\"elBullistore\",\"description\":\"\",\"potentialAction\":[{\"@type\":\"SearchAction\",\"target\":{\"@type\":\"EntryPoint\",\"urlTemplate\":\"https:\/\/elbullifoundation.com\/elbullistore\/?s={search_term_string}\"},\"query-input\":{\"@type\":\"PropertyValueSpecification\",\"valueRequired\":true,\"valueName\":\"search_term_string\"}}],\"inLanguage\":\"es\"},{\"@type\":\"Person\",\"@id\":\"https:\/\/elbullifoundation.com\/elbullistore\/#\/schema\/person\/c640447c0fe37ad06d5ba717d15195db\",\"name\":\"rita\",\"image\":{\"@type\":\"ImageObject\",\"inLanguage\":\"es\",\"@id\":\"https:\/\/elbullifoundation.com\/elbullistore\/#\/schema\/person\/image\/\",\"url\":\"https:\/\/secure.gravatar.com\/avatar\/81d9b7df4889904fee0e6117fd68e611a24e5999d2ecb341e22d0b0825a45ebb?s=96&d=mm&r=g\",\"contentUrl\":\"https:\/\/secure.gravatar.com\/avatar\/81d9b7df4889904fee0e6117fd68e611a24e5999d2ecb341e22d0b0825a45ebb?s=96&d=mm&r=g\",\"caption\":\"rita\"},\"url\":\"https:\/\/elbullifoundation.com\/elbullistore\/author\/rita\/\"}]}<\/script>\n<!-- \/ Yoast SEO plugin. -->","yoast_head_json":{"title":"TAST: LA FASE BUCAL - elBullistore","robots":{"index":"index","follow":"follow","max-snippet":"max-snippet:-1","max-image-preview":"max-image-preview:large","max-video-preview":"max-video-preview:-1"},"canonical":"https:\/\/elbullifoundation.com\/elbullistore\/ca\/tast-la-fase-bucal\/","og_locale":"es_ES","og_type":"article","og_title":"TAST: LA FASE BUCAL - elBullistore","og_description":"En introduir el vi en la boca es rep una quantitat ingent d&#8217;informaci\u00f3 sensorial que ha de ser processada, compresa i, a poder ser, gaudida. Per a aconseguir-ho, \u00e9s b\u00e0sic tenir memoritzat un sistema de tast que estigui tan jerarquitzat com parametritzat. Nom\u00e9s aix\u00ed es poden manejar i avaluar les percepcions de manera seq\u00fcencial. Es [&hellip;]","og_url":"https:\/\/elbullifoundation.com\/elbullistore\/ca\/tast-la-fase-bucal\/","og_site_name":"elBullistore","article_published_time":"2023-07-26T11:09:18+00:00","article_modified_time":"2023-07-26T11:11:16+00:00","og_image":[{"width":510,"height":445,"url":"https:\/\/elbullifoundation.com\/elbullistore\/wp-content\/uploads\/2022\/11\/13.png","type":"image\/png"}],"author":"rita","twitter_card":"summary_large_image","twitter_misc":{"Escrito por":"rita","Tiempo de lectura":"1 minuto"},"schema":{"@context":"https:\/\/schema.org","@graph":[{"@type":"Article","@id":"https:\/\/elbullifoundation.com\/elbullistore\/ca\/tast-la-fase-bucal\/#article","isPartOf":{"@id":"https:\/\/elbullifoundation.com\/elbullistore\/ca\/tast-la-fase-bucal\/"},"author":{"name":"rita","@id":"https:\/\/elbullifoundation.com\/elbullistore\/#\/schema\/person\/c640447c0fe37ad06d5ba717d15195db"},"headline":"TAST: LA FASE BUCAL","datePublished":"2023-07-26T11:09:18+00:00","dateModified":"2023-07-26T11:11:16+00:00","mainEntityOfPage":{"@id":"https:\/\/elbullifoundation.com\/elbullistore\/ca\/tast-la-fase-bucal\/"},"wordCount":181,"image":{"@id":"https:\/\/elbullifoundation.com\/elbullistore\/ca\/tast-la-fase-bucal\/#primaryimage"},"thumbnailUrl":"https:\/\/elbullifoundation.com\/elbullistore\/wp-content\/uploads\/2022\/11\/13.png","articleSection":["Uncategorized @ca"],"inLanguage":"es"},{"@type":"WebPage","@id":"https:\/\/elbullifoundation.com\/elbullistore\/ca\/tast-la-fase-bucal\/","url":"https:\/\/elbullifoundation.com\/elbullistore\/ca\/tast-la-fase-bucal\/","name":"TAST: LA FASE BUCAL - elBullistore","isPartOf":{"@id":"https:\/\/elbullifoundation.com\/elbullistore\/#website"},"primaryImageOfPage":{"@id":"https:\/\/elbullifoundation.com\/elbullistore\/ca\/tast-la-fase-bucal\/#primaryimage"},"image":{"@id":"https:\/\/elbullifoundation.com\/elbullistore\/ca\/tast-la-fase-bucal\/#primaryimage"},"thumbnailUrl":"https:\/\/elbullifoundation.com\/elbullistore\/wp-content\/uploads\/2022\/11\/13.png","datePublished":"2023-07-26T11:09:18+00:00","dateModified":"2023-07-26T11:11:16+00:00","author":{"@id":"https:\/\/elbullifoundation.com\/elbullistore\/#\/schema\/person\/c640447c0fe37ad06d5ba717d15195db"},"breadcrumb":{"@id":"https:\/\/elbullifoundation.com\/elbullistore\/ca\/tast-la-fase-bucal\/#breadcrumb"},"inLanguage":"es","potentialAction":[{"@type":"ReadAction","target":["https:\/\/elbullifoundation.com\/elbullistore\/ca\/tast-la-fase-bucal\/"]}]},{"@type":"ImageObject","inLanguage":"es","@id":"https:\/\/elbullifoundation.com\/elbullistore\/ca\/tast-la-fase-bucal\/#primaryimage","url":"https:\/\/elbullifoundation.com\/elbullistore\/wp-content\/uploads\/2022\/11\/13.png","contentUrl":"https:\/\/elbullifoundation.com\/elbullistore\/wp-content\/uploads\/2022\/11\/13.png","width":510,"height":445},{"@type":"BreadcrumbList","@id":"https:\/\/elbullifoundation.com\/elbullistore\/ca\/tast-la-fase-bucal\/#breadcrumb","itemListElement":[{"@type":"ListItem","position":1,"name":"Portada","item":"https:\/\/elbullifoundation.com\/elbullistore\/"},{"@type":"ListItem","position":2,"name":"TAST: LA FASE BUCAL"}]},{"@type":"WebSite","@id":"https:\/\/elbullifoundation.com\/elbullistore\/#website","url":"https:\/\/elbullifoundation.com\/elbullistore\/","name":"elBullistore","description":"","potentialAction":[{"@type":"SearchAction","target":{"@type":"EntryPoint","urlTemplate":"https:\/\/elbullifoundation.com\/elbullistore\/?s={search_term_string}"},"query-input":{"@type":"PropertyValueSpecification","valueRequired":true,"valueName":"search_term_string"}}],"inLanguage":"es"},{"@type":"Person","@id":"https:\/\/elbullifoundation.com\/elbullistore\/#\/schema\/person\/c640447c0fe37ad06d5ba717d15195db","name":"rita","image":{"@type":"ImageObject","inLanguage":"es","@id":"https:\/\/elbullifoundation.com\/elbullistore\/#\/schema\/person\/image\/","url":"https:\/\/secure.gravatar.com\/avatar\/81d9b7df4889904fee0e6117fd68e611a24e5999d2ecb341e22d0b0825a45ebb?s=96&d=mm&r=g","contentUrl":"https:\/\/secure.gravatar.com\/avatar\/81d9b7df4889904fee0e6117fd68e611a24e5999d2ecb341e22d0b0825a45ebb?s=96&d=mm&r=g","caption":"rita"},"url":"https:\/\/elbullifoundation.com\/elbullistore\/author\/rita\/"}]}},"lang":"ca","translations":{"ca":16712,"es":14159,"en":14503},"pll_sync_post":[],"_links":{"self":[{"href":"https:\/\/elbullifoundation.com\/elbullistore\/wp-json\/wp\/v2\/posts\/16712","targetHints":{"allow":["GET"]}}],"collection":[{"href":"https:\/\/elbullifoundation.com\/elbullistore\/wp-json\/wp\/v2\/posts"}],"about":[{"href":"https:\/\/elbullifoundation.com\/elbullistore\/wp-json\/wp\/v2\/types\/post"}],"author":[{"embeddable":true,"href":"https:\/\/elbullifoundation.com\/elbullistore\/wp-json\/wp\/v2\/users\/4"}],"replies":[{"embeddable":true,"href":"https:\/\/elbullifoundation.com\/elbullistore\/wp-json\/wp\/v2\/comments?post=16712"}],"version-history":[{"count":0,"href":"https:\/\/elbullifoundation.com\/elbullistore\/wp-json\/wp\/v2\/posts\/16712\/revisions"}],"wp:featuredmedia":[{"embeddable":true,"href":"https:\/\/elbullifoundation.com\/elbullistore\/wp-json\/wp\/v2\/media\/14104"}],"wp:attachment":[{"href":"https:\/\/elbullifoundation.com\/elbullistore\/wp-json\/wp\/v2\/media?parent=16712"}],"wp:term":[{"taxonomy":"category","embeddable":true,"href":"https:\/\/elbullifoundation.com\/elbullistore\/wp-json\/wp\/v2\/categories?post=16712"},{"taxonomy":"post_tag","embeddable":true,"href":"https:\/\/elbullifoundation.com\/elbullistore\/wp-json\/wp\/v2\/tags?post=16712"}],"curies":[{"name":"wp","href":"https:\/\/api.w.org\/{rel}","templated":true}]}}