{"id":7028,"date":"2020-03-11T17:14:00","date_gmt":"2020-03-11T16:14:00","guid":{"rendered":"https:\/\/elbullifoundation.com\/elbullistore\/?p=7028"},"modified":"2020-03-16T16:21:40","modified_gmt":"2020-03-16T15:21:40","slug":"clima-factor-calidad-riesgo","status":"publish","type":"post","link":"https:\/\/elbullifoundation.com\/elbullistore\/clima-factor-calidad-riesgo\/","title":{"rendered":"El clima: Factor de calidad y riesgo"},"content":{"rendered":"<p class=\"p1\">El clima es un factor clave en la calidad y el estilo del vino. Es habitual o\u00edr explicaciones del tipo \u00abeste es un vino de clima fr\u00edo y, por tanto, de alta acidez y gran frescor\u00bb o \u00ablas condiciones clim\u00e1ticas de esta a\u00f1ada la convierten en una de las mejores\u00bb.<\/p>\n<p class=\"p1\">El clima es un factor de la naturaleza \u2013y, en consecuencia, de dif\u00edcil <span class=\"s1\">control\u2013 que, indiscutiblemente, imprime un sello particular en <\/span>los vinos.<\/p>\n<p class=\"p1\"><span class=\"s2\">En este cap\u00edtulo se expone el <i>qu\u00e9<\/i>, el <i>c\u00f3mo<\/i> y el <i>por qu\u00e9<\/i> de la relaci\u00f3n entre el clima y el sabor del vino. Para ello, se ha elaborado, tomando como referencia los trabajos del infatigable investigador clim\u00e1tico Salvador Rivas-Mart\u00ednez, un minucioso estudio sobre las condiciones clim\u00e1ticas de las principales regiones vit\u00edcolas del mundo. Adem\u00e1s, se ponen en cuesti\u00f3n algunos temas que, a base de repetirse, han alcanzado casi la categor\u00eda de dogma. \u00bfExiste el \u00abclima continental\u00bb? \u00bfLo ideal para alcanzar un perfecto nivel de madurez es que exista un marcado contraste de temperatura entre el d\u00eda y la noche?&#8230;<\/span><\/p>\n<p class=\"p1\">El cap\u00edtulo finaliza con una enumeraci\u00f3n de los mayores factores de riesgo, haciendo especial hincapi\u00e9 en el temido cambio clim\u00e1tico.<\/p>\n","protected":false},"excerpt":{"rendered":"<p>El clima es un factor clave en la calidad y el estilo del vino. Es habitual o\u00edr explicaciones del tipo \u00abeste es un vino de clima fr\u00edo y, por tanto, de alta acidez y gran frescor\u00bb o \u00ablas condiciones clim\u00e1ticas de esta a\u00f1ada la convierten en una de las mejores\u00bb. El clima es un factor [&hellip;]<\/p>\n","protected":false},"author":1,"featured_media":7029,"comment_status":"closed","ping_status":"open","sticky":false,"template":"","format":"standard","meta":{"_acf_changed":false,"footnotes":""},"categories":[1],"tags":[434,394,396,500,511,398,424,400,405,415,490,416,399,388,403,512,387,406,505,389,510,497,404],"class_list":["post-7028","post","type-post","status-publish","format-standard","has-post-thumbnail","hentry","category-sin-categorizar","tag-bodega","tag-book","tag-bullipedia","tag-clima","tag-clima-continental-salvador-rivas-martinez","tag-el-bulli","tag-elaboracion-vino","tag-elbullifoundation","tag-elbullistore","tag-enolgia","tag-enologia","tag-enologo","tag-ferran-adria","tag-ferran-centelles","tag-libro","tag-regiones-viticolas","tag-sapiens-del-vino","tag-sumiller","tag-vendimia","tag-vila-viniteca","tag-viticola","tag-viticultura","tag-wine"],"acf":[],"yoast_head":"<!-- This site is optimized with the Yoast SEO plugin v26.9 - https:\/\/yoast.com\/product\/yoast-seo-wordpress\/ -->\n<title>El clima: Factor de calidad y riesgo - elBullistore<\/title>\n<meta name=\"description\" content=\"En este cap\u00edtulo se expone el qu\u00e9, el c\u00f3mo y el por qu\u00e9 de la relaci\u00f3n entre el clima y el sabor del vino, factor clave en la calidad y el estilo del vino.\" \/>\n<meta name=\"robots\" content=\"index, follow, max-snippet:-1, max-image-preview:large, max-video-preview:-1\" \/>\n<link rel=\"canonical\" href=\"https:\/\/elbullifoundation.com\/elbullistore\/clima-factor-calidad-riesgo\/\" \/>\n<meta property=\"og:locale\" content=\"es_ES\" \/>\n<meta property=\"og:type\" content=\"article\" \/>\n<meta property=\"og:title\" content=\"El clima: Factor de calidad y riesgo - elBullistore\" \/>\n<meta property=\"og:description\" content=\"En este cap\u00edtulo se expone el qu\u00e9, el c\u00f3mo y el por qu\u00e9 de la relaci\u00f3n entre el clima y el sabor del vino, factor clave en la calidad y el estilo del vino.\" \/>\n<meta property=\"og:url\" content=\"https:\/\/elbullifoundation.com\/elbullistore\/clima-factor-calidad-riesgo\/\" \/>\n<meta property=\"og:site_name\" content=\"elBullistore\" \/>\n<meta property=\"article:published_time\" content=\"2020-03-11T16:14:00+00:00\" \/>\n<meta property=\"article:modified_time\" content=\"2020-03-16T15:21:40+00:00\" \/>\n<meta property=\"og:image\" content=\"https:\/\/elbullifoundation.com\/elbullistore\/wp-content\/uploads\/2020\/03\/cap10.png\" \/>\n\t<meta property=\"og:image:width\" content=\"505\" \/>\n\t<meta property=\"og:image:height\" content=\"342\" \/>\n\t<meta property=\"og:image:type\" content=\"image\/png\" \/>\n<meta name=\"author\" content=\"developer\" \/>\n<meta name=\"twitter:card\" content=\"summary_large_image\" \/>\n<meta name=\"twitter:label1\" content=\"Escrito por\" \/>\n\t<meta name=\"twitter:data1\" content=\"developer\" \/>\n\t<meta name=\"twitter:label2\" content=\"Tiempo de lectura\" \/>\n\t<meta name=\"twitter:data2\" content=\"1 minuto\" \/>\n<script type=\"application\/ld+json\" class=\"yoast-schema-graph\">{\"@context\":\"https:\/\/schema.org\",\"@graph\":[{\"@type\":\"Article\",\"@id\":\"https:\/\/elbullifoundation.com\/elbullistore\/clima-factor-calidad-riesgo\/#article\",\"isPartOf\":{\"@id\":\"https:\/\/elbullifoundation.com\/elbullistore\/clima-factor-calidad-riesgo\/\"},\"author\":{\"name\":\"developer\",\"@id\":\"https:\/\/elbullifoundation.com\/elbullistore\/#\/schema\/person\/b1d2521aeb19394f960c9793f68904eb\"},\"headline\":\"El clima: Factor de calidad y riesgo\",\"datePublished\":\"2020-03-11T16:14:00+00:00\",\"dateModified\":\"2020-03-16T15:21:40+00:00\",\"mainEntityOfPage\":{\"@id\":\"https:\/\/elbullifoundation.com\/elbullistore\/clima-factor-calidad-riesgo\/\"},\"wordCount\":219,\"image\":{\"@id\":\"https:\/\/elbullifoundation.com\/elbullistore\/clima-factor-calidad-riesgo\/#primaryimage\"},\"thumbnailUrl\":\"https:\/\/elbullifoundation.com\/elbullistore\/wp-content\/uploads\/2020\/03\/cap10.png\",\"keywords\":[\"Bodega\",\"Book\",\"bullipedia\",\"clima\",\"clima continental Salvador Rivas-Mart\u00ednez\",\"el bulli\",\"elaboraci\u00f3n Vino\",\"elbullifoundation\",\"elbullistore\",\"enolg\u00eda\",\"enolog\u00eda\",\"en\u00f3logo\",\"ferran adri\u00e0\",\"Ferran Centelles\",\"libro\",\"regiones vit\u00edcolas\",\"Sapiens del vino\",\"sumiller\",\"vendimia\",\"Vila Viniteca\",\"vit\u00edcola\",\"viticultura\",\"Wine\"],\"articleSection\":[\"Sin categorizar\"],\"inLanguage\":\"es\"},{\"@type\":\"WebPage\",\"@id\":\"https:\/\/elbullifoundation.com\/elbullistore\/clima-factor-calidad-riesgo\/\",\"url\":\"https:\/\/elbullifoundation.com\/elbullistore\/clima-factor-calidad-riesgo\/\",\"name\":\"El clima: Factor de calidad y riesgo - elBullistore\",\"isPartOf\":{\"@id\":\"https:\/\/elbullifoundation.com\/elbullistore\/#website\"},\"primaryImageOfPage\":{\"@id\":\"https:\/\/elbullifoundation.com\/elbullistore\/clima-factor-calidad-riesgo\/#primaryimage\"},\"image\":{\"@id\":\"https:\/\/elbullifoundation.com\/elbullistore\/clima-factor-calidad-riesgo\/#primaryimage\"},\"thumbnailUrl\":\"https:\/\/elbullifoundation.com\/elbullistore\/wp-content\/uploads\/2020\/03\/cap10.png\",\"datePublished\":\"2020-03-11T16:14:00+00:00\",\"dateModified\":\"2020-03-16T15:21:40+00:00\",\"author\":{\"@id\":\"https:\/\/elbullifoundation.com\/elbullistore\/#\/schema\/person\/b1d2521aeb19394f960c9793f68904eb\"},\"description\":\"En este cap\u00edtulo se expone el qu\u00e9, el c\u00f3mo y el por qu\u00e9 de la relaci\u00f3n entre el clima y el sabor del vino, factor clave en la calidad y el estilo del vino.\",\"breadcrumb\":{\"@id\":\"https:\/\/elbullifoundation.com\/elbullistore\/clima-factor-calidad-riesgo\/#breadcrumb\"},\"inLanguage\":\"es\",\"potentialAction\":[{\"@type\":\"ReadAction\",\"target\":[\"https:\/\/elbullifoundation.com\/elbullistore\/clima-factor-calidad-riesgo\/\"]}]},{\"@type\":\"ImageObject\",\"inLanguage\":\"es\",\"@id\":\"https:\/\/elbullifoundation.com\/elbullistore\/clima-factor-calidad-riesgo\/#primaryimage\",\"url\":\"https:\/\/elbullifoundation.com\/elbullistore\/wp-content\/uploads\/2020\/03\/cap10.png\",\"contentUrl\":\"https:\/\/elbullifoundation.com\/elbullistore\/wp-content\/uploads\/2020\/03\/cap10.png\",\"width\":505,\"height\":342},{\"@type\":\"BreadcrumbList\",\"@id\":\"https:\/\/elbullifoundation.com\/elbullistore\/clima-factor-calidad-riesgo\/#breadcrumb\",\"itemListElement\":[{\"@type\":\"ListItem\",\"position\":1,\"name\":\"Portada\",\"item\":\"https:\/\/elbullifoundation.com\/elbullistore\/\"},{\"@type\":\"ListItem\",\"position\":2,\"name\":\"El clima: Factor de calidad y riesgo\"}]},{\"@type\":\"WebSite\",\"@id\":\"https:\/\/elbullifoundation.com\/elbullistore\/#website\",\"url\":\"https:\/\/elbullifoundation.com\/elbullistore\/\",\"name\":\"elBullistore\",\"description\":\"\",\"potentialAction\":[{\"@type\":\"SearchAction\",\"target\":{\"@type\":\"EntryPoint\",\"urlTemplate\":\"https:\/\/elbullifoundation.com\/elbullistore\/?s={search_term_string}\"},\"query-input\":{\"@type\":\"PropertyValueSpecification\",\"valueRequired\":true,\"valueName\":\"search_term_string\"}}],\"inLanguage\":\"es\"},{\"@type\":\"Person\",\"@id\":\"https:\/\/elbullifoundation.com\/elbullistore\/#\/schema\/person\/b1d2521aeb19394f960c9793f68904eb\",\"name\":\"developer\",\"image\":{\"@type\":\"ImageObject\",\"inLanguage\":\"es\",\"@id\":\"https:\/\/elbullifoundation.com\/elbullistore\/#\/schema\/person\/image\/\",\"url\":\"https:\/\/secure.gravatar.com\/avatar\/e2c07995198795d021427091655b07d46a82b40fe7f7536d66f64a6a2ec30e4f?s=96&d=mm&r=g\",\"contentUrl\":\"https:\/\/secure.gravatar.com\/avatar\/e2c07995198795d021427091655b07d46a82b40fe7f7536d66f64a6a2ec30e4f?s=96&d=mm&r=g\",\"caption\":\"developer\"},\"url\":\"https:\/\/elbullifoundation.com\/elbullistore\/author\/developer\/\"}]}<\/script>\n<!-- \/ Yoast SEO plugin. -->","yoast_head_json":{"title":"El clima: Factor de calidad y riesgo - elBullistore","description":"En este cap\u00edtulo se expone el qu\u00e9, el c\u00f3mo y el por qu\u00e9 de la relaci\u00f3n entre el clima y el sabor del vino, factor clave en la calidad y el estilo del vino.","robots":{"index":"index","follow":"follow","max-snippet":"max-snippet:-1","max-image-preview":"max-image-preview:large","max-video-preview":"max-video-preview:-1"},"canonical":"https:\/\/elbullifoundation.com\/elbullistore\/clima-factor-calidad-riesgo\/","og_locale":"es_ES","og_type":"article","og_title":"El clima: Factor de calidad y riesgo - elBullistore","og_description":"En este cap\u00edtulo se expone el qu\u00e9, el c\u00f3mo y el por qu\u00e9 de la relaci\u00f3n entre el clima y el sabor del vino, factor clave en la calidad y el estilo del vino.","og_url":"https:\/\/elbullifoundation.com\/elbullistore\/clima-factor-calidad-riesgo\/","og_site_name":"elBullistore","article_published_time":"2020-03-11T16:14:00+00:00","article_modified_time":"2020-03-16T15:21:40+00:00","og_image":[{"width":505,"height":342,"url":"https:\/\/elbullifoundation.com\/elbullistore\/wp-content\/uploads\/2020\/03\/cap10.png","type":"image\/png"}],"author":"developer","twitter_card":"summary_large_image","twitter_misc":{"Escrito por":"developer","Tiempo de lectura":"1 minuto"},"schema":{"@context":"https:\/\/schema.org","@graph":[{"@type":"Article","@id":"https:\/\/elbullifoundation.com\/elbullistore\/clima-factor-calidad-riesgo\/#article","isPartOf":{"@id":"https:\/\/elbullifoundation.com\/elbullistore\/clima-factor-calidad-riesgo\/"},"author":{"name":"developer","@id":"https:\/\/elbullifoundation.com\/elbullistore\/#\/schema\/person\/b1d2521aeb19394f960c9793f68904eb"},"headline":"El clima: Factor de calidad y riesgo","datePublished":"2020-03-11T16:14:00+00:00","dateModified":"2020-03-16T15:21:40+00:00","mainEntityOfPage":{"@id":"https:\/\/elbullifoundation.com\/elbullistore\/clima-factor-calidad-riesgo\/"},"wordCount":219,"image":{"@id":"https:\/\/elbullifoundation.com\/elbullistore\/clima-factor-calidad-riesgo\/#primaryimage"},"thumbnailUrl":"https:\/\/elbullifoundation.com\/elbullistore\/wp-content\/uploads\/2020\/03\/cap10.png","keywords":["Bodega","Book","bullipedia","clima","clima continental Salvador Rivas-Mart\u00ednez","el bulli","elaboraci\u00f3n Vino","elbullifoundation","elbullistore","enolg\u00eda","enolog\u00eda","en\u00f3logo","ferran adri\u00e0","Ferran Centelles","libro","regiones vit\u00edcolas","Sapiens del vino","sumiller","vendimia","Vila Viniteca","vit\u00edcola","viticultura","Wine"],"articleSection":["Sin categorizar"],"inLanguage":"es"},{"@type":"WebPage","@id":"https:\/\/elbullifoundation.com\/elbullistore\/clima-factor-calidad-riesgo\/","url":"https:\/\/elbullifoundation.com\/elbullistore\/clima-factor-calidad-riesgo\/","name":"El clima: Factor de calidad y riesgo - elBullistore","isPartOf":{"@id":"https:\/\/elbullifoundation.com\/elbullistore\/#website"},"primaryImageOfPage":{"@id":"https:\/\/elbullifoundation.com\/elbullistore\/clima-factor-calidad-riesgo\/#primaryimage"},"image":{"@id":"https:\/\/elbullifoundation.com\/elbullistore\/clima-factor-calidad-riesgo\/#primaryimage"},"thumbnailUrl":"https:\/\/elbullifoundation.com\/elbullistore\/wp-content\/uploads\/2020\/03\/cap10.png","datePublished":"2020-03-11T16:14:00+00:00","dateModified":"2020-03-16T15:21:40+00:00","author":{"@id":"https:\/\/elbullifoundation.com\/elbullistore\/#\/schema\/person\/b1d2521aeb19394f960c9793f68904eb"},"description":"En este cap\u00edtulo se expone el qu\u00e9, el c\u00f3mo y el por qu\u00e9 de la relaci\u00f3n entre el clima y el sabor del vino, factor clave en la calidad y el estilo del vino.","breadcrumb":{"@id":"https:\/\/elbullifoundation.com\/elbullistore\/clima-factor-calidad-riesgo\/#breadcrumb"},"inLanguage":"es","potentialAction":[{"@type":"ReadAction","target":["https:\/\/elbullifoundation.com\/elbullistore\/clima-factor-calidad-riesgo\/"]}]},{"@type":"ImageObject","inLanguage":"es","@id":"https:\/\/elbullifoundation.com\/elbullistore\/clima-factor-calidad-riesgo\/#primaryimage","url":"https:\/\/elbullifoundation.com\/elbullistore\/wp-content\/uploads\/2020\/03\/cap10.png","contentUrl":"https:\/\/elbullifoundation.com\/elbullistore\/wp-content\/uploads\/2020\/03\/cap10.png","width":505,"height":342},{"@type":"BreadcrumbList","@id":"https:\/\/elbullifoundation.com\/elbullistore\/clima-factor-calidad-riesgo\/#breadcrumb","itemListElement":[{"@type":"ListItem","position":1,"name":"Portada","item":"https:\/\/elbullifoundation.com\/elbullistore\/"},{"@type":"ListItem","position":2,"name":"El clima: Factor de calidad y riesgo"}]},{"@type":"WebSite","@id":"https:\/\/elbullifoundation.com\/elbullistore\/#website","url":"https:\/\/elbullifoundation.com\/elbullistore\/","name":"elBullistore","description":"","potentialAction":[{"@type":"SearchAction","target":{"@type":"EntryPoint","urlTemplate":"https:\/\/elbullifoundation.com\/elbullistore\/?s={search_term_string}"},"query-input":{"@type":"PropertyValueSpecification","valueRequired":true,"valueName":"search_term_string"}}],"inLanguage":"es"},{"@type":"Person","@id":"https:\/\/elbullifoundation.com\/elbullistore\/#\/schema\/person\/b1d2521aeb19394f960c9793f68904eb","name":"developer","image":{"@type":"ImageObject","inLanguage":"es","@id":"https:\/\/elbullifoundation.com\/elbullistore\/#\/schema\/person\/image\/","url":"https:\/\/secure.gravatar.com\/avatar\/e2c07995198795d021427091655b07d46a82b40fe7f7536d66f64a6a2ec30e4f?s=96&d=mm&r=g","contentUrl":"https:\/\/secure.gravatar.com\/avatar\/e2c07995198795d021427091655b07d46a82b40fe7f7536d66f64a6a2ec30e4f?s=96&d=mm&r=g","caption":"developer"},"url":"https:\/\/elbullifoundation.com\/elbullistore\/author\/developer\/"}]}},"lang":"es","translations":{"es":7028,"en":7851,"ca":15948},"pll_sync_post":[],"_links":{"self":[{"href":"https:\/\/elbullifoundation.com\/elbullistore\/wp-json\/wp\/v2\/posts\/7028","targetHints":{"allow":["GET"]}}],"collection":[{"href":"https:\/\/elbullifoundation.com\/elbullistore\/wp-json\/wp\/v2\/posts"}],"about":[{"href":"https:\/\/elbullifoundation.com\/elbullistore\/wp-json\/wp\/v2\/types\/post"}],"author":[{"embeddable":true,"href":"https:\/\/elbullifoundation.com\/elbullistore\/wp-json\/wp\/v2\/users\/1"}],"replies":[{"embeddable":true,"href":"https:\/\/elbullifoundation.com\/elbullistore\/wp-json\/wp\/v2\/comments?post=7028"}],"version-history":[{"count":0,"href":"https:\/\/elbullifoundation.com\/elbullistore\/wp-json\/wp\/v2\/posts\/7028\/revisions"}],"wp:featuredmedia":[{"embeddable":true,"href":"https:\/\/elbullifoundation.com\/elbullistore\/wp-json\/wp\/v2\/media\/7029"}],"wp:attachment":[{"href":"https:\/\/elbullifoundation.com\/elbullistore\/wp-json\/wp\/v2\/media?parent=7028"}],"wp:term":[{"taxonomy":"category","embeddable":true,"href":"https:\/\/elbullifoundation.com\/elbullistore\/wp-json\/wp\/v2\/categories?post=7028"},{"taxonomy":"post_tag","embeddable":true,"href":"https:\/\/elbullifoundation.com\/elbullistore\/wp-json\/wp\/v2\/tags?post=7028"}],"curies":[{"name":"wp","href":"https:\/\/api.w.org\/{rel}","templated":true}]}}