{"id":7237,"date":"2020-03-12T16:06:18","date_gmt":"2020-03-12T15:06:18","guid":{"rendered":"https:\/\/elbullifoundation.com\/elbullistore\/?p=7237"},"modified":"2020-04-29T12:18:29","modified_gmt":"2020-04-29T10:18:29","slug":"bartender-humano-profesional-2","status":"publish","type":"post","link":"https:\/\/elbullifoundation.com\/elbullistore\/bartender-humano-profesional-2\/","title":{"rendered":"El bartender como ser humano y como profesional"},"content":{"rendered":"<p class=\"p1\">No podemos entender la figura profesional del bartender sin analizar c\u00f3mo su personalidad y la propia cultura profesional de la empresa influyen en \u00e9l.<\/p>\n<p class=\"p1\">La cultura profesional que se construye en una organizaci\u00f3n moldea el comportamiento de las personas que forman parte de ella y explican, en cierto modo, su forma de ser y de comportarse al desarrollar su actividad profesional.<\/p>\n<p class=\"p1\">Tambi\u00e9n es fundamental comprender al bartender como ser humano y descubrir qu\u00e9 papel desempe\u00f1an los elementos b\u00e1sicos de su ser: su cuerpo, mente y esp\u00edritu.<\/p>\n<p class=\"p1\"><span class=\"s1\">El bartender toma decisiones en base a sus procesos y operaciones cognitivas, como conocer, comprender y aprender, a partir de los cuales adquiere una serie de capacidades que, junto con otros elementos esenciales, lo van a definir profesionalmente.<\/span><\/p>\n<p class=\"p1\">Instintos, valores, actitud, emociones y sentimientos, car\u00e1cter y temperamento, conocimiento, cultura y aprendizaje, h\u00e1bitos y costumbres, filosof\u00eda y conducta se suman a las capacidades adquiridas para formar el esqueleto de la \u00abcultura profesional del bartender\u00bb.<\/p>\n<p class=\"p1\">Realizaremos, pues, un recorrido por cada uno de estos conceptos, remarcando las cualidades indispensables que el bartender debe tener para desarrollar cada uno de ellos.<\/p>\n","protected":false},"excerpt":{"rendered":"<p>No podemos entender la figura profesional del bartender sin analizar c\u00f3mo su personalidad y la propia cultura profesional de la empresa influyen en \u00e9l. La cultura profesional que se construye en una organizaci\u00f3n moldea el comportamiento de las personas que forman parte de ella y explican, en cierto modo, su forma de ser y de [&hellip;]<\/p>\n","protected":false},"author":1,"featured_media":7238,"comment_status":"closed","ping_status":"open","sticky":false,"template":"","format":"standard","meta":{"_acf_changed":false,"footnotes":""},"categories":[1],"tags":[578,582,588,396,577,576,583,587,581,397,405,399,580,538,579,584],"class_list":["post-7237","post","type-post","status-publish","format-standard","has-post-thumbnail","hentry","category-sin-categorizar","tag-barman","tag-bartender","tag-bartender-profesional","tag-bullipedia","tag-coctel","tag-cocteleria","tag-como-funciona-una-cocteleria","tag-cultura-bartender","tag-dry-martini","tag-elbulli","tag-elbullistore","tag-ferran-adria","tag-javier-de-las-muelas","tag-sapiens","tag-sapiens-de-los-cocteles","tag-simone-caporale"],"acf":[],"yoast_head":"<!-- This site is optimized with the Yoast SEO plugin v26.9 - https:\/\/yoast.com\/product\/yoast-seo-wordpress\/ -->\n<title>El bartender como ser humano y como profesional - elBullistore<\/title>\n<meta name=\"description\" content=\"Las cualidades indispensables que el bartender debe tener para desarrollar las capacidades adquiridas para la \u00abcultura profesional del bartender\u00bb.\" \/>\n<meta name=\"robots\" content=\"index, follow, max-snippet:-1, max-image-preview:large, max-video-preview:-1\" \/>\n<link rel=\"canonical\" href=\"https:\/\/elbullifoundation.com\/elbullistore\/bartender-humano-profesional-2\/\" \/>\n<meta property=\"og:locale\" content=\"es_ES\" \/>\n<meta property=\"og:type\" content=\"article\" \/>\n<meta property=\"og:title\" content=\"El bartender como ser humano y como profesional - elBullistore\" \/>\n<meta property=\"og:description\" content=\"Las cualidades indispensables que el bartender debe tener para desarrollar las capacidades adquiridas para la \u00abcultura profesional del bartender\u00bb.\" \/>\n<meta property=\"og:url\" content=\"https:\/\/elbullifoundation.com\/elbullistore\/bartender-humano-profesional-2\/\" \/>\n<meta property=\"og:site_name\" content=\"elBullistore\" \/>\n<meta property=\"article:published_time\" content=\"2020-03-12T15:06:18+00:00\" \/>\n<meta property=\"article:modified_time\" content=\"2020-04-29T10:18:29+00:00\" \/>\n<meta property=\"og:image\" content=\"https:\/\/elbullifoundation.com\/elbullistore\/wp-content\/uploads\/2020\/03\/Captura-de-pantalla-2020-03-12-a-las-15.59.20.png\" \/>\n\t<meta property=\"og:image:width\" content=\"508\" \/>\n\t<meta property=\"og:image:height\" content=\"542\" \/>\n\t<meta property=\"og:image:type\" content=\"image\/png\" \/>\n<meta name=\"author\" content=\"developer\" \/>\n<meta name=\"twitter:card\" content=\"summary_large_image\" \/>\n<meta name=\"twitter:label1\" content=\"Escrito por\" \/>\n\t<meta name=\"twitter:data1\" content=\"developer\" \/>\n\t<meta name=\"twitter:label2\" content=\"Tiempo de lectura\" \/>\n\t<meta name=\"twitter:data2\" content=\"1 minuto\" \/>\n<script type=\"application\/ld+json\" class=\"yoast-schema-graph\">{\"@context\":\"https:\/\/schema.org\",\"@graph\":[{\"@type\":\"Article\",\"@id\":\"https:\/\/elbullifoundation.com\/elbullistore\/bartender-humano-profesional-2\/#article\",\"isPartOf\":{\"@id\":\"https:\/\/elbullifoundation.com\/elbullistore\/bartender-humano-profesional-2\/\"},\"author\":{\"name\":\"developer\",\"@id\":\"https:\/\/elbullifoundation.com\/elbullistore\/#\/schema\/person\/b1d2521aeb19394f960c9793f68904eb\"},\"headline\":\"El bartender como ser humano y como profesional\",\"datePublished\":\"2020-03-12T15:06:18+00:00\",\"dateModified\":\"2020-04-29T10:18:29+00:00\",\"mainEntityOfPage\":{\"@id\":\"https:\/\/elbullifoundation.com\/elbullistore\/bartender-humano-profesional-2\/\"},\"wordCount\":201,\"image\":{\"@id\":\"https:\/\/elbullifoundation.com\/elbullistore\/bartender-humano-profesional-2\/#primaryimage\"},\"thumbnailUrl\":\"https:\/\/elbullifoundation.com\/elbullistore\/wp-content\/uploads\/2020\/03\/Captura-de-pantalla-2020-03-12-a-las-15.59.20.png\",\"keywords\":[\"Barman\",\"Bartender\",\"bartender profesional\",\"bullipedia\",\"C\u00f3ctel\",\"Cocteler\u00eda\",\"Como funciona una cocteler\u00eda\",\"cultura bartender\",\"Dry Martini\",\"elbulli\",\"elbullistore\",\"ferran adri\u00e0\",\"Javier De Las Muelas\",\"Sapiens\",\"Sapiens de los C\u00f3cteles\",\"Simone Caporale\"],\"articleSection\":[\"Sin categorizar\"],\"inLanguage\":\"es\"},{\"@type\":\"WebPage\",\"@id\":\"https:\/\/elbullifoundation.com\/elbullistore\/bartender-humano-profesional-2\/\",\"url\":\"https:\/\/elbullifoundation.com\/elbullistore\/bartender-humano-profesional-2\/\",\"name\":\"El bartender como ser humano y como profesional - elBullistore\",\"isPartOf\":{\"@id\":\"https:\/\/elbullifoundation.com\/elbullistore\/#website\"},\"primaryImageOfPage\":{\"@id\":\"https:\/\/elbullifoundation.com\/elbullistore\/bartender-humano-profesional-2\/#primaryimage\"},\"image\":{\"@id\":\"https:\/\/elbullifoundation.com\/elbullistore\/bartender-humano-profesional-2\/#primaryimage\"},\"thumbnailUrl\":\"https:\/\/elbullifoundation.com\/elbullistore\/wp-content\/uploads\/2020\/03\/Captura-de-pantalla-2020-03-12-a-las-15.59.20.png\",\"datePublished\":\"2020-03-12T15:06:18+00:00\",\"dateModified\":\"2020-04-29T10:18:29+00:00\",\"author\":{\"@id\":\"https:\/\/elbullifoundation.com\/elbullistore\/#\/schema\/person\/b1d2521aeb19394f960c9793f68904eb\"},\"description\":\"Las cualidades indispensables que el bartender debe tener para desarrollar las capacidades adquiridas para la \u00abcultura profesional del bartender\u00bb.\",\"breadcrumb\":{\"@id\":\"https:\/\/elbullifoundation.com\/elbullistore\/bartender-humano-profesional-2\/#breadcrumb\"},\"inLanguage\":\"es\",\"potentialAction\":[{\"@type\":\"ReadAction\",\"target\":[\"https:\/\/elbullifoundation.com\/elbullistore\/bartender-humano-profesional-2\/\"]}]},{\"@type\":\"ImageObject\",\"inLanguage\":\"es\",\"@id\":\"https:\/\/elbullifoundation.com\/elbullistore\/bartender-humano-profesional-2\/#primaryimage\",\"url\":\"https:\/\/elbullifoundation.com\/elbullistore\/wp-content\/uploads\/2020\/03\/Captura-de-pantalla-2020-03-12-a-las-15.59.20.png\",\"contentUrl\":\"https:\/\/elbullifoundation.com\/elbullistore\/wp-content\/uploads\/2020\/03\/Captura-de-pantalla-2020-03-12-a-las-15.59.20.png\",\"width\":508,\"height\":542},{\"@type\":\"BreadcrumbList\",\"@id\":\"https:\/\/elbullifoundation.com\/elbullistore\/bartender-humano-profesional-2\/#breadcrumb\",\"itemListElement\":[{\"@type\":\"ListItem\",\"position\":1,\"name\":\"Portada\",\"item\":\"https:\/\/elbullifoundation.com\/elbullistore\/\"},{\"@type\":\"ListItem\",\"position\":2,\"name\":\"El bartender como ser humano y como profesional\"}]},{\"@type\":\"WebSite\",\"@id\":\"https:\/\/elbullifoundation.com\/elbullistore\/#website\",\"url\":\"https:\/\/elbullifoundation.com\/elbullistore\/\",\"name\":\"elBullistore\",\"description\":\"\",\"potentialAction\":[{\"@type\":\"SearchAction\",\"target\":{\"@type\":\"EntryPoint\",\"urlTemplate\":\"https:\/\/elbullifoundation.com\/elbullistore\/?s={search_term_string}\"},\"query-input\":{\"@type\":\"PropertyValueSpecification\",\"valueRequired\":true,\"valueName\":\"search_term_string\"}}],\"inLanguage\":\"es\"},{\"@type\":\"Person\",\"@id\":\"https:\/\/elbullifoundation.com\/elbullistore\/#\/schema\/person\/b1d2521aeb19394f960c9793f68904eb\",\"name\":\"developer\",\"image\":{\"@type\":\"ImageObject\",\"inLanguage\":\"es\",\"@id\":\"https:\/\/elbullifoundation.com\/elbullistore\/#\/schema\/person\/image\/\",\"url\":\"https:\/\/secure.gravatar.com\/avatar\/e2c07995198795d021427091655b07d46a82b40fe7f7536d66f64a6a2ec30e4f?s=96&d=mm&r=g\",\"contentUrl\":\"https:\/\/secure.gravatar.com\/avatar\/e2c07995198795d021427091655b07d46a82b40fe7f7536d66f64a6a2ec30e4f?s=96&d=mm&r=g\",\"caption\":\"developer\"},\"url\":\"https:\/\/elbullifoundation.com\/elbullistore\/author\/developer\/\"}]}<\/script>\n<!-- \/ Yoast SEO plugin. -->","yoast_head_json":{"title":"El bartender como ser humano y como profesional - elBullistore","description":"Las cualidades indispensables que el bartender debe tener para desarrollar las capacidades adquiridas para la \u00abcultura profesional del bartender\u00bb.","robots":{"index":"index","follow":"follow","max-snippet":"max-snippet:-1","max-image-preview":"max-image-preview:large","max-video-preview":"max-video-preview:-1"},"canonical":"https:\/\/elbullifoundation.com\/elbullistore\/bartender-humano-profesional-2\/","og_locale":"es_ES","og_type":"article","og_title":"El bartender como ser humano y como profesional - elBullistore","og_description":"Las cualidades indispensables que el bartender debe tener para desarrollar las capacidades adquiridas para la \u00abcultura profesional del bartender\u00bb.","og_url":"https:\/\/elbullifoundation.com\/elbullistore\/bartender-humano-profesional-2\/","og_site_name":"elBullistore","article_published_time":"2020-03-12T15:06:18+00:00","article_modified_time":"2020-04-29T10:18:29+00:00","og_image":[{"width":508,"height":542,"url":"https:\/\/elbullifoundation.com\/elbullistore\/wp-content\/uploads\/2020\/03\/Captura-de-pantalla-2020-03-12-a-las-15.59.20.png","type":"image\/png"}],"author":"developer","twitter_card":"summary_large_image","twitter_misc":{"Escrito por":"developer","Tiempo de lectura":"1 minuto"},"schema":{"@context":"https:\/\/schema.org","@graph":[{"@type":"Article","@id":"https:\/\/elbullifoundation.com\/elbullistore\/bartender-humano-profesional-2\/#article","isPartOf":{"@id":"https:\/\/elbullifoundation.com\/elbullistore\/bartender-humano-profesional-2\/"},"author":{"name":"developer","@id":"https:\/\/elbullifoundation.com\/elbullistore\/#\/schema\/person\/b1d2521aeb19394f960c9793f68904eb"},"headline":"El bartender como ser humano y como profesional","datePublished":"2020-03-12T15:06:18+00:00","dateModified":"2020-04-29T10:18:29+00:00","mainEntityOfPage":{"@id":"https:\/\/elbullifoundation.com\/elbullistore\/bartender-humano-profesional-2\/"},"wordCount":201,"image":{"@id":"https:\/\/elbullifoundation.com\/elbullistore\/bartender-humano-profesional-2\/#primaryimage"},"thumbnailUrl":"https:\/\/elbullifoundation.com\/elbullistore\/wp-content\/uploads\/2020\/03\/Captura-de-pantalla-2020-03-12-a-las-15.59.20.png","keywords":["Barman","Bartender","bartender profesional","bullipedia","C\u00f3ctel","Cocteler\u00eda","Como funciona una cocteler\u00eda","cultura bartender","Dry Martini","elbulli","elbullistore","ferran adri\u00e0","Javier De Las Muelas","Sapiens","Sapiens de los C\u00f3cteles","Simone Caporale"],"articleSection":["Sin categorizar"],"inLanguage":"es"},{"@type":"WebPage","@id":"https:\/\/elbullifoundation.com\/elbullistore\/bartender-humano-profesional-2\/","url":"https:\/\/elbullifoundation.com\/elbullistore\/bartender-humano-profesional-2\/","name":"El bartender como ser humano y como profesional - elBullistore","isPartOf":{"@id":"https:\/\/elbullifoundation.com\/elbullistore\/#website"},"primaryImageOfPage":{"@id":"https:\/\/elbullifoundation.com\/elbullistore\/bartender-humano-profesional-2\/#primaryimage"},"image":{"@id":"https:\/\/elbullifoundation.com\/elbullistore\/bartender-humano-profesional-2\/#primaryimage"},"thumbnailUrl":"https:\/\/elbullifoundation.com\/elbullistore\/wp-content\/uploads\/2020\/03\/Captura-de-pantalla-2020-03-12-a-las-15.59.20.png","datePublished":"2020-03-12T15:06:18+00:00","dateModified":"2020-04-29T10:18:29+00:00","author":{"@id":"https:\/\/elbullifoundation.com\/elbullistore\/#\/schema\/person\/b1d2521aeb19394f960c9793f68904eb"},"description":"Las cualidades indispensables que el bartender debe tener para desarrollar las capacidades adquiridas para la \u00abcultura profesional del bartender\u00bb.","breadcrumb":{"@id":"https:\/\/elbullifoundation.com\/elbullistore\/bartender-humano-profesional-2\/#breadcrumb"},"inLanguage":"es","potentialAction":[{"@type":"ReadAction","target":["https:\/\/elbullifoundation.com\/elbullistore\/bartender-humano-profesional-2\/"]}]},{"@type":"ImageObject","inLanguage":"es","@id":"https:\/\/elbullifoundation.com\/elbullistore\/bartender-humano-profesional-2\/#primaryimage","url":"https:\/\/elbullifoundation.com\/elbullistore\/wp-content\/uploads\/2020\/03\/Captura-de-pantalla-2020-03-12-a-las-15.59.20.png","contentUrl":"https:\/\/elbullifoundation.com\/elbullistore\/wp-content\/uploads\/2020\/03\/Captura-de-pantalla-2020-03-12-a-las-15.59.20.png","width":508,"height":542},{"@type":"BreadcrumbList","@id":"https:\/\/elbullifoundation.com\/elbullistore\/bartender-humano-profesional-2\/#breadcrumb","itemListElement":[{"@type":"ListItem","position":1,"name":"Portada","item":"https:\/\/elbullifoundation.com\/elbullistore\/"},{"@type":"ListItem","position":2,"name":"El bartender como ser humano y como profesional"}]},{"@type":"WebSite","@id":"https:\/\/elbullifoundation.com\/elbullistore\/#website","url":"https:\/\/elbullifoundation.com\/elbullistore\/","name":"elBullistore","description":"","potentialAction":[{"@type":"SearchAction","target":{"@type":"EntryPoint","urlTemplate":"https:\/\/elbullifoundation.com\/elbullistore\/?s={search_term_string}"},"query-input":{"@type":"PropertyValueSpecification","valueRequired":true,"valueName":"search_term_string"}}],"inLanguage":"es"},{"@type":"Person","@id":"https:\/\/elbullifoundation.com\/elbullistore\/#\/schema\/person\/b1d2521aeb19394f960c9793f68904eb","name":"developer","image":{"@type":"ImageObject","inLanguage":"es","@id":"https:\/\/elbullifoundation.com\/elbullistore\/#\/schema\/person\/image\/","url":"https:\/\/secure.gravatar.com\/avatar\/e2c07995198795d021427091655b07d46a82b40fe7f7536d66f64a6a2ec30e4f?s=96&d=mm&r=g","contentUrl":"https:\/\/secure.gravatar.com\/avatar\/e2c07995198795d021427091655b07d46a82b40fe7f7536d66f64a6a2ec30e4f?s=96&d=mm&r=g","caption":"developer"},"url":"https:\/\/elbullifoundation.com\/elbullistore\/author\/developer\/"}]}},"lang":"es","translations":{"es":7237,"en":8587,"ca":16094},"pll_sync_post":[],"_links":{"self":[{"href":"https:\/\/elbullifoundation.com\/elbullistore\/wp-json\/wp\/v2\/posts\/7237","targetHints":{"allow":["GET"]}}],"collection":[{"href":"https:\/\/elbullifoundation.com\/elbullistore\/wp-json\/wp\/v2\/posts"}],"about":[{"href":"https:\/\/elbullifoundation.com\/elbullistore\/wp-json\/wp\/v2\/types\/post"}],"author":[{"embeddable":true,"href":"https:\/\/elbullifoundation.com\/elbullistore\/wp-json\/wp\/v2\/users\/1"}],"replies":[{"embeddable":true,"href":"https:\/\/elbullifoundation.com\/elbullistore\/wp-json\/wp\/v2\/comments?post=7237"}],"version-history":[{"count":0,"href":"https:\/\/elbullifoundation.com\/elbullistore\/wp-json\/wp\/v2\/posts\/7237\/revisions"}],"wp:featuredmedia":[{"embeddable":true,"href":"https:\/\/elbullifoundation.com\/elbullistore\/wp-json\/wp\/v2\/media\/7238"}],"wp:attachment":[{"href":"https:\/\/elbullifoundation.com\/elbullistore\/wp-json\/wp\/v2\/media?parent=7237"}],"wp:term":[{"taxonomy":"category","embeddable":true,"href":"https:\/\/elbullifoundation.com\/elbullistore\/wp-json\/wp\/v2\/categories?post=7237"},{"taxonomy":"post_tag","embeddable":true,"href":"https:\/\/elbullifoundation.com\/elbullistore\/wp-json\/wp\/v2\/tags?post=7237"}],"curies":[{"name":"wp","href":"https:\/\/api.w.org\/{rel}","templated":true}]}}