{"id":7275,"date":"2020-03-12T16:31:23","date_gmt":"2020-03-12T15:31:23","guid":{"rendered":"https:\/\/elbullifoundation.com\/elbullistore\/?p=7275"},"modified":"2020-04-29T12:16:03","modified_gmt":"2020-04-29T10:16:03","slug":"proyecto-la-historia-la-restauracion-gastronomica-occidental","status":"publish","type":"post","link":"https:\/\/elbullifoundation.com\/elbullistore\/proyecto-la-historia-la-restauracion-gastronomica-occidental\/","title":{"rendered":"El proyecto de la historia de la restauraci\u00f3n gastron\u00f3mica occidental"},"content":{"rendered":"<p class=\"p1\">Antes de entrar en materia, es necesario que los lectores se sit\u00faen y entiendan el contexto en que se enmarca el volumen que tienen entre las manos. En las primeras p\u00e1ginas, introduciremos el proyecto de historia que llevamos a cabo desde elBullifoundation. Empe<span class=\"s1\">zaremos explicando unas cuantas nociones del llamado m\u00e9todo <\/span>Sapiens que gu\u00eda todo el trabajo, as\u00ed como los rasgos generales de la Bullipedia, la enciclopedia multiformato de la restauraci\u00f3n gastron\u00f3mica donde se enmarca este volumen y los que est\u00e1n por venir.<\/p>\n<p class=\"p1\"><span class=\"s1\">A continuaci\u00f3n, nos detendremos en los rasgos generales que <\/span><span class=\"s2\">conforman\u00a0<\/span>el proyecto de la historia de la restauraci\u00f3n gastron\u00f3mica occidental, incluyendo un breve resumen de la tem\u00e1tica de los ocho vol\u00famenes de la colecci\u00f3n. Los lectores podr\u00e1n encontrar aqu\u00ed informaci\u00f3n sobre el marco geogr\u00e1fico del proyecto, los objetivos, el hilo argumental, los periodos hist\u00f3ricos que hemos definido y los motivos que nos han llevado a adentrarnos en la historia de nuestra disciplina.<\/p>\n<p>&nbsp;<\/p>\n<h2 class=\"p1\"><b>Disciplinas acad\u00e9micas que nos sirven de apoyo<\/b><\/h2>\n<p class=\"p3\">En esta aventura no estamos solos. Nos apoyamos en las disciplinas acad\u00e9micas que analizan el pasado. En este cap\u00edtulo pondremos sobre el papel unas cuantas nociones b\u00e1sicas sobre las tres disciplinas que nos acompa\u00f1an m\u00e1s de cerca en el proyecto: la historia, su rama m\u00e1s espec\u00edfica conocida como la historia de la alimentaci\u00f3n y la arqueolog\u00eda. Contaremos en todo momento con sus expertos para entender la singularidad hist\u00f3rica de cada periodo y manejar de forma adecuada las fuentes. Es tambi\u00e9n aqu\u00ed donde pondremos de relieve la intrincada relaci\u00f3n entre los hechos m\u00e1s importantes de la historia de Occidente y los que <span class=\"s1\">ata\u00f1en a la historia de la alimentaci\u00f3n, la gastronom\u00eda y <\/span>la restauraci\u00f3n gastron\u00f3mica.<\/p>\n<p>&nbsp;<\/p>\n<h2 class=\"p1\"><b>Nuestro protagonista: el ser humano<\/b><\/h2>\n<p class=\"p3\">Este singular cap\u00edtulo aborda otro de los pilares del proyecto: el conocimiento del ser humano, el protagonista de todo hecho gastron\u00f3mico. En sus p\u00e1ginas explicaremos brevemente algunos de los datos sobre el cuerpo, la mente y el esp\u00edritu, a los que aludiremos constantemente en el resto del proyecto. Pondremos de relieve qu\u00e9 es lo que cualquier persona pone en marcha cada vez que realiza una acci\u00f3n relacionada con cocinar, comer o beber.<\/p>\n","protected":false},"excerpt":{"rendered":"<p>Antes de entrar en materia, es necesario que los lectores se sit\u00faen y entiendan el contexto en que se enmarca el volumen que tienen entre las manos. En las primeras p\u00e1ginas, introduciremos el proyecto de historia que llevamos a cabo desde elBullifoundation. Empezaremos explicando unas cuantas nociones del llamado m\u00e9todo Sapiens que gu\u00eda todo el [&hellip;]<\/p>\n","protected":false},"author":1,"featured_media":7276,"comment_status":"closed","ping_status":"open","sticky":false,"template":"","format":"standard","meta":{"_acf_changed":false,"footnotes":""},"categories":[1],"tags":[394,396,398,397,593,399,599,589,403,592,597,598,590,591,595,596,538,594],"class_list":["post-7275","post","type-post","status-publish","format-standard","has-post-thumbnail","hentry","category-sin-categorizar","tag-book","tag-bullipedia","tag-el-bulli","tag-elbulli","tag-eudald-carbonell","tag-ferran-adria","tag-historia-cocina","tag-historia-de-la-restauracion-gastronomica-en-occidente","tag-libro","tag-neolitico","tag-neolitico-con-ceramica","tag-neolitico-sin-ceramica","tag-origenes-de-la-cocina","tag-paleolitico","tag-paleolitico-con-fuego","tag-paleolitico-sin-fuego","tag-sapiens","tag-toni-massanes"],"acf":[],"yoast_head":"<!-- This site is optimized with the Yoast SEO plugin v26.9 - https:\/\/yoast.com\/product\/yoast-seo-wordpress\/ -->\n<title>El proyecto de la historia de la restauraci\u00f3n gastron\u00f3mica occidental - elBullistore<\/title>\n<meta name=\"description\" content=\"El proyecto de la historia de la restauraci\u00f3n gastron\u00f3mica occidental, incluyendo un breve resumen de la tem\u00e1tica de los ocho vol\u00famenes de la colecci\u00f3n\" \/>\n<meta name=\"robots\" content=\"index, follow, max-snippet:-1, max-image-preview:large, max-video-preview:-1\" \/>\n<link rel=\"canonical\" href=\"https:\/\/elbullifoundation.com\/elbullistore\/proyecto-la-historia-la-restauracion-gastronomica-occidental\/\" \/>\n<meta property=\"og:locale\" content=\"es_ES\" \/>\n<meta property=\"og:type\" content=\"article\" \/>\n<meta property=\"og:title\" content=\"El proyecto de la historia de la restauraci\u00f3n gastron\u00f3mica occidental - elBullistore\" \/>\n<meta property=\"og:description\" content=\"El proyecto de la historia de la restauraci\u00f3n gastron\u00f3mica occidental, incluyendo un breve resumen de la tem\u00e1tica de los ocho vol\u00famenes de la colecci\u00f3n\" \/>\n<meta property=\"og:url\" content=\"https:\/\/elbullifoundation.com\/elbullistore\/proyecto-la-historia-la-restauracion-gastronomica-occidental\/\" \/>\n<meta property=\"og:site_name\" content=\"elBullistore\" \/>\n<meta property=\"article:published_time\" content=\"2020-03-12T15:31:23+00:00\" \/>\n<meta property=\"article:modified_time\" content=\"2020-04-29T10:16:03+00:00\" \/>\n<meta property=\"og:image\" content=\"https:\/\/elbullifoundation.com\/elbullistore\/wp-content\/uploads\/2020\/03\/Captura-de-pantalla-2020-03-12-a-las-16.29.36.png\" \/>\n\t<meta property=\"og:image:width\" content=\"493\" \/>\n\t<meta property=\"og:image:height\" content=\"406\" \/>\n\t<meta property=\"og:image:type\" content=\"image\/png\" \/>\n<meta name=\"author\" content=\"developer\" \/>\n<meta name=\"twitter:card\" content=\"summary_large_image\" \/>\n<meta name=\"twitter:label1\" content=\"Escrito por\" \/>\n\t<meta name=\"twitter:data1\" content=\"developer\" \/>\n\t<meta name=\"twitter:label2\" content=\"Tiempo de lectura\" \/>\n\t<meta name=\"twitter:data2\" content=\"2 minutos\" \/>\n<script type=\"application\/ld+json\" class=\"yoast-schema-graph\">{\"@context\":\"https:\/\/schema.org\",\"@graph\":[{\"@type\":\"Article\",\"@id\":\"https:\/\/elbullifoundation.com\/elbullistore\/proyecto-la-historia-la-restauracion-gastronomica-occidental\/#article\",\"isPartOf\":{\"@id\":\"https:\/\/elbullifoundation.com\/elbullistore\/proyecto-la-historia-la-restauracion-gastronomica-occidental\/\"},\"author\":{\"name\":\"developer\",\"@id\":\"https:\/\/elbullifoundation.com\/elbullistore\/#\/schema\/person\/b1d2521aeb19394f960c9793f68904eb\"},\"headline\":\"El proyecto de la historia de la restauraci\u00f3n gastron\u00f3mica occidental\",\"datePublished\":\"2020-03-12T15:31:23+00:00\",\"dateModified\":\"2020-04-29T10:16:03+00:00\",\"mainEntityOfPage\":{\"@id\":\"https:\/\/elbullifoundation.com\/elbullistore\/proyecto-la-historia-la-restauracion-gastronomica-occidental\/\"},\"wordCount\":407,\"image\":{\"@id\":\"https:\/\/elbullifoundation.com\/elbullistore\/proyecto-la-historia-la-restauracion-gastronomica-occidental\/#primaryimage\"},\"thumbnailUrl\":\"https:\/\/elbullifoundation.com\/elbullistore\/wp-content\/uploads\/2020\/03\/Captura-de-pantalla-2020-03-12-a-las-16.29.36.png\",\"keywords\":[\"Book\",\"bullipedia\",\"el bulli\",\"elbulli\",\"Eudald Carbonell\",\"ferran adri\u00e0\",\"historia cocina\",\"Historia de la restauraci\u00f3n gastron\u00f3mica en occidente\",\"libro\",\"Neol\u00edtico\",\"Neol\u00edtico con cer\u00e1mica\",\"Neol\u00edtico sin cer\u00e1mica\",\"or\u00edgenes de la cocina\",\"paleol\u00edtico\",\"Paleol\u00edtico con fuego\",\"Paleol\u00edtico sin fuego\",\"Sapiens\",\"Toni Massan\u00e9s\"],\"articleSection\":[\"Sin categorizar\"],\"inLanguage\":\"es\"},{\"@type\":\"WebPage\",\"@id\":\"https:\/\/elbullifoundation.com\/elbullistore\/proyecto-la-historia-la-restauracion-gastronomica-occidental\/\",\"url\":\"https:\/\/elbullifoundation.com\/elbullistore\/proyecto-la-historia-la-restauracion-gastronomica-occidental\/\",\"name\":\"El proyecto de la historia de la restauraci\u00f3n gastron\u00f3mica occidental - elBullistore\",\"isPartOf\":{\"@id\":\"https:\/\/elbullifoundation.com\/elbullistore\/#website\"},\"primaryImageOfPage\":{\"@id\":\"https:\/\/elbullifoundation.com\/elbullistore\/proyecto-la-historia-la-restauracion-gastronomica-occidental\/#primaryimage\"},\"image\":{\"@id\":\"https:\/\/elbullifoundation.com\/elbullistore\/proyecto-la-historia-la-restauracion-gastronomica-occidental\/#primaryimage\"},\"thumbnailUrl\":\"https:\/\/elbullifoundation.com\/elbullistore\/wp-content\/uploads\/2020\/03\/Captura-de-pantalla-2020-03-12-a-las-16.29.36.png\",\"datePublished\":\"2020-03-12T15:31:23+00:00\",\"dateModified\":\"2020-04-29T10:16:03+00:00\",\"author\":{\"@id\":\"https:\/\/elbullifoundation.com\/elbullistore\/#\/schema\/person\/b1d2521aeb19394f960c9793f68904eb\"},\"description\":\"El proyecto de la historia de la restauraci\u00f3n gastron\u00f3mica occidental, incluyendo un breve resumen de la tem\u00e1tica de los ocho vol\u00famenes de la colecci\u00f3n\",\"breadcrumb\":{\"@id\":\"https:\/\/elbullifoundation.com\/elbullistore\/proyecto-la-historia-la-restauracion-gastronomica-occidental\/#breadcrumb\"},\"inLanguage\":\"es\",\"potentialAction\":[{\"@type\":\"ReadAction\",\"target\":[\"https:\/\/elbullifoundation.com\/elbullistore\/proyecto-la-historia-la-restauracion-gastronomica-occidental\/\"]}]},{\"@type\":\"ImageObject\",\"inLanguage\":\"es\",\"@id\":\"https:\/\/elbullifoundation.com\/elbullistore\/proyecto-la-historia-la-restauracion-gastronomica-occidental\/#primaryimage\",\"url\":\"https:\/\/elbullifoundation.com\/elbullistore\/wp-content\/uploads\/2020\/03\/Captura-de-pantalla-2020-03-12-a-las-16.29.36.png\",\"contentUrl\":\"https:\/\/elbullifoundation.com\/elbullistore\/wp-content\/uploads\/2020\/03\/Captura-de-pantalla-2020-03-12-a-las-16.29.36.png\",\"width\":493,\"height\":406},{\"@type\":\"BreadcrumbList\",\"@id\":\"https:\/\/elbullifoundation.com\/elbullistore\/proyecto-la-historia-la-restauracion-gastronomica-occidental\/#breadcrumb\",\"itemListElement\":[{\"@type\":\"ListItem\",\"position\":1,\"name\":\"Portada\",\"item\":\"https:\/\/elbullifoundation.com\/elbullistore\/\"},{\"@type\":\"ListItem\",\"position\":2,\"name\":\"El proyecto de la historia de la restauraci\u00f3n gastron\u00f3mica occidental\"}]},{\"@type\":\"WebSite\",\"@id\":\"https:\/\/elbullifoundation.com\/elbullistore\/#website\",\"url\":\"https:\/\/elbullifoundation.com\/elbullistore\/\",\"name\":\"elBullistore\",\"description\":\"\",\"potentialAction\":[{\"@type\":\"SearchAction\",\"target\":{\"@type\":\"EntryPoint\",\"urlTemplate\":\"https:\/\/elbullifoundation.com\/elbullistore\/?s={search_term_string}\"},\"query-input\":{\"@type\":\"PropertyValueSpecification\",\"valueRequired\":true,\"valueName\":\"search_term_string\"}}],\"inLanguage\":\"es\"},{\"@type\":\"Person\",\"@id\":\"https:\/\/elbullifoundation.com\/elbullistore\/#\/schema\/person\/b1d2521aeb19394f960c9793f68904eb\",\"name\":\"developer\",\"image\":{\"@type\":\"ImageObject\",\"inLanguage\":\"es\",\"@id\":\"https:\/\/elbullifoundation.com\/elbullistore\/#\/schema\/person\/image\/\",\"url\":\"https:\/\/secure.gravatar.com\/avatar\/e2c07995198795d021427091655b07d46a82b40fe7f7536d66f64a6a2ec30e4f?s=96&d=mm&r=g\",\"contentUrl\":\"https:\/\/secure.gravatar.com\/avatar\/e2c07995198795d021427091655b07d46a82b40fe7f7536d66f64a6a2ec30e4f?s=96&d=mm&r=g\",\"caption\":\"developer\"},\"url\":\"https:\/\/elbullifoundation.com\/elbullistore\/author\/developer\/\"}]}<\/script>\n<!-- \/ Yoast SEO plugin. -->","yoast_head_json":{"title":"El proyecto de la historia de la restauraci\u00f3n gastron\u00f3mica occidental - elBullistore","description":"El proyecto de la historia de la restauraci\u00f3n gastron\u00f3mica occidental, incluyendo un breve resumen de la tem\u00e1tica de los ocho vol\u00famenes de la colecci\u00f3n","robots":{"index":"index","follow":"follow","max-snippet":"max-snippet:-1","max-image-preview":"max-image-preview:large","max-video-preview":"max-video-preview:-1"},"canonical":"https:\/\/elbullifoundation.com\/elbullistore\/proyecto-la-historia-la-restauracion-gastronomica-occidental\/","og_locale":"es_ES","og_type":"article","og_title":"El proyecto de la historia de la restauraci\u00f3n gastron\u00f3mica occidental - elBullistore","og_description":"El proyecto de la historia de la restauraci\u00f3n gastron\u00f3mica occidental, incluyendo un breve resumen de la tem\u00e1tica de los ocho vol\u00famenes de la colecci\u00f3n","og_url":"https:\/\/elbullifoundation.com\/elbullistore\/proyecto-la-historia-la-restauracion-gastronomica-occidental\/","og_site_name":"elBullistore","article_published_time":"2020-03-12T15:31:23+00:00","article_modified_time":"2020-04-29T10:16:03+00:00","og_image":[{"width":493,"height":406,"url":"https:\/\/elbullifoundation.com\/elbullistore\/wp-content\/uploads\/2020\/03\/Captura-de-pantalla-2020-03-12-a-las-16.29.36.png","type":"image\/png"}],"author":"developer","twitter_card":"summary_large_image","twitter_misc":{"Escrito por":"developer","Tiempo de lectura":"2 minutos"},"schema":{"@context":"https:\/\/schema.org","@graph":[{"@type":"Article","@id":"https:\/\/elbullifoundation.com\/elbullistore\/proyecto-la-historia-la-restauracion-gastronomica-occidental\/#article","isPartOf":{"@id":"https:\/\/elbullifoundation.com\/elbullistore\/proyecto-la-historia-la-restauracion-gastronomica-occidental\/"},"author":{"name":"developer","@id":"https:\/\/elbullifoundation.com\/elbullistore\/#\/schema\/person\/b1d2521aeb19394f960c9793f68904eb"},"headline":"El proyecto de la historia de la restauraci\u00f3n gastron\u00f3mica occidental","datePublished":"2020-03-12T15:31:23+00:00","dateModified":"2020-04-29T10:16:03+00:00","mainEntityOfPage":{"@id":"https:\/\/elbullifoundation.com\/elbullistore\/proyecto-la-historia-la-restauracion-gastronomica-occidental\/"},"wordCount":407,"image":{"@id":"https:\/\/elbullifoundation.com\/elbullistore\/proyecto-la-historia-la-restauracion-gastronomica-occidental\/#primaryimage"},"thumbnailUrl":"https:\/\/elbullifoundation.com\/elbullistore\/wp-content\/uploads\/2020\/03\/Captura-de-pantalla-2020-03-12-a-las-16.29.36.png","keywords":["Book","bullipedia","el bulli","elbulli","Eudald Carbonell","ferran adri\u00e0","historia cocina","Historia de la restauraci\u00f3n gastron\u00f3mica en occidente","libro","Neol\u00edtico","Neol\u00edtico con cer\u00e1mica","Neol\u00edtico sin cer\u00e1mica","or\u00edgenes de la cocina","paleol\u00edtico","Paleol\u00edtico con fuego","Paleol\u00edtico sin fuego","Sapiens","Toni Massan\u00e9s"],"articleSection":["Sin categorizar"],"inLanguage":"es"},{"@type":"WebPage","@id":"https:\/\/elbullifoundation.com\/elbullistore\/proyecto-la-historia-la-restauracion-gastronomica-occidental\/","url":"https:\/\/elbullifoundation.com\/elbullistore\/proyecto-la-historia-la-restauracion-gastronomica-occidental\/","name":"El proyecto de la historia de la restauraci\u00f3n gastron\u00f3mica occidental - elBullistore","isPartOf":{"@id":"https:\/\/elbullifoundation.com\/elbullistore\/#website"},"primaryImageOfPage":{"@id":"https:\/\/elbullifoundation.com\/elbullistore\/proyecto-la-historia-la-restauracion-gastronomica-occidental\/#primaryimage"},"image":{"@id":"https:\/\/elbullifoundation.com\/elbullistore\/proyecto-la-historia-la-restauracion-gastronomica-occidental\/#primaryimage"},"thumbnailUrl":"https:\/\/elbullifoundation.com\/elbullistore\/wp-content\/uploads\/2020\/03\/Captura-de-pantalla-2020-03-12-a-las-16.29.36.png","datePublished":"2020-03-12T15:31:23+00:00","dateModified":"2020-04-29T10:16:03+00:00","author":{"@id":"https:\/\/elbullifoundation.com\/elbullistore\/#\/schema\/person\/b1d2521aeb19394f960c9793f68904eb"},"description":"El proyecto de la historia de la restauraci\u00f3n gastron\u00f3mica occidental, incluyendo un breve resumen de la tem\u00e1tica de los ocho vol\u00famenes de la colecci\u00f3n","breadcrumb":{"@id":"https:\/\/elbullifoundation.com\/elbullistore\/proyecto-la-historia-la-restauracion-gastronomica-occidental\/#breadcrumb"},"inLanguage":"es","potentialAction":[{"@type":"ReadAction","target":["https:\/\/elbullifoundation.com\/elbullistore\/proyecto-la-historia-la-restauracion-gastronomica-occidental\/"]}]},{"@type":"ImageObject","inLanguage":"es","@id":"https:\/\/elbullifoundation.com\/elbullistore\/proyecto-la-historia-la-restauracion-gastronomica-occidental\/#primaryimage","url":"https:\/\/elbullifoundation.com\/elbullistore\/wp-content\/uploads\/2020\/03\/Captura-de-pantalla-2020-03-12-a-las-16.29.36.png","contentUrl":"https:\/\/elbullifoundation.com\/elbullistore\/wp-content\/uploads\/2020\/03\/Captura-de-pantalla-2020-03-12-a-las-16.29.36.png","width":493,"height":406},{"@type":"BreadcrumbList","@id":"https:\/\/elbullifoundation.com\/elbullistore\/proyecto-la-historia-la-restauracion-gastronomica-occidental\/#breadcrumb","itemListElement":[{"@type":"ListItem","position":1,"name":"Portada","item":"https:\/\/elbullifoundation.com\/elbullistore\/"},{"@type":"ListItem","position":2,"name":"El proyecto de la historia de la restauraci\u00f3n gastron\u00f3mica occidental"}]},{"@type":"WebSite","@id":"https:\/\/elbullifoundation.com\/elbullistore\/#website","url":"https:\/\/elbullifoundation.com\/elbullistore\/","name":"elBullistore","description":"","potentialAction":[{"@type":"SearchAction","target":{"@type":"EntryPoint","urlTemplate":"https:\/\/elbullifoundation.com\/elbullistore\/?s={search_term_string}"},"query-input":{"@type":"PropertyValueSpecification","valueRequired":true,"valueName":"search_term_string"}}],"inLanguage":"es"},{"@type":"Person","@id":"https:\/\/elbullifoundation.com\/elbullistore\/#\/schema\/person\/b1d2521aeb19394f960c9793f68904eb","name":"developer","image":{"@type":"ImageObject","inLanguage":"es","@id":"https:\/\/elbullifoundation.com\/elbullistore\/#\/schema\/person\/image\/","url":"https:\/\/secure.gravatar.com\/avatar\/e2c07995198795d021427091655b07d46a82b40fe7f7536d66f64a6a2ec30e4f?s=96&d=mm&r=g","contentUrl":"https:\/\/secure.gravatar.com\/avatar\/e2c07995198795d021427091655b07d46a82b40fe7f7536d66f64a6a2ec30e4f?s=96&d=mm&r=g","caption":"developer"},"url":"https:\/\/elbullifoundation.com\/elbullistore\/author\/developer\/"}]}},"lang":"es","translations":{"es":7275,"en":8456,"ca":16107},"pll_sync_post":[],"_links":{"self":[{"href":"https:\/\/elbullifoundation.com\/elbullistore\/wp-json\/wp\/v2\/posts\/7275","targetHints":{"allow":["GET"]}}],"collection":[{"href":"https:\/\/elbullifoundation.com\/elbullistore\/wp-json\/wp\/v2\/posts"}],"about":[{"href":"https:\/\/elbullifoundation.com\/elbullistore\/wp-json\/wp\/v2\/types\/post"}],"author":[{"embeddable":true,"href":"https:\/\/elbullifoundation.com\/elbullistore\/wp-json\/wp\/v2\/users\/1"}],"replies":[{"embeddable":true,"href":"https:\/\/elbullifoundation.com\/elbullistore\/wp-json\/wp\/v2\/comments?post=7275"}],"version-history":[{"count":0,"href":"https:\/\/elbullifoundation.com\/elbullistore\/wp-json\/wp\/v2\/posts\/7275\/revisions"}],"wp:featuredmedia":[{"embeddable":true,"href":"https:\/\/elbullifoundation.com\/elbullistore\/wp-json\/wp\/v2\/media\/7276"}],"wp:attachment":[{"href":"https:\/\/elbullifoundation.com\/elbullistore\/wp-json\/wp\/v2\/media?parent=7275"}],"wp:term":[{"taxonomy":"category","embeddable":true,"href":"https:\/\/elbullifoundation.com\/elbullistore\/wp-json\/wp\/v2\/categories?post=7275"},{"taxonomy":"post_tag","embeddable":true,"href":"https:\/\/elbullifoundation.com\/elbullistore\/wp-json\/wp\/v2\/tags?post=7275"}],"curies":[{"name":"wp","href":"https:\/\/api.w.org\/{rel}","templated":true}]}}