{"id":7282,"date":"2020-03-12T16:34:55","date_gmt":"2020-03-12T15:34:55","guid":{"rendered":"https:\/\/elbullifoundation.com\/elbullistore\/?p=7282"},"modified":"2020-04-29T12:15:12","modified_gmt":"2020-04-29T10:15:12","slug":"del-origen-la-vida-al-paleolitico","status":"publish","type":"post","link":"https:\/\/elbullifoundation.com\/elbullistore\/del-origen-la-vida-al-paleolitico\/","title":{"rendered":"Del origen de la vida al Paleol\u00edtico"},"content":{"rendered":"<p class=\"p1\">En nuestro af\u00e1n por empezar por el principio y aclarar los or\u00edgenes de todo lo que ata\u00f1e a la historia de la restauraci\u00f3n gastron\u00f3mica es necesario detenernos, como hacemos en este breve cap\u00edtulo, en el origen de la vida: la responsable no solo de nuestra existencia, sino de pr\u00e1cticamente todo aquello que ingerimos y degustamos.<\/p>\n","protected":false},"excerpt":{"rendered":"<p>En nuestro af\u00e1n por empezar por el principio y aclarar los or\u00edgenes de todo lo que ata\u00f1e a la historia de la restauraci\u00f3n gastron\u00f3mica es necesario detenernos, como hacemos en este breve cap\u00edtulo, en el origen de la vida: la responsable no solo de nuestra existencia, sino de pr\u00e1cticamente todo aquello que ingerimos y degustamos.<\/p>\n","protected":false},"author":1,"featured_media":7284,"comment_status":"closed","ping_status":"open","sticky":false,"template":"","format":"standard","meta":{"_acf_changed":false,"footnotes":""},"categories":[1],"tags":[396,398,397,593,399,599,589,403,592,590,591,595,596,538,594],"class_list":["post-7282","post","type-post","status-publish","format-standard","has-post-thumbnail","hentry","category-sin-categorizar","tag-bullipedia","tag-el-bulli","tag-elbulli","tag-eudald-carbonell","tag-ferran-adria","tag-historia-cocina","tag-historia-de-la-restauracion-gastronomica-en-occidente","tag-libro","tag-neolitico","tag-origenes-de-la-cocina","tag-paleolitico","tag-paleolitico-con-fuego","tag-paleolitico-sin-fuego","tag-sapiens","tag-toni-massanes"],"acf":[],"yoast_head":"<!-- This site is optimized with the Yoast SEO plugin v26.9 - https:\/\/yoast.com\/product\/yoast-seo-wordpress\/ -->\n<title>Del origen de la vida al Paleol\u00edtico - elBullistore - Bullipedia<\/title>\n<meta name=\"description\" content=\"el origen de la vida: la responsable no solo de nuestra existencia, sino de pr\u00e1cticamente todo aquello que ingerimos y degustamos.\" \/>\n<meta name=\"robots\" content=\"index, follow, max-snippet:-1, max-image-preview:large, max-video-preview:-1\" \/>\n<link rel=\"canonical\" href=\"https:\/\/elbullifoundation.com\/elbullistore\/del-origen-la-vida-al-paleolitico\/\" \/>\n<meta property=\"og:locale\" content=\"es_ES\" \/>\n<meta property=\"og:type\" content=\"article\" \/>\n<meta property=\"og:title\" content=\"Del origen de la vida al Paleol\u00edtico - elBullistore - Bullipedia\" \/>\n<meta property=\"og:description\" content=\"el origen de la vida: la responsable no solo de nuestra existencia, sino de pr\u00e1cticamente todo aquello que ingerimos y degustamos.\" \/>\n<meta property=\"og:url\" content=\"https:\/\/elbullifoundation.com\/elbullistore\/del-origen-la-vida-al-paleolitico\/\" \/>\n<meta property=\"og:site_name\" content=\"elBullistore\" \/>\n<meta property=\"article:published_time\" content=\"2020-03-12T15:34:55+00:00\" \/>\n<meta property=\"article:modified_time\" content=\"2020-04-29T10:15:12+00:00\" \/>\n<meta property=\"og:image\" content=\"https:\/\/elbullifoundation.com\/elbullistore\/wp-content\/uploads\/2020\/03\/Captura-de-pantalla-2020-03-12-a-las-16.29.41.png\" \/>\n\t<meta property=\"og:image:width\" content=\"492\" \/>\n\t<meta property=\"og:image:height\" content=\"406\" \/>\n\t<meta property=\"og:image:type\" content=\"image\/png\" \/>\n<meta name=\"author\" content=\"developer\" \/>\n<meta name=\"twitter:card\" content=\"summary_large_image\" \/>\n<meta name=\"twitter:label1\" content=\"Escrito por\" \/>\n\t<meta name=\"twitter:data1\" content=\"developer\" \/>\n<script type=\"application\/ld+json\" class=\"yoast-schema-graph\">{\"@context\":\"https:\/\/schema.org\",\"@graph\":[{\"@type\":\"Article\",\"@id\":\"https:\/\/elbullifoundation.com\/elbullistore\/del-origen-la-vida-al-paleolitico\/#article\",\"isPartOf\":{\"@id\":\"https:\/\/elbullifoundation.com\/elbullistore\/del-origen-la-vida-al-paleolitico\/\"},\"author\":{\"name\":\"developer\",\"@id\":\"https:\/\/elbullifoundation.com\/elbullistore\/#\/schema\/person\/b1d2521aeb19394f960c9793f68904eb\"},\"headline\":\"Del origen de la vida al Paleol\u00edtico\",\"datePublished\":\"2020-03-12T15:34:55+00:00\",\"dateModified\":\"2020-04-29T10:15:12+00:00\",\"mainEntityOfPage\":{\"@id\":\"https:\/\/elbullifoundation.com\/elbullistore\/del-origen-la-vida-al-paleolitico\/\"},\"wordCount\":70,\"image\":{\"@id\":\"https:\/\/elbullifoundation.com\/elbullistore\/del-origen-la-vida-al-paleolitico\/#primaryimage\"},\"thumbnailUrl\":\"https:\/\/elbullifoundation.com\/elbullistore\/wp-content\/uploads\/2020\/03\/Captura-de-pantalla-2020-03-12-a-las-16.29.41.png\",\"keywords\":[\"bullipedia\",\"el bulli\",\"elbulli\",\"Eudald Carbonell\",\"ferran adri\u00e0\",\"historia cocina\",\"Historia de la restauraci\u00f3n gastron\u00f3mica en occidente\",\"libro\",\"Neol\u00edtico\",\"or\u00edgenes de la cocina\",\"paleol\u00edtico\",\"Paleol\u00edtico con fuego\",\"Paleol\u00edtico sin fuego\",\"Sapiens\",\"Toni Massan\u00e9s\"],\"articleSection\":[\"Sin categorizar\"],\"inLanguage\":\"es\"},{\"@type\":\"WebPage\",\"@id\":\"https:\/\/elbullifoundation.com\/elbullistore\/del-origen-la-vida-al-paleolitico\/\",\"url\":\"https:\/\/elbullifoundation.com\/elbullistore\/del-origen-la-vida-al-paleolitico\/\",\"name\":\"Del origen de la vida al Paleol\u00edtico - elBullistore - Bullipedia\",\"isPartOf\":{\"@id\":\"https:\/\/elbullifoundation.com\/elbullistore\/#website\"},\"primaryImageOfPage\":{\"@id\":\"https:\/\/elbullifoundation.com\/elbullistore\/del-origen-la-vida-al-paleolitico\/#primaryimage\"},\"image\":{\"@id\":\"https:\/\/elbullifoundation.com\/elbullistore\/del-origen-la-vida-al-paleolitico\/#primaryimage\"},\"thumbnailUrl\":\"https:\/\/elbullifoundation.com\/elbullistore\/wp-content\/uploads\/2020\/03\/Captura-de-pantalla-2020-03-12-a-las-16.29.41.png\",\"datePublished\":\"2020-03-12T15:34:55+00:00\",\"dateModified\":\"2020-04-29T10:15:12+00:00\",\"author\":{\"@id\":\"https:\/\/elbullifoundation.com\/elbullistore\/#\/schema\/person\/b1d2521aeb19394f960c9793f68904eb\"},\"description\":\"el origen de la vida: la responsable no solo de nuestra existencia, sino de pr\u00e1cticamente todo aquello que ingerimos y degustamos.\",\"breadcrumb\":{\"@id\":\"https:\/\/elbullifoundation.com\/elbullistore\/del-origen-la-vida-al-paleolitico\/#breadcrumb\"},\"inLanguage\":\"es\",\"potentialAction\":[{\"@type\":\"ReadAction\",\"target\":[\"https:\/\/elbullifoundation.com\/elbullistore\/del-origen-la-vida-al-paleolitico\/\"]}]},{\"@type\":\"ImageObject\",\"inLanguage\":\"es\",\"@id\":\"https:\/\/elbullifoundation.com\/elbullistore\/del-origen-la-vida-al-paleolitico\/#primaryimage\",\"url\":\"https:\/\/elbullifoundation.com\/elbullistore\/wp-content\/uploads\/2020\/03\/Captura-de-pantalla-2020-03-12-a-las-16.29.41.png\",\"contentUrl\":\"https:\/\/elbullifoundation.com\/elbullistore\/wp-content\/uploads\/2020\/03\/Captura-de-pantalla-2020-03-12-a-las-16.29.41.png\",\"width\":492,\"height\":406},{\"@type\":\"BreadcrumbList\",\"@id\":\"https:\/\/elbullifoundation.com\/elbullistore\/del-origen-la-vida-al-paleolitico\/#breadcrumb\",\"itemListElement\":[{\"@type\":\"ListItem\",\"position\":1,\"name\":\"Portada\",\"item\":\"https:\/\/elbullifoundation.com\/elbullistore\/\"},{\"@type\":\"ListItem\",\"position\":2,\"name\":\"Del origen de la vida al Paleol\u00edtico\"}]},{\"@type\":\"WebSite\",\"@id\":\"https:\/\/elbullifoundation.com\/elbullistore\/#website\",\"url\":\"https:\/\/elbullifoundation.com\/elbullistore\/\",\"name\":\"elBullistore\",\"description\":\"\",\"potentialAction\":[{\"@type\":\"SearchAction\",\"target\":{\"@type\":\"EntryPoint\",\"urlTemplate\":\"https:\/\/elbullifoundation.com\/elbullistore\/?s={search_term_string}\"},\"query-input\":{\"@type\":\"PropertyValueSpecification\",\"valueRequired\":true,\"valueName\":\"search_term_string\"}}],\"inLanguage\":\"es\"},{\"@type\":\"Person\",\"@id\":\"https:\/\/elbullifoundation.com\/elbullistore\/#\/schema\/person\/b1d2521aeb19394f960c9793f68904eb\",\"name\":\"developer\",\"image\":{\"@type\":\"ImageObject\",\"inLanguage\":\"es\",\"@id\":\"https:\/\/elbullifoundation.com\/elbullistore\/#\/schema\/person\/image\/\",\"url\":\"https:\/\/secure.gravatar.com\/avatar\/e2c07995198795d021427091655b07d46a82b40fe7f7536d66f64a6a2ec30e4f?s=96&d=mm&r=g\",\"contentUrl\":\"https:\/\/secure.gravatar.com\/avatar\/e2c07995198795d021427091655b07d46a82b40fe7f7536d66f64a6a2ec30e4f?s=96&d=mm&r=g\",\"caption\":\"developer\"},\"url\":\"https:\/\/elbullifoundation.com\/elbullistore\/author\/developer\/\"}]}<\/script>\n<!-- \/ Yoast SEO plugin. -->","yoast_head_json":{"title":"Del origen de la vida al Paleol\u00edtico - elBullistore - Bullipedia","description":"el origen de la vida: la responsable no solo de nuestra existencia, sino de pr\u00e1cticamente todo aquello que ingerimos y degustamos.","robots":{"index":"index","follow":"follow","max-snippet":"max-snippet:-1","max-image-preview":"max-image-preview:large","max-video-preview":"max-video-preview:-1"},"canonical":"https:\/\/elbullifoundation.com\/elbullistore\/del-origen-la-vida-al-paleolitico\/","og_locale":"es_ES","og_type":"article","og_title":"Del origen de la vida al Paleol\u00edtico - elBullistore - Bullipedia","og_description":"el origen de la vida: la responsable no solo de nuestra existencia, sino de pr\u00e1cticamente todo aquello que ingerimos y degustamos.","og_url":"https:\/\/elbullifoundation.com\/elbullistore\/del-origen-la-vida-al-paleolitico\/","og_site_name":"elBullistore","article_published_time":"2020-03-12T15:34:55+00:00","article_modified_time":"2020-04-29T10:15:12+00:00","og_image":[{"width":492,"height":406,"url":"https:\/\/elbullifoundation.com\/elbullistore\/wp-content\/uploads\/2020\/03\/Captura-de-pantalla-2020-03-12-a-las-16.29.41.png","type":"image\/png"}],"author":"developer","twitter_card":"summary_large_image","twitter_misc":{"Escrito por":"developer"},"schema":{"@context":"https:\/\/schema.org","@graph":[{"@type":"Article","@id":"https:\/\/elbullifoundation.com\/elbullistore\/del-origen-la-vida-al-paleolitico\/#article","isPartOf":{"@id":"https:\/\/elbullifoundation.com\/elbullistore\/del-origen-la-vida-al-paleolitico\/"},"author":{"name":"developer","@id":"https:\/\/elbullifoundation.com\/elbullistore\/#\/schema\/person\/b1d2521aeb19394f960c9793f68904eb"},"headline":"Del origen de la vida al Paleol\u00edtico","datePublished":"2020-03-12T15:34:55+00:00","dateModified":"2020-04-29T10:15:12+00:00","mainEntityOfPage":{"@id":"https:\/\/elbullifoundation.com\/elbullistore\/del-origen-la-vida-al-paleolitico\/"},"wordCount":70,"image":{"@id":"https:\/\/elbullifoundation.com\/elbullistore\/del-origen-la-vida-al-paleolitico\/#primaryimage"},"thumbnailUrl":"https:\/\/elbullifoundation.com\/elbullistore\/wp-content\/uploads\/2020\/03\/Captura-de-pantalla-2020-03-12-a-las-16.29.41.png","keywords":["bullipedia","el bulli","elbulli","Eudald Carbonell","ferran adri\u00e0","historia cocina","Historia de la restauraci\u00f3n gastron\u00f3mica en occidente","libro","Neol\u00edtico","or\u00edgenes de la cocina","paleol\u00edtico","Paleol\u00edtico con fuego","Paleol\u00edtico sin fuego","Sapiens","Toni Massan\u00e9s"],"articleSection":["Sin categorizar"],"inLanguage":"es"},{"@type":"WebPage","@id":"https:\/\/elbullifoundation.com\/elbullistore\/del-origen-la-vida-al-paleolitico\/","url":"https:\/\/elbullifoundation.com\/elbullistore\/del-origen-la-vida-al-paleolitico\/","name":"Del origen de la vida al Paleol\u00edtico - elBullistore - Bullipedia","isPartOf":{"@id":"https:\/\/elbullifoundation.com\/elbullistore\/#website"},"primaryImageOfPage":{"@id":"https:\/\/elbullifoundation.com\/elbullistore\/del-origen-la-vida-al-paleolitico\/#primaryimage"},"image":{"@id":"https:\/\/elbullifoundation.com\/elbullistore\/del-origen-la-vida-al-paleolitico\/#primaryimage"},"thumbnailUrl":"https:\/\/elbullifoundation.com\/elbullistore\/wp-content\/uploads\/2020\/03\/Captura-de-pantalla-2020-03-12-a-las-16.29.41.png","datePublished":"2020-03-12T15:34:55+00:00","dateModified":"2020-04-29T10:15:12+00:00","author":{"@id":"https:\/\/elbullifoundation.com\/elbullistore\/#\/schema\/person\/b1d2521aeb19394f960c9793f68904eb"},"description":"el origen de la vida: la responsable no solo de nuestra existencia, sino de pr\u00e1cticamente todo aquello que ingerimos y degustamos.","breadcrumb":{"@id":"https:\/\/elbullifoundation.com\/elbullistore\/del-origen-la-vida-al-paleolitico\/#breadcrumb"},"inLanguage":"es","potentialAction":[{"@type":"ReadAction","target":["https:\/\/elbullifoundation.com\/elbullistore\/del-origen-la-vida-al-paleolitico\/"]}]},{"@type":"ImageObject","inLanguage":"es","@id":"https:\/\/elbullifoundation.com\/elbullistore\/del-origen-la-vida-al-paleolitico\/#primaryimage","url":"https:\/\/elbullifoundation.com\/elbullistore\/wp-content\/uploads\/2020\/03\/Captura-de-pantalla-2020-03-12-a-las-16.29.41.png","contentUrl":"https:\/\/elbullifoundation.com\/elbullistore\/wp-content\/uploads\/2020\/03\/Captura-de-pantalla-2020-03-12-a-las-16.29.41.png","width":492,"height":406},{"@type":"BreadcrumbList","@id":"https:\/\/elbullifoundation.com\/elbullistore\/del-origen-la-vida-al-paleolitico\/#breadcrumb","itemListElement":[{"@type":"ListItem","position":1,"name":"Portada","item":"https:\/\/elbullifoundation.com\/elbullistore\/"},{"@type":"ListItem","position":2,"name":"Del origen de la vida al Paleol\u00edtico"}]},{"@type":"WebSite","@id":"https:\/\/elbullifoundation.com\/elbullistore\/#website","url":"https:\/\/elbullifoundation.com\/elbullistore\/","name":"elBullistore","description":"","potentialAction":[{"@type":"SearchAction","target":{"@type":"EntryPoint","urlTemplate":"https:\/\/elbullifoundation.com\/elbullistore\/?s={search_term_string}"},"query-input":{"@type":"PropertyValueSpecification","valueRequired":true,"valueName":"search_term_string"}}],"inLanguage":"es"},{"@type":"Person","@id":"https:\/\/elbullifoundation.com\/elbullistore\/#\/schema\/person\/b1d2521aeb19394f960c9793f68904eb","name":"developer","image":{"@type":"ImageObject","inLanguage":"es","@id":"https:\/\/elbullifoundation.com\/elbullistore\/#\/schema\/person\/image\/","url":"https:\/\/secure.gravatar.com\/avatar\/e2c07995198795d021427091655b07d46a82b40fe7f7536d66f64a6a2ec30e4f?s=96&d=mm&r=g","contentUrl":"https:\/\/secure.gravatar.com\/avatar\/e2c07995198795d021427091655b07d46a82b40fe7f7536d66f64a6a2ec30e4f?s=96&d=mm&r=g","caption":"developer"},"url":"https:\/\/elbullifoundation.com\/elbullistore\/author\/developer\/"}]}},"lang":"es","translations":{"es":7282,"en":8452,"ca":16112},"pll_sync_post":[],"_links":{"self":[{"href":"https:\/\/elbullifoundation.com\/elbullistore\/wp-json\/wp\/v2\/posts\/7282","targetHints":{"allow":["GET"]}}],"collection":[{"href":"https:\/\/elbullifoundation.com\/elbullistore\/wp-json\/wp\/v2\/posts"}],"about":[{"href":"https:\/\/elbullifoundation.com\/elbullistore\/wp-json\/wp\/v2\/types\/post"}],"author":[{"embeddable":true,"href":"https:\/\/elbullifoundation.com\/elbullistore\/wp-json\/wp\/v2\/users\/1"}],"replies":[{"embeddable":true,"href":"https:\/\/elbullifoundation.com\/elbullistore\/wp-json\/wp\/v2\/comments?post=7282"}],"version-history":[{"count":0,"href":"https:\/\/elbullifoundation.com\/elbullistore\/wp-json\/wp\/v2\/posts\/7282\/revisions"}],"wp:featuredmedia":[{"embeddable":true,"href":"https:\/\/elbullifoundation.com\/elbullistore\/wp-json\/wp\/v2\/media\/7284"}],"wp:attachment":[{"href":"https:\/\/elbullifoundation.com\/elbullistore\/wp-json\/wp\/v2\/media?parent=7282"}],"wp:term":[{"taxonomy":"category","embeddable":true,"href":"https:\/\/elbullifoundation.com\/elbullistore\/wp-json\/wp\/v2\/categories?post=7282"},{"taxonomy":"post_tag","embeddable":true,"href":"https:\/\/elbullifoundation.com\/elbullistore\/wp-json\/wp\/v2\/tags?post=7282"}],"curies":[{"name":"wp","href":"https:\/\/api.w.org\/{rel}","templated":true}]}}