{"id":7291,"date":"2020-03-12T16:36:24","date_gmt":"2020-03-12T15:36:24","guid":{"rendered":"https:\/\/elbullifoundation.com\/elbullistore\/?p=7291"},"modified":"2020-03-13T12:26:39","modified_gmt":"2020-03-13T11:26:39","slug":"paleolitico-claves-historicas-mas-relevantes","status":"publish","type":"post","link":"https:\/\/elbullifoundation.com\/elbullistore\/paleolitico-claves-historicas-mas-relevantes\/","title":{"rendered":"Paleol\u00edtico: claves hist\u00f3ricas  m\u00e1s relevantes"},"content":{"rendered":"<p class=\"p1\">Nos ponemos con las manos en la masa y nos adentramos en el Paleol\u00edtico, aquellos lejanos a\u00f1os en los que nos conformamos como especie y comenzamos nuestra andadura por el planeta. Este cap\u00edtulo aborda los hechos m\u00e1s significativos que acontecieron durante los or\u00edgenes remotos de la humanidad y que resultan esenciales para comprender los inicios de la cocina, la comida y la bebida. En estas p\u00e1ginas nos familiarizaremos con nuestras abuelas evolutivas, las especies <i>Homo habilis, Homo erectus y Homo neanderthalensis,<\/i> y sabremos c\u00f3mo se origin\u00f3 el <i>Homo sapiens.<\/i><\/p>\n<p class=\"p1\">Empezaremos introduciendo el contexto general del Paleol\u00edtico: sus principales rasgos y divisi\u00f3n temporal. Continuaremos el relato aludiendo a los hitos que marcaron esta fase hist\u00f3rica, divididos en seis grandes apartados: los acontecidos en la naturaleza, los que afectaron al cuerpo humano, a la mente y al esp\u00edritu, los relativos al fen\u00f3meno de la personalidad y, por \u00faltimo, los que marcaron la evoluci\u00f3n de las actividades de nuestros ancestros. Entre los hitos, ocupar\u00e1 un lugar especial el origen de la creatividad: el motor que, a nuestro parecer, mueve la historia (la general, y la nuestra, la de la restauraci\u00f3n gastron\u00f3mica). Con todo este conocimiento en la mochila, estaremos preparados para zambullirnos en nuestro territorio.<\/p>\n","protected":false},"excerpt":{"rendered":"<p>Nos ponemos con las manos en la masa y nos adentramos en el Paleol\u00edtico, aquellos lejanos a\u00f1os en los que nos conformamos como especie y comenzamos nuestra andadura por el planeta. Este cap\u00edtulo aborda los hechos m\u00e1s significativos que acontecieron durante los or\u00edgenes remotos de la humanidad y que resultan esenciales para comprender los inicios [&hellip;]<\/p>\n","protected":false},"author":1,"featured_media":7292,"comment_status":"closed","ping_status":"open","sticky":false,"template":"","format":"standard","meta":{"_acf_changed":false,"footnotes":""},"categories":[1],"tags":[396,398,397,593,399,599,589,600,403,592,597,598,590,591,595,596,538,594],"class_list":["post-7291","post","type-post","status-publish","format-standard","has-post-thumbnail","hentry","category-sin-categorizar","tag-bullipedia","tag-el-bulli","tag-elbulli","tag-eudald-carbonell","tag-ferran-adria","tag-historia-cocina","tag-historia-de-la-restauracion-gastronomica-en-occidente","tag-homo-sapiens","tag-libro","tag-neolitico","tag-neolitico-con-ceramica","tag-neolitico-sin-ceramica","tag-origenes-de-la-cocina","tag-paleolitico","tag-paleolitico-con-fuego","tag-paleolitico-sin-fuego","tag-sapiens","tag-toni-massanes"],"acf":[],"yoast_head":"<!-- This site is optimized with the Yoast SEO plugin v26.9 - https:\/\/yoast.com\/product\/yoast-seo-wordpress\/ -->\n<title>Paleol\u00edtico: claves hist\u00f3ricas m\u00e1s relevantes - elBullistore<\/title>\n<meta name=\"description\" content=\"Los hechos m\u00e1s significativos que acontecieron en el Paleol\u00edtico y que resultan esenciales para comprender los inicios de la cocina, la comida y la bebida.\" \/>\n<meta name=\"robots\" content=\"index, follow, max-snippet:-1, max-image-preview:large, max-video-preview:-1\" \/>\n<link rel=\"canonical\" href=\"https:\/\/elbullifoundation.com\/elbullistore\/paleolitico-claves-historicas-mas-relevantes\/\" \/>\n<meta property=\"og:locale\" content=\"es_ES\" \/>\n<meta property=\"og:type\" content=\"article\" \/>\n<meta property=\"og:title\" content=\"Paleol\u00edtico: claves hist\u00f3ricas m\u00e1s relevantes - elBullistore\" \/>\n<meta property=\"og:description\" content=\"Los hechos m\u00e1s significativos que acontecieron en el Paleol\u00edtico y que resultan esenciales para comprender los inicios de la cocina, la comida y la bebida.\" \/>\n<meta property=\"og:url\" content=\"https:\/\/elbullifoundation.com\/elbullistore\/paleolitico-claves-historicas-mas-relevantes\/\" \/>\n<meta property=\"og:site_name\" content=\"elBullistore\" \/>\n<meta property=\"article:published_time\" content=\"2020-03-12T15:36:24+00:00\" \/>\n<meta property=\"article:modified_time\" content=\"2020-03-13T11:26:39+00:00\" \/>\n<meta property=\"og:image\" content=\"https:\/\/elbullifoundation.com\/elbullistore\/wp-content\/uploads\/2020\/03\/Captura-de-pantalla-2020-03-12-a-las-16.29.47.png\" \/>\n\t<meta property=\"og:image:width\" content=\"494\" \/>\n\t<meta property=\"og:image:height\" content=\"407\" \/>\n\t<meta property=\"og:image:type\" content=\"image\/png\" \/>\n<meta name=\"author\" content=\"developer\" \/>\n<meta name=\"twitter:card\" content=\"summary_large_image\" \/>\n<meta name=\"twitter:label1\" content=\"Escrito por\" \/>\n\t<meta name=\"twitter:data1\" content=\"developer\" \/>\n\t<meta name=\"twitter:label2\" content=\"Tiempo de lectura\" \/>\n\t<meta name=\"twitter:data2\" content=\"1 minuto\" \/>\n<script type=\"application\/ld+json\" class=\"yoast-schema-graph\">{\"@context\":\"https:\/\/schema.org\",\"@graph\":[{\"@type\":\"Article\",\"@id\":\"https:\/\/elbullifoundation.com\/elbullistore\/paleolitico-claves-historicas-mas-relevantes\/#article\",\"isPartOf\":{\"@id\":\"https:\/\/elbullifoundation.com\/elbullistore\/paleolitico-claves-historicas-mas-relevantes\/\"},\"author\":{\"name\":\"developer\",\"@id\":\"https:\/\/elbullifoundation.com\/elbullistore\/#\/schema\/person\/b1d2521aeb19394f960c9793f68904eb\"},\"headline\":\"Paleol\u00edtico: claves hist\u00f3ricas m\u00e1s relevantes\",\"datePublished\":\"2020-03-12T15:36:24+00:00\",\"dateModified\":\"2020-03-13T11:26:39+00:00\",\"mainEntityOfPage\":{\"@id\":\"https:\/\/elbullifoundation.com\/elbullistore\/paleolitico-claves-historicas-mas-relevantes\/\"},\"wordCount\":225,\"image\":{\"@id\":\"https:\/\/elbullifoundation.com\/elbullistore\/paleolitico-claves-historicas-mas-relevantes\/#primaryimage\"},\"thumbnailUrl\":\"https:\/\/elbullifoundation.com\/elbullistore\/wp-content\/uploads\/2020\/03\/Captura-de-pantalla-2020-03-12-a-las-16.29.47.png\",\"keywords\":[\"bullipedia\",\"el bulli\",\"elbulli\",\"Eudald Carbonell\",\"ferran adri\u00e0\",\"historia cocina\",\"Historia de la restauraci\u00f3n gastron\u00f3mica en occidente\",\"Homo sapiens\",\"libro\",\"Neol\u00edtico\",\"Neol\u00edtico con cer\u00e1mica\",\"Neol\u00edtico sin cer\u00e1mica\",\"or\u00edgenes de la cocina\",\"paleol\u00edtico\",\"Paleol\u00edtico con fuego\",\"Paleol\u00edtico sin fuego\",\"Sapiens\",\"Toni Massan\u00e9s\"],\"articleSection\":[\"Sin categorizar\"],\"inLanguage\":\"es\"},{\"@type\":\"WebPage\",\"@id\":\"https:\/\/elbullifoundation.com\/elbullistore\/paleolitico-claves-historicas-mas-relevantes\/\",\"url\":\"https:\/\/elbullifoundation.com\/elbullistore\/paleolitico-claves-historicas-mas-relevantes\/\",\"name\":\"Paleol\u00edtico: claves hist\u00f3ricas m\u00e1s relevantes - elBullistore\",\"isPartOf\":{\"@id\":\"https:\/\/elbullifoundation.com\/elbullistore\/#website\"},\"primaryImageOfPage\":{\"@id\":\"https:\/\/elbullifoundation.com\/elbullistore\/paleolitico-claves-historicas-mas-relevantes\/#primaryimage\"},\"image\":{\"@id\":\"https:\/\/elbullifoundation.com\/elbullistore\/paleolitico-claves-historicas-mas-relevantes\/#primaryimage\"},\"thumbnailUrl\":\"https:\/\/elbullifoundation.com\/elbullistore\/wp-content\/uploads\/2020\/03\/Captura-de-pantalla-2020-03-12-a-las-16.29.47.png\",\"datePublished\":\"2020-03-12T15:36:24+00:00\",\"dateModified\":\"2020-03-13T11:26:39+00:00\",\"author\":{\"@id\":\"https:\/\/elbullifoundation.com\/elbullistore\/#\/schema\/person\/b1d2521aeb19394f960c9793f68904eb\"},\"description\":\"Los hechos m\u00e1s significativos que acontecieron en el Paleol\u00edtico y que resultan esenciales para comprender los inicios de la cocina, la comida y la bebida.\",\"breadcrumb\":{\"@id\":\"https:\/\/elbullifoundation.com\/elbullistore\/paleolitico-claves-historicas-mas-relevantes\/#breadcrumb\"},\"inLanguage\":\"es\",\"potentialAction\":[{\"@type\":\"ReadAction\",\"target\":[\"https:\/\/elbullifoundation.com\/elbullistore\/paleolitico-claves-historicas-mas-relevantes\/\"]}]},{\"@type\":\"ImageObject\",\"inLanguage\":\"es\",\"@id\":\"https:\/\/elbullifoundation.com\/elbullistore\/paleolitico-claves-historicas-mas-relevantes\/#primaryimage\",\"url\":\"https:\/\/elbullifoundation.com\/elbullistore\/wp-content\/uploads\/2020\/03\/Captura-de-pantalla-2020-03-12-a-las-16.29.47.png\",\"contentUrl\":\"https:\/\/elbullifoundation.com\/elbullistore\/wp-content\/uploads\/2020\/03\/Captura-de-pantalla-2020-03-12-a-las-16.29.47.png\",\"width\":494,\"height\":407,\"caption\":\"Paleol\u00edtico: claves hist\u00f3ricas m\u00e1s relevantes\"},{\"@type\":\"BreadcrumbList\",\"@id\":\"https:\/\/elbullifoundation.com\/elbullistore\/paleolitico-claves-historicas-mas-relevantes\/#breadcrumb\",\"itemListElement\":[{\"@type\":\"ListItem\",\"position\":1,\"name\":\"Portada\",\"item\":\"https:\/\/elbullifoundation.com\/elbullistore\/\"},{\"@type\":\"ListItem\",\"position\":2,\"name\":\"Paleol\u00edtico: claves hist\u00f3ricas m\u00e1s relevantes\"}]},{\"@type\":\"WebSite\",\"@id\":\"https:\/\/elbullifoundation.com\/elbullistore\/#website\",\"url\":\"https:\/\/elbullifoundation.com\/elbullistore\/\",\"name\":\"elBullistore\",\"description\":\"\",\"potentialAction\":[{\"@type\":\"SearchAction\",\"target\":{\"@type\":\"EntryPoint\",\"urlTemplate\":\"https:\/\/elbullifoundation.com\/elbullistore\/?s={search_term_string}\"},\"query-input\":{\"@type\":\"PropertyValueSpecification\",\"valueRequired\":true,\"valueName\":\"search_term_string\"}}],\"inLanguage\":\"es\"},{\"@type\":\"Person\",\"@id\":\"https:\/\/elbullifoundation.com\/elbullistore\/#\/schema\/person\/b1d2521aeb19394f960c9793f68904eb\",\"name\":\"developer\",\"image\":{\"@type\":\"ImageObject\",\"inLanguage\":\"es\",\"@id\":\"https:\/\/elbullifoundation.com\/elbullistore\/#\/schema\/person\/image\/\",\"url\":\"https:\/\/secure.gravatar.com\/avatar\/e2c07995198795d021427091655b07d46a82b40fe7f7536d66f64a6a2ec30e4f?s=96&d=mm&r=g\",\"contentUrl\":\"https:\/\/secure.gravatar.com\/avatar\/e2c07995198795d021427091655b07d46a82b40fe7f7536d66f64a6a2ec30e4f?s=96&d=mm&r=g\",\"caption\":\"developer\"},\"url\":\"https:\/\/elbullifoundation.com\/elbullistore\/author\/developer\/\"}]}<\/script>\n<!-- \/ Yoast SEO plugin. -->","yoast_head_json":{"title":"Paleol\u00edtico: claves hist\u00f3ricas m\u00e1s relevantes - elBullistore","description":"Los hechos m\u00e1s significativos que acontecieron en el Paleol\u00edtico y que resultan esenciales para comprender los inicios de la cocina, la comida y la bebida.","robots":{"index":"index","follow":"follow","max-snippet":"max-snippet:-1","max-image-preview":"max-image-preview:large","max-video-preview":"max-video-preview:-1"},"canonical":"https:\/\/elbullifoundation.com\/elbullistore\/paleolitico-claves-historicas-mas-relevantes\/","og_locale":"es_ES","og_type":"article","og_title":"Paleol\u00edtico: claves hist\u00f3ricas m\u00e1s relevantes - elBullistore","og_description":"Los hechos m\u00e1s significativos que acontecieron en el Paleol\u00edtico y que resultan esenciales para comprender los inicios de la cocina, la comida y la bebida.","og_url":"https:\/\/elbullifoundation.com\/elbullistore\/paleolitico-claves-historicas-mas-relevantes\/","og_site_name":"elBullistore","article_published_time":"2020-03-12T15:36:24+00:00","article_modified_time":"2020-03-13T11:26:39+00:00","og_image":[{"width":494,"height":407,"url":"https:\/\/elbullifoundation.com\/elbullistore\/wp-content\/uploads\/2020\/03\/Captura-de-pantalla-2020-03-12-a-las-16.29.47.png","type":"image\/png"}],"author":"developer","twitter_card":"summary_large_image","twitter_misc":{"Escrito por":"developer","Tiempo de lectura":"1 minuto"},"schema":{"@context":"https:\/\/schema.org","@graph":[{"@type":"Article","@id":"https:\/\/elbullifoundation.com\/elbullistore\/paleolitico-claves-historicas-mas-relevantes\/#article","isPartOf":{"@id":"https:\/\/elbullifoundation.com\/elbullistore\/paleolitico-claves-historicas-mas-relevantes\/"},"author":{"name":"developer","@id":"https:\/\/elbullifoundation.com\/elbullistore\/#\/schema\/person\/b1d2521aeb19394f960c9793f68904eb"},"headline":"Paleol\u00edtico: claves hist\u00f3ricas m\u00e1s relevantes","datePublished":"2020-03-12T15:36:24+00:00","dateModified":"2020-03-13T11:26:39+00:00","mainEntityOfPage":{"@id":"https:\/\/elbullifoundation.com\/elbullistore\/paleolitico-claves-historicas-mas-relevantes\/"},"wordCount":225,"image":{"@id":"https:\/\/elbullifoundation.com\/elbullistore\/paleolitico-claves-historicas-mas-relevantes\/#primaryimage"},"thumbnailUrl":"https:\/\/elbullifoundation.com\/elbullistore\/wp-content\/uploads\/2020\/03\/Captura-de-pantalla-2020-03-12-a-las-16.29.47.png","keywords":["bullipedia","el bulli","elbulli","Eudald Carbonell","ferran adri\u00e0","historia cocina","Historia de la restauraci\u00f3n gastron\u00f3mica en occidente","Homo sapiens","libro","Neol\u00edtico","Neol\u00edtico con cer\u00e1mica","Neol\u00edtico sin cer\u00e1mica","or\u00edgenes de la cocina","paleol\u00edtico","Paleol\u00edtico con fuego","Paleol\u00edtico sin fuego","Sapiens","Toni Massan\u00e9s"],"articleSection":["Sin categorizar"],"inLanguage":"es"},{"@type":"WebPage","@id":"https:\/\/elbullifoundation.com\/elbullistore\/paleolitico-claves-historicas-mas-relevantes\/","url":"https:\/\/elbullifoundation.com\/elbullistore\/paleolitico-claves-historicas-mas-relevantes\/","name":"Paleol\u00edtico: claves hist\u00f3ricas m\u00e1s relevantes - elBullistore","isPartOf":{"@id":"https:\/\/elbullifoundation.com\/elbullistore\/#website"},"primaryImageOfPage":{"@id":"https:\/\/elbullifoundation.com\/elbullistore\/paleolitico-claves-historicas-mas-relevantes\/#primaryimage"},"image":{"@id":"https:\/\/elbullifoundation.com\/elbullistore\/paleolitico-claves-historicas-mas-relevantes\/#primaryimage"},"thumbnailUrl":"https:\/\/elbullifoundation.com\/elbullistore\/wp-content\/uploads\/2020\/03\/Captura-de-pantalla-2020-03-12-a-las-16.29.47.png","datePublished":"2020-03-12T15:36:24+00:00","dateModified":"2020-03-13T11:26:39+00:00","author":{"@id":"https:\/\/elbullifoundation.com\/elbullistore\/#\/schema\/person\/b1d2521aeb19394f960c9793f68904eb"},"description":"Los hechos m\u00e1s significativos que acontecieron en el Paleol\u00edtico y que resultan esenciales para comprender los inicios de la cocina, la comida y la bebida.","breadcrumb":{"@id":"https:\/\/elbullifoundation.com\/elbullistore\/paleolitico-claves-historicas-mas-relevantes\/#breadcrumb"},"inLanguage":"es","potentialAction":[{"@type":"ReadAction","target":["https:\/\/elbullifoundation.com\/elbullistore\/paleolitico-claves-historicas-mas-relevantes\/"]}]},{"@type":"ImageObject","inLanguage":"es","@id":"https:\/\/elbullifoundation.com\/elbullistore\/paleolitico-claves-historicas-mas-relevantes\/#primaryimage","url":"https:\/\/elbullifoundation.com\/elbullistore\/wp-content\/uploads\/2020\/03\/Captura-de-pantalla-2020-03-12-a-las-16.29.47.png","contentUrl":"https:\/\/elbullifoundation.com\/elbullistore\/wp-content\/uploads\/2020\/03\/Captura-de-pantalla-2020-03-12-a-las-16.29.47.png","width":494,"height":407,"caption":"Paleol\u00edtico: claves hist\u00f3ricas m\u00e1s relevantes"},{"@type":"BreadcrumbList","@id":"https:\/\/elbullifoundation.com\/elbullistore\/paleolitico-claves-historicas-mas-relevantes\/#breadcrumb","itemListElement":[{"@type":"ListItem","position":1,"name":"Portada","item":"https:\/\/elbullifoundation.com\/elbullistore\/"},{"@type":"ListItem","position":2,"name":"Paleol\u00edtico: claves hist\u00f3ricas m\u00e1s relevantes"}]},{"@type":"WebSite","@id":"https:\/\/elbullifoundation.com\/elbullistore\/#website","url":"https:\/\/elbullifoundation.com\/elbullistore\/","name":"elBullistore","description":"","potentialAction":[{"@type":"SearchAction","target":{"@type":"EntryPoint","urlTemplate":"https:\/\/elbullifoundation.com\/elbullistore\/?s={search_term_string}"},"query-input":{"@type":"PropertyValueSpecification","valueRequired":true,"valueName":"search_term_string"}}],"inLanguage":"es"},{"@type":"Person","@id":"https:\/\/elbullifoundation.com\/elbullistore\/#\/schema\/person\/b1d2521aeb19394f960c9793f68904eb","name":"developer","image":{"@type":"ImageObject","inLanguage":"es","@id":"https:\/\/elbullifoundation.com\/elbullistore\/#\/schema\/person\/image\/","url":"https:\/\/secure.gravatar.com\/avatar\/e2c07995198795d021427091655b07d46a82b40fe7f7536d66f64a6a2ec30e4f?s=96&d=mm&r=g","contentUrl":"https:\/\/secure.gravatar.com\/avatar\/e2c07995198795d021427091655b07d46a82b40fe7f7536d66f64a6a2ec30e4f?s=96&d=mm&r=g","caption":"developer"},"url":"https:\/\/elbullifoundation.com\/elbullistore\/author\/developer\/"}]}},"lang":"es","translations":{"es":7291,"en":8466,"ca":16116},"pll_sync_post":[],"_links":{"self":[{"href":"https:\/\/elbullifoundation.com\/elbullistore\/wp-json\/wp\/v2\/posts\/7291","targetHints":{"allow":["GET"]}}],"collection":[{"href":"https:\/\/elbullifoundation.com\/elbullistore\/wp-json\/wp\/v2\/posts"}],"about":[{"href":"https:\/\/elbullifoundation.com\/elbullistore\/wp-json\/wp\/v2\/types\/post"}],"author":[{"embeddable":true,"href":"https:\/\/elbullifoundation.com\/elbullistore\/wp-json\/wp\/v2\/users\/1"}],"replies":[{"embeddable":true,"href":"https:\/\/elbullifoundation.com\/elbullistore\/wp-json\/wp\/v2\/comments?post=7291"}],"version-history":[{"count":0,"href":"https:\/\/elbullifoundation.com\/elbullistore\/wp-json\/wp\/v2\/posts\/7291\/revisions"}],"wp:featuredmedia":[{"embeddable":true,"href":"https:\/\/elbullifoundation.com\/elbullistore\/wp-json\/wp\/v2\/media\/7292"}],"wp:attachment":[{"href":"https:\/\/elbullifoundation.com\/elbullistore\/wp-json\/wp\/v2\/media?parent=7291"}],"wp:term":[{"taxonomy":"category","embeddable":true,"href":"https:\/\/elbullifoundation.com\/elbullistore\/wp-json\/wp\/v2\/categories?post=7291"},{"taxonomy":"post_tag","embeddable":true,"href":"https:\/\/elbullifoundation.com\/elbullistore\/wp-json\/wp\/v2\/tags?post=7291"}],"curies":[{"name":"wp","href":"https:\/\/api.w.org\/{rel}","templated":true}]}}