{"id":7338,"date":"2020-03-12T16:54:46","date_gmt":"2020-03-12T15:54:46","guid":{"rendered":"https:\/\/elbullifoundation.com\/elbullistore\/?p=7338"},"modified":"2020-04-29T12:13:21","modified_gmt":"2020-04-29T10:13:21","slug":"partimos-comprender-aspectos-lexico-semanticos","status":"publish","type":"post","link":"https:\/\/elbullifoundation.com\/elbullistore\/partimos-comprender-aspectos-lexico-semanticos\/","title":{"rendered":"Partimos de comprender aspectos l\u00e9xico-sem\u00e1nticos"},"content":{"rendered":"<h3 class=\"p1\"><b>Definici\u00f3n de t\u00e9rminos principales<\/b><\/h3>\n<p class=\"p1\">Para entrar en materia, empezaremos por las definiciones de los conceptos que articulan el discurso de este libro, entre los que se encuentran \u2014evidentemente\u2014 \u00abcocinar\u00bb y \u00abcocina\u00bb, para los que aportaremos nuestra definici\u00f3n en clave Sapiens.<\/p>\n<p>&nbsp;<\/p>\n<h3 class=\"p1\"><b>Definici\u00f3n de t\u00e9rminos relacionados<\/b><\/h3>\n<p class=\"p1\">Seguiremos con aquellos t\u00e9rminos que son imprescindibles y que se desprenden de los anteriores, como \u00abalimentaci\u00f3n\u00bb o \u00abgastronom\u00eda\u00bb. Se introducir\u00e1n, adem\u00e1s, las diferencias entre \u00abcomer\u00bb y \u00abbeber\u00bb, y entre elaboraciones con uso de \u00abcomida\u00bb y con uso de \u00abbebida\u00bb.<\/p>\n","protected":false},"excerpt":{"rendered":"<p>Definici\u00f3n de t\u00e9rminos principales Para entrar en materia, empezaremos por las definiciones de los conceptos que articulan el discurso de este libro, entre los que se encuentran \u2014evidentemente\u2014 \u00abcocinar\u00bb y \u00abcocina\u00bb, para los que aportaremos nuestra definici\u00f3n en clave Sapiens. &nbsp; Definici\u00f3n de t\u00e9rminos relacionados Seguiremos con aquellos t\u00e9rminos que son imprescindibles y que se [&hellip;]<\/p>\n","protected":false},"author":1,"featured_media":7339,"comment_status":"closed","ping_status":"open","sticky":false,"template":"","format":"standard","meta":{"_acf_changed":false,"footnotes":""},"categories":[1],"tags":[394,396,608,607,398,397,400,405,541,399,403,603,602,606,604,605,538],"class_list":["post-7338","post","type-post","status-publish","format-standard","has-post-thumbnail","hentry","category-sin-categorizar","tag-book","tag-bullipedia","tag-cocina","tag-cocinar","tag-el-bulli","tag-elbulli","tag-elbullifoundation","tag-elbullistore","tag-enciclopedia-gastronomica","tag-ferran-adria","tag-libro","tag-los-secretos-de-elbulli","tag-que-es-cocinar","tag-restauracion-gastronomica-occidental","tag-restaurantes","tag-restaurantes-gastronomicos","tag-sapiens"],"acf":[],"yoast_head":"<!-- This site is optimized with the Yoast SEO plugin v26.9 - https:\/\/yoast.com\/product\/yoast-seo-wordpress\/ -->\n<title>Partimos de comprender aspectos l\u00e9xico-sem\u00e1nticos - elBullistore<\/title>\n<meta name=\"description\" content=\"empezaremos por las definiciones de los conceptos que articulan el discurso de este libro, entre los que se encuentran \u2014evidentemente\u2014 \u00abcocinar\u00bb y \u00abcocina\u00bb\" \/>\n<meta name=\"robots\" content=\"index, follow, max-snippet:-1, max-image-preview:large, max-video-preview:-1\" \/>\n<link rel=\"canonical\" href=\"https:\/\/elbullifoundation.com\/elbullistore\/partimos-comprender-aspectos-lexico-semanticos\/\" \/>\n<meta property=\"og:locale\" content=\"es_ES\" \/>\n<meta property=\"og:type\" content=\"article\" \/>\n<meta property=\"og:title\" content=\"Partimos de comprender aspectos l\u00e9xico-sem\u00e1nticos - elBullistore\" \/>\n<meta property=\"og:description\" content=\"empezaremos por las definiciones de los conceptos que articulan el discurso de este libro, entre los que se encuentran \u2014evidentemente\u2014 \u00abcocinar\u00bb y \u00abcocina\u00bb\" \/>\n<meta property=\"og:url\" content=\"https:\/\/elbullifoundation.com\/elbullistore\/partimos-comprender-aspectos-lexico-semanticos\/\" \/>\n<meta property=\"og:site_name\" content=\"elBullistore\" \/>\n<meta property=\"article:published_time\" content=\"2020-03-12T15:54:46+00:00\" \/>\n<meta property=\"article:modified_time\" content=\"2020-04-29T10:13:21+00:00\" \/>\n<meta property=\"og:image\" content=\"https:\/\/elbullifoundation.com\/elbullistore\/wp-content\/uploads\/2020\/03\/Captura-de-pantalla-2020-03-12-a-las-16.53.27.png\" \/>\n\t<meta property=\"og:image:width\" content=\"373\" \/>\n\t<meta property=\"og:image:height\" content=\"418\" \/>\n\t<meta property=\"og:image:type\" content=\"image\/png\" \/>\n<meta name=\"author\" content=\"developer\" \/>\n<meta name=\"twitter:card\" content=\"summary_large_image\" \/>\n<meta name=\"twitter:label1\" content=\"Escrito por\" \/>\n\t<meta name=\"twitter:data1\" content=\"developer\" \/>\n<script type=\"application\/ld+json\" class=\"yoast-schema-graph\">{\"@context\":\"https:\/\/schema.org\",\"@graph\":[{\"@type\":\"Article\",\"@id\":\"https:\/\/elbullifoundation.com\/elbullistore\/partimos-comprender-aspectos-lexico-semanticos\/#article\",\"isPartOf\":{\"@id\":\"https:\/\/elbullifoundation.com\/elbullistore\/partimos-comprender-aspectos-lexico-semanticos\/\"},\"author\":{\"name\":\"developer\",\"@id\":\"https:\/\/elbullifoundation.com\/elbullistore\/#\/schema\/person\/b1d2521aeb19394f960c9793f68904eb\"},\"headline\":\"Partimos de comprender aspectos l\u00e9xico-sem\u00e1nticos\",\"datePublished\":\"2020-03-12T15:54:46+00:00\",\"dateModified\":\"2020-04-29T10:13:21+00:00\",\"mainEntityOfPage\":{\"@id\":\"https:\/\/elbullifoundation.com\/elbullistore\/partimos-comprender-aspectos-lexico-semanticos\/\"},\"wordCount\":101,\"image\":{\"@id\":\"https:\/\/elbullifoundation.com\/elbullistore\/partimos-comprender-aspectos-lexico-semanticos\/#primaryimage\"},\"thumbnailUrl\":\"https:\/\/elbullifoundation.com\/elbullistore\/wp-content\/uploads\/2020\/03\/Captura-de-pantalla-2020-03-12-a-las-16.53.27.png\",\"keywords\":[\"Book\",\"bullipedia\",\"cocina\",\"cocinar\",\"el bulli\",\"elbulli\",\"elbullifoundation\",\"elbullistore\",\"enciclopedia gastrono\u0301mica\",\"ferran adri\u00e0\",\"libro\",\"Los secretos de elBulli\",\"Que es cocinar\",\"restauraci\u00f3n gastron\u00f3mica occidental\",\"restaurantes\",\"restaurantes gastron\u00f3micos\",\"Sapiens\"],\"articleSection\":[\"Sin categorizar\"],\"inLanguage\":\"es\"},{\"@type\":\"WebPage\",\"@id\":\"https:\/\/elbullifoundation.com\/elbullistore\/partimos-comprender-aspectos-lexico-semanticos\/\",\"url\":\"https:\/\/elbullifoundation.com\/elbullistore\/partimos-comprender-aspectos-lexico-semanticos\/\",\"name\":\"Partimos de comprender aspectos l\u00e9xico-sem\u00e1nticos - elBullistore\",\"isPartOf\":{\"@id\":\"https:\/\/elbullifoundation.com\/elbullistore\/#website\"},\"primaryImageOfPage\":{\"@id\":\"https:\/\/elbullifoundation.com\/elbullistore\/partimos-comprender-aspectos-lexico-semanticos\/#primaryimage\"},\"image\":{\"@id\":\"https:\/\/elbullifoundation.com\/elbullistore\/partimos-comprender-aspectos-lexico-semanticos\/#primaryimage\"},\"thumbnailUrl\":\"https:\/\/elbullifoundation.com\/elbullistore\/wp-content\/uploads\/2020\/03\/Captura-de-pantalla-2020-03-12-a-las-16.53.27.png\",\"datePublished\":\"2020-03-12T15:54:46+00:00\",\"dateModified\":\"2020-04-29T10:13:21+00:00\",\"author\":{\"@id\":\"https:\/\/elbullifoundation.com\/elbullistore\/#\/schema\/person\/b1d2521aeb19394f960c9793f68904eb\"},\"description\":\"empezaremos por las definiciones de los conceptos que articulan el discurso de este libro, entre los que se encuentran \u2014evidentemente\u2014 \u00abcocinar\u00bb y \u00abcocina\u00bb\",\"breadcrumb\":{\"@id\":\"https:\/\/elbullifoundation.com\/elbullistore\/partimos-comprender-aspectos-lexico-semanticos\/#breadcrumb\"},\"inLanguage\":\"es\",\"potentialAction\":[{\"@type\":\"ReadAction\",\"target\":[\"https:\/\/elbullifoundation.com\/elbullistore\/partimos-comprender-aspectos-lexico-semanticos\/\"]}]},{\"@type\":\"ImageObject\",\"inLanguage\":\"es\",\"@id\":\"https:\/\/elbullifoundation.com\/elbullistore\/partimos-comprender-aspectos-lexico-semanticos\/#primaryimage\",\"url\":\"https:\/\/elbullifoundation.com\/elbullistore\/wp-content\/uploads\/2020\/03\/Captura-de-pantalla-2020-03-12-a-las-16.53.27.png\",\"contentUrl\":\"https:\/\/elbullifoundation.com\/elbullistore\/wp-content\/uploads\/2020\/03\/Captura-de-pantalla-2020-03-12-a-las-16.53.27.png\",\"width\":373,\"height\":418},{\"@type\":\"BreadcrumbList\",\"@id\":\"https:\/\/elbullifoundation.com\/elbullistore\/partimos-comprender-aspectos-lexico-semanticos\/#breadcrumb\",\"itemListElement\":[{\"@type\":\"ListItem\",\"position\":1,\"name\":\"Portada\",\"item\":\"https:\/\/elbullifoundation.com\/elbullistore\/\"},{\"@type\":\"ListItem\",\"position\":2,\"name\":\"Partimos de comprender aspectos l\u00e9xico-sem\u00e1nticos\"}]},{\"@type\":\"WebSite\",\"@id\":\"https:\/\/elbullifoundation.com\/elbullistore\/#website\",\"url\":\"https:\/\/elbullifoundation.com\/elbullistore\/\",\"name\":\"elBullistore\",\"description\":\"\",\"potentialAction\":[{\"@type\":\"SearchAction\",\"target\":{\"@type\":\"EntryPoint\",\"urlTemplate\":\"https:\/\/elbullifoundation.com\/elbullistore\/?s={search_term_string}\"},\"query-input\":{\"@type\":\"PropertyValueSpecification\",\"valueRequired\":true,\"valueName\":\"search_term_string\"}}],\"inLanguage\":\"es\"},{\"@type\":\"Person\",\"@id\":\"https:\/\/elbullifoundation.com\/elbullistore\/#\/schema\/person\/b1d2521aeb19394f960c9793f68904eb\",\"name\":\"developer\",\"image\":{\"@type\":\"ImageObject\",\"inLanguage\":\"es\",\"@id\":\"https:\/\/elbullifoundation.com\/elbullistore\/#\/schema\/person\/image\/\",\"url\":\"https:\/\/secure.gravatar.com\/avatar\/e2c07995198795d021427091655b07d46a82b40fe7f7536d66f64a6a2ec30e4f?s=96&d=mm&r=g\",\"contentUrl\":\"https:\/\/secure.gravatar.com\/avatar\/e2c07995198795d021427091655b07d46a82b40fe7f7536d66f64a6a2ec30e4f?s=96&d=mm&r=g\",\"caption\":\"developer\"},\"url\":\"https:\/\/elbullifoundation.com\/elbullistore\/author\/developer\/\"}]}<\/script>\n<!-- \/ Yoast SEO plugin. -->","yoast_head_json":{"title":"Partimos de comprender aspectos l\u00e9xico-sem\u00e1nticos - elBullistore","description":"empezaremos por las definiciones de los conceptos que articulan el discurso de este libro, entre los que se encuentran \u2014evidentemente\u2014 \u00abcocinar\u00bb y \u00abcocina\u00bb","robots":{"index":"index","follow":"follow","max-snippet":"max-snippet:-1","max-image-preview":"max-image-preview:large","max-video-preview":"max-video-preview:-1"},"canonical":"https:\/\/elbullifoundation.com\/elbullistore\/partimos-comprender-aspectos-lexico-semanticos\/","og_locale":"es_ES","og_type":"article","og_title":"Partimos de comprender aspectos l\u00e9xico-sem\u00e1nticos - elBullistore","og_description":"empezaremos por las definiciones de los conceptos que articulan el discurso de este libro, entre los que se encuentran \u2014evidentemente\u2014 \u00abcocinar\u00bb y \u00abcocina\u00bb","og_url":"https:\/\/elbullifoundation.com\/elbullistore\/partimos-comprender-aspectos-lexico-semanticos\/","og_site_name":"elBullistore","article_published_time":"2020-03-12T15:54:46+00:00","article_modified_time":"2020-04-29T10:13:21+00:00","og_image":[{"width":373,"height":418,"url":"https:\/\/elbullifoundation.com\/elbullistore\/wp-content\/uploads\/2020\/03\/Captura-de-pantalla-2020-03-12-a-las-16.53.27.png","type":"image\/png"}],"author":"developer","twitter_card":"summary_large_image","twitter_misc":{"Escrito por":"developer"},"schema":{"@context":"https:\/\/schema.org","@graph":[{"@type":"Article","@id":"https:\/\/elbullifoundation.com\/elbullistore\/partimos-comprender-aspectos-lexico-semanticos\/#article","isPartOf":{"@id":"https:\/\/elbullifoundation.com\/elbullistore\/partimos-comprender-aspectos-lexico-semanticos\/"},"author":{"name":"developer","@id":"https:\/\/elbullifoundation.com\/elbullistore\/#\/schema\/person\/b1d2521aeb19394f960c9793f68904eb"},"headline":"Partimos de comprender aspectos l\u00e9xico-sem\u00e1nticos","datePublished":"2020-03-12T15:54:46+00:00","dateModified":"2020-04-29T10:13:21+00:00","mainEntityOfPage":{"@id":"https:\/\/elbullifoundation.com\/elbullistore\/partimos-comprender-aspectos-lexico-semanticos\/"},"wordCount":101,"image":{"@id":"https:\/\/elbullifoundation.com\/elbullistore\/partimos-comprender-aspectos-lexico-semanticos\/#primaryimage"},"thumbnailUrl":"https:\/\/elbullifoundation.com\/elbullistore\/wp-content\/uploads\/2020\/03\/Captura-de-pantalla-2020-03-12-a-las-16.53.27.png","keywords":["Book","bullipedia","cocina","cocinar","el bulli","elbulli","elbullifoundation","elbullistore","enciclopedia gastrono\u0301mica","ferran adri\u00e0","libro","Los secretos de elBulli","Que es cocinar","restauraci\u00f3n gastron\u00f3mica occidental","restaurantes","restaurantes gastron\u00f3micos","Sapiens"],"articleSection":["Sin categorizar"],"inLanguage":"es"},{"@type":"WebPage","@id":"https:\/\/elbullifoundation.com\/elbullistore\/partimos-comprender-aspectos-lexico-semanticos\/","url":"https:\/\/elbullifoundation.com\/elbullistore\/partimos-comprender-aspectos-lexico-semanticos\/","name":"Partimos de comprender aspectos l\u00e9xico-sem\u00e1nticos - elBullistore","isPartOf":{"@id":"https:\/\/elbullifoundation.com\/elbullistore\/#website"},"primaryImageOfPage":{"@id":"https:\/\/elbullifoundation.com\/elbullistore\/partimos-comprender-aspectos-lexico-semanticos\/#primaryimage"},"image":{"@id":"https:\/\/elbullifoundation.com\/elbullistore\/partimos-comprender-aspectos-lexico-semanticos\/#primaryimage"},"thumbnailUrl":"https:\/\/elbullifoundation.com\/elbullistore\/wp-content\/uploads\/2020\/03\/Captura-de-pantalla-2020-03-12-a-las-16.53.27.png","datePublished":"2020-03-12T15:54:46+00:00","dateModified":"2020-04-29T10:13:21+00:00","author":{"@id":"https:\/\/elbullifoundation.com\/elbullistore\/#\/schema\/person\/b1d2521aeb19394f960c9793f68904eb"},"description":"empezaremos por las definiciones de los conceptos que articulan el discurso de este libro, entre los que se encuentran \u2014evidentemente\u2014 \u00abcocinar\u00bb y \u00abcocina\u00bb","breadcrumb":{"@id":"https:\/\/elbullifoundation.com\/elbullistore\/partimos-comprender-aspectos-lexico-semanticos\/#breadcrumb"},"inLanguage":"es","potentialAction":[{"@type":"ReadAction","target":["https:\/\/elbullifoundation.com\/elbullistore\/partimos-comprender-aspectos-lexico-semanticos\/"]}]},{"@type":"ImageObject","inLanguage":"es","@id":"https:\/\/elbullifoundation.com\/elbullistore\/partimos-comprender-aspectos-lexico-semanticos\/#primaryimage","url":"https:\/\/elbullifoundation.com\/elbullistore\/wp-content\/uploads\/2020\/03\/Captura-de-pantalla-2020-03-12-a-las-16.53.27.png","contentUrl":"https:\/\/elbullifoundation.com\/elbullistore\/wp-content\/uploads\/2020\/03\/Captura-de-pantalla-2020-03-12-a-las-16.53.27.png","width":373,"height":418},{"@type":"BreadcrumbList","@id":"https:\/\/elbullifoundation.com\/elbullistore\/partimos-comprender-aspectos-lexico-semanticos\/#breadcrumb","itemListElement":[{"@type":"ListItem","position":1,"name":"Portada","item":"https:\/\/elbullifoundation.com\/elbullistore\/"},{"@type":"ListItem","position":2,"name":"Partimos de comprender aspectos l\u00e9xico-sem\u00e1nticos"}]},{"@type":"WebSite","@id":"https:\/\/elbullifoundation.com\/elbullistore\/#website","url":"https:\/\/elbullifoundation.com\/elbullistore\/","name":"elBullistore","description":"","potentialAction":[{"@type":"SearchAction","target":{"@type":"EntryPoint","urlTemplate":"https:\/\/elbullifoundation.com\/elbullistore\/?s={search_term_string}"},"query-input":{"@type":"PropertyValueSpecification","valueRequired":true,"valueName":"search_term_string"}}],"inLanguage":"es"},{"@type":"Person","@id":"https:\/\/elbullifoundation.com\/elbullistore\/#\/schema\/person\/b1d2521aeb19394f960c9793f68904eb","name":"developer","image":{"@type":"ImageObject","inLanguage":"es","@id":"https:\/\/elbullifoundation.com\/elbullistore\/#\/schema\/person\/image\/","url":"https:\/\/secure.gravatar.com\/avatar\/e2c07995198795d021427091655b07d46a82b40fe7f7536d66f64a6a2ec30e4f?s=96&d=mm&r=g","contentUrl":"https:\/\/secure.gravatar.com\/avatar\/e2c07995198795d021427091655b07d46a82b40fe7f7536d66f64a6a2ec30e4f?s=96&d=mm&r=g","caption":"developer"},"url":"https:\/\/elbullifoundation.com\/elbullistore\/author\/developer\/"}]}},"lang":"es","translations":{"es":7338,"en":8523,"ca":16138},"pll_sync_post":[],"_links":{"self":[{"href":"https:\/\/elbullifoundation.com\/elbullistore\/wp-json\/wp\/v2\/posts\/7338","targetHints":{"allow":["GET"]}}],"collection":[{"href":"https:\/\/elbullifoundation.com\/elbullistore\/wp-json\/wp\/v2\/posts"}],"about":[{"href":"https:\/\/elbullifoundation.com\/elbullistore\/wp-json\/wp\/v2\/types\/post"}],"author":[{"embeddable":true,"href":"https:\/\/elbullifoundation.com\/elbullistore\/wp-json\/wp\/v2\/users\/1"}],"replies":[{"embeddable":true,"href":"https:\/\/elbullifoundation.com\/elbullistore\/wp-json\/wp\/v2\/comments?post=7338"}],"version-history":[{"count":0,"href":"https:\/\/elbullifoundation.com\/elbullistore\/wp-json\/wp\/v2\/posts\/7338\/revisions"}],"wp:featuredmedia":[{"embeddable":true,"href":"https:\/\/elbullifoundation.com\/elbullistore\/wp-json\/wp\/v2\/media\/7339"}],"wp:attachment":[{"href":"https:\/\/elbullifoundation.com\/elbullistore\/wp-json\/wp\/v2\/media?parent=7338"}],"wp:term":[{"taxonomy":"category","embeddable":true,"href":"https:\/\/elbullifoundation.com\/elbullistore\/wp-json\/wp\/v2\/categories?post=7338"},{"taxonomy":"post_tag","embeddable":true,"href":"https:\/\/elbullifoundation.com\/elbullistore\/wp-json\/wp\/v2\/tags?post=7338"}],"curies":[{"name":"wp","href":"https:\/\/api.w.org\/{rel}","templated":true}]}}