{"id":8734,"date":"2020-09-30T10:47:45","date_gmt":"2020-09-30T08:47:45","guid":{"rendered":"https:\/\/elbullifoundation.com\/elbullistore\/?p=8734"},"modified":"2020-10-02T18:19:24","modified_gmt":"2020-10-02T16:19:24","slug":"planta-del-tomate-en-la-naturaleza","status":"publish","type":"post","link":"https:\/\/elbullifoundation.com\/elbullistore\/planta-del-tomate-en-la-naturaleza\/","title":{"rendered":"EL TOMATE EN LA NATURALEZA"},"content":{"rendered":"<p>Mucho antes de que apareci\u00e9ramos los seres humanos en la Tierra, hace millones de a\u00f1os, empezaron a crecer las primeras plantas de tomate silvestre en los Andes. Sin ellas, probablemente hoy no consumir\u00edamos tomates.<\/p>\n<p>En este tercer cap\u00edtulo, breve pero imprescindible, haremos un repaso desde los primeros vestigios de vida en la Tierra hasta la aparici\u00f3n de la planta del tomate. A lo largo de estas p\u00e1ginas conoceremos d\u00f3nde crecen y c\u00f3mo son las especies silvestres y, en concreto, sus frutos. \u00bfTen\u00eda inter\u00e9s alimentario el tomate silvestre?<\/p>\n","protected":false},"excerpt":{"rendered":"<p>Mucho antes de que apareci\u00e9ramos los seres humanos en la Tierra, hace millones de a\u00f1os, empezaron a crecer las primeras plantas de tomate silvestre en los Andes. Sin ellas, probablemente hoy no consumir\u00edamos tomates. En este tercer cap\u00edtulo, breve pero imprescindible, haremos un repaso desde los primeros vestigios de vida en la Tierra hasta la [&hellip;]<\/p>\n","protected":false},"author":1,"featured_media":8901,"comment_status":"closed","ping_status":"open","sticky":false,"template":"","format":"standard","meta":{"_acf_changed":false,"footnotes":""},"categories":[1],"tags":[],"class_list":["post-8734","post","type-post","status-publish","format-standard","has-post-thumbnail","hentry","category-sin-categorizar"],"acf":[],"yoast_head":"<!-- This site is optimized with the Yoast SEO plugin v26.9 - https:\/\/yoast.com\/product\/yoast-seo-wordpress\/ -->\n<title>El tomate en la naturaleza. D\u00f3nde crecen y c\u00f3mo son las especies silvestres de este fruto - elBulliStore<\/title>\n<meta name=\"description\" content=\"Repaso hist\u00f3rico desde los primeros vestigios de vida en la Tierra hasta la aparici\u00f3n de la planta del tomate silvestre en los Andes.\" \/>\n<meta name=\"robots\" content=\"index, follow, max-snippet:-1, max-image-preview:large, max-video-preview:-1\" \/>\n<link rel=\"canonical\" href=\"https:\/\/elbullifoundation.com\/elbullistore\/planta-del-tomate-en-la-naturaleza\/\" \/>\n<meta property=\"og:locale\" content=\"es_ES\" \/>\n<meta property=\"og:type\" content=\"article\" \/>\n<meta property=\"og:title\" content=\"El tomate en la naturaleza. D\u00f3nde crecen y c\u00f3mo son las especies silvestres de este fruto - elBulliStore\" \/>\n<meta property=\"og:description\" content=\"Repaso hist\u00f3rico desde los primeros vestigios de vida en la Tierra hasta la aparici\u00f3n de la planta del tomate silvestre en los Andes.\" \/>\n<meta property=\"og:url\" content=\"https:\/\/elbullifoundation.com\/elbullistore\/planta-del-tomate-en-la-naturaleza\/\" \/>\n<meta property=\"og:site_name\" content=\"elBullistore\" \/>\n<meta property=\"article:published_time\" content=\"2020-09-30T08:47:45+00:00\" \/>\n<meta property=\"article:modified_time\" content=\"2020-10-02T16:19:24+00:00\" \/>\n<meta property=\"og:image\" content=\"https:\/\/elbullifoundation.com\/elbullistore\/wp-content\/uploads\/2020\/09\/4.jpg\" \/>\n\t<meta property=\"og:image:width\" content=\"500\" \/>\n\t<meta property=\"og:image:height\" content=\"359\" \/>\n\t<meta property=\"og:image:type\" content=\"image\/jpeg\" \/>\n<meta name=\"author\" content=\"developer\" \/>\n<meta name=\"twitter:card\" content=\"summary_large_image\" \/>\n<meta name=\"twitter:label1\" content=\"Escrito por\" \/>\n\t<meta name=\"twitter:data1\" content=\"developer\" \/>\n<script type=\"application\/ld+json\" class=\"yoast-schema-graph\">{\"@context\":\"https:\/\/schema.org\",\"@graph\":[{\"@type\":\"Article\",\"@id\":\"https:\/\/elbullifoundation.com\/elbullistore\/planta-del-tomate-en-la-naturaleza\/#article\",\"isPartOf\":{\"@id\":\"https:\/\/elbullifoundation.com\/elbullistore\/planta-del-tomate-en-la-naturaleza\/\"},\"author\":{\"name\":\"developer\",\"@id\":\"https:\/\/elbullifoundation.com\/elbullistore\/#\/schema\/person\/b1d2521aeb19394f960c9793f68904eb\"},\"headline\":\"EL TOMATE EN LA NATURALEZA\",\"datePublished\":\"2020-09-30T08:47:45+00:00\",\"dateModified\":\"2020-10-02T16:19:24+00:00\",\"mainEntityOfPage\":{\"@id\":\"https:\/\/elbullifoundation.com\/elbullistore\/planta-del-tomate-en-la-naturaleza\/\"},\"wordCount\":102,\"image\":{\"@id\":\"https:\/\/elbullifoundation.com\/elbullistore\/planta-del-tomate-en-la-naturaleza\/#primaryimage\"},\"thumbnailUrl\":\"https:\/\/elbullifoundation.com\/elbullistore\/wp-content\/uploads\/2020\/09\/4.jpg\",\"articleSection\":[\"Sin categorizar\"],\"inLanguage\":\"es\"},{\"@type\":\"WebPage\",\"@id\":\"https:\/\/elbullifoundation.com\/elbullistore\/planta-del-tomate-en-la-naturaleza\/\",\"url\":\"https:\/\/elbullifoundation.com\/elbullistore\/planta-del-tomate-en-la-naturaleza\/\",\"name\":\"El tomate en la naturaleza. D\u00f3nde crecen y c\u00f3mo son las especies silvestres de este fruto - elBulliStore\",\"isPartOf\":{\"@id\":\"https:\/\/elbullifoundation.com\/elbullistore\/#website\"},\"primaryImageOfPage\":{\"@id\":\"https:\/\/elbullifoundation.com\/elbullistore\/planta-del-tomate-en-la-naturaleza\/#primaryimage\"},\"image\":{\"@id\":\"https:\/\/elbullifoundation.com\/elbullistore\/planta-del-tomate-en-la-naturaleza\/#primaryimage\"},\"thumbnailUrl\":\"https:\/\/elbullifoundation.com\/elbullistore\/wp-content\/uploads\/2020\/09\/4.jpg\",\"datePublished\":\"2020-09-30T08:47:45+00:00\",\"dateModified\":\"2020-10-02T16:19:24+00:00\",\"author\":{\"@id\":\"https:\/\/elbullifoundation.com\/elbullistore\/#\/schema\/person\/b1d2521aeb19394f960c9793f68904eb\"},\"description\":\"Repaso hist\u00f3rico desde los primeros vestigios de vida en la Tierra hasta la aparici\u00f3n de la planta del tomate silvestre en los Andes.\",\"breadcrumb\":{\"@id\":\"https:\/\/elbullifoundation.com\/elbullistore\/planta-del-tomate-en-la-naturaleza\/#breadcrumb\"},\"inLanguage\":\"es\",\"potentialAction\":[{\"@type\":\"ReadAction\",\"target\":[\"https:\/\/elbullifoundation.com\/elbullistore\/planta-del-tomate-en-la-naturaleza\/\"]}]},{\"@type\":\"ImageObject\",\"inLanguage\":\"es\",\"@id\":\"https:\/\/elbullifoundation.com\/elbullistore\/planta-del-tomate-en-la-naturaleza\/#primaryimage\",\"url\":\"https:\/\/elbullifoundation.com\/elbullistore\/wp-content\/uploads\/2020\/09\/4.jpg\",\"contentUrl\":\"https:\/\/elbullifoundation.com\/elbullistore\/wp-content\/uploads\/2020\/09\/4.jpg\",\"width\":500,\"height\":359},{\"@type\":\"BreadcrumbList\",\"@id\":\"https:\/\/elbullifoundation.com\/elbullistore\/planta-del-tomate-en-la-naturaleza\/#breadcrumb\",\"itemListElement\":[{\"@type\":\"ListItem\",\"position\":1,\"name\":\"Portada\",\"item\":\"https:\/\/elbullifoundation.com\/elbullistore\/\"},{\"@type\":\"ListItem\",\"position\":2,\"name\":\"EL TOMATE EN LA NATURALEZA\"}]},{\"@type\":\"WebSite\",\"@id\":\"https:\/\/elbullifoundation.com\/elbullistore\/#website\",\"url\":\"https:\/\/elbullifoundation.com\/elbullistore\/\",\"name\":\"elBullistore\",\"description\":\"\",\"potentialAction\":[{\"@type\":\"SearchAction\",\"target\":{\"@type\":\"EntryPoint\",\"urlTemplate\":\"https:\/\/elbullifoundation.com\/elbullistore\/?s={search_term_string}\"},\"query-input\":{\"@type\":\"PropertyValueSpecification\",\"valueRequired\":true,\"valueName\":\"search_term_string\"}}],\"inLanguage\":\"es\"},{\"@type\":\"Person\",\"@id\":\"https:\/\/elbullifoundation.com\/elbullistore\/#\/schema\/person\/b1d2521aeb19394f960c9793f68904eb\",\"name\":\"developer\",\"image\":{\"@type\":\"ImageObject\",\"inLanguage\":\"es\",\"@id\":\"https:\/\/elbullifoundation.com\/elbullistore\/#\/schema\/person\/image\/\",\"url\":\"https:\/\/secure.gravatar.com\/avatar\/e2c07995198795d021427091655b07d46a82b40fe7f7536d66f64a6a2ec30e4f?s=96&d=mm&r=g\",\"contentUrl\":\"https:\/\/secure.gravatar.com\/avatar\/e2c07995198795d021427091655b07d46a82b40fe7f7536d66f64a6a2ec30e4f?s=96&d=mm&r=g\",\"caption\":\"developer\"},\"url\":\"https:\/\/elbullifoundation.com\/elbullistore\/author\/developer\/\"}]}<\/script>\n<!-- \/ Yoast SEO plugin. -->","yoast_head_json":{"title":"El tomate en la naturaleza. D\u00f3nde crecen y c\u00f3mo son las especies silvestres de este fruto - elBulliStore","description":"Repaso hist\u00f3rico desde los primeros vestigios de vida en la Tierra hasta la aparici\u00f3n de la planta del tomate silvestre en los Andes.","robots":{"index":"index","follow":"follow","max-snippet":"max-snippet:-1","max-image-preview":"max-image-preview:large","max-video-preview":"max-video-preview:-1"},"canonical":"https:\/\/elbullifoundation.com\/elbullistore\/planta-del-tomate-en-la-naturaleza\/","og_locale":"es_ES","og_type":"article","og_title":"El tomate en la naturaleza. D\u00f3nde crecen y c\u00f3mo son las especies silvestres de este fruto - elBulliStore","og_description":"Repaso hist\u00f3rico desde los primeros vestigios de vida en la Tierra hasta la aparici\u00f3n de la planta del tomate silvestre en los Andes.","og_url":"https:\/\/elbullifoundation.com\/elbullistore\/planta-del-tomate-en-la-naturaleza\/","og_site_name":"elBullistore","article_published_time":"2020-09-30T08:47:45+00:00","article_modified_time":"2020-10-02T16:19:24+00:00","og_image":[{"width":500,"height":359,"url":"https:\/\/elbullifoundation.com\/elbullistore\/wp-content\/uploads\/2020\/09\/4.jpg","type":"image\/jpeg"}],"author":"developer","twitter_card":"summary_large_image","twitter_misc":{"Escrito por":"developer"},"schema":{"@context":"https:\/\/schema.org","@graph":[{"@type":"Article","@id":"https:\/\/elbullifoundation.com\/elbullistore\/planta-del-tomate-en-la-naturaleza\/#article","isPartOf":{"@id":"https:\/\/elbullifoundation.com\/elbullistore\/planta-del-tomate-en-la-naturaleza\/"},"author":{"name":"developer","@id":"https:\/\/elbullifoundation.com\/elbullistore\/#\/schema\/person\/b1d2521aeb19394f960c9793f68904eb"},"headline":"EL TOMATE EN LA NATURALEZA","datePublished":"2020-09-30T08:47:45+00:00","dateModified":"2020-10-02T16:19:24+00:00","mainEntityOfPage":{"@id":"https:\/\/elbullifoundation.com\/elbullistore\/planta-del-tomate-en-la-naturaleza\/"},"wordCount":102,"image":{"@id":"https:\/\/elbullifoundation.com\/elbullistore\/planta-del-tomate-en-la-naturaleza\/#primaryimage"},"thumbnailUrl":"https:\/\/elbullifoundation.com\/elbullistore\/wp-content\/uploads\/2020\/09\/4.jpg","articleSection":["Sin categorizar"],"inLanguage":"es"},{"@type":"WebPage","@id":"https:\/\/elbullifoundation.com\/elbullistore\/planta-del-tomate-en-la-naturaleza\/","url":"https:\/\/elbullifoundation.com\/elbullistore\/planta-del-tomate-en-la-naturaleza\/","name":"El tomate en la naturaleza. D\u00f3nde crecen y c\u00f3mo son las especies silvestres de este fruto - elBulliStore","isPartOf":{"@id":"https:\/\/elbullifoundation.com\/elbullistore\/#website"},"primaryImageOfPage":{"@id":"https:\/\/elbullifoundation.com\/elbullistore\/planta-del-tomate-en-la-naturaleza\/#primaryimage"},"image":{"@id":"https:\/\/elbullifoundation.com\/elbullistore\/planta-del-tomate-en-la-naturaleza\/#primaryimage"},"thumbnailUrl":"https:\/\/elbullifoundation.com\/elbullistore\/wp-content\/uploads\/2020\/09\/4.jpg","datePublished":"2020-09-30T08:47:45+00:00","dateModified":"2020-10-02T16:19:24+00:00","author":{"@id":"https:\/\/elbullifoundation.com\/elbullistore\/#\/schema\/person\/b1d2521aeb19394f960c9793f68904eb"},"description":"Repaso hist\u00f3rico desde los primeros vestigios de vida en la Tierra hasta la aparici\u00f3n de la planta del tomate silvestre en los Andes.","breadcrumb":{"@id":"https:\/\/elbullifoundation.com\/elbullistore\/planta-del-tomate-en-la-naturaleza\/#breadcrumb"},"inLanguage":"es","potentialAction":[{"@type":"ReadAction","target":["https:\/\/elbullifoundation.com\/elbullistore\/planta-del-tomate-en-la-naturaleza\/"]}]},{"@type":"ImageObject","inLanguage":"es","@id":"https:\/\/elbullifoundation.com\/elbullistore\/planta-del-tomate-en-la-naturaleza\/#primaryimage","url":"https:\/\/elbullifoundation.com\/elbullistore\/wp-content\/uploads\/2020\/09\/4.jpg","contentUrl":"https:\/\/elbullifoundation.com\/elbullistore\/wp-content\/uploads\/2020\/09\/4.jpg","width":500,"height":359},{"@type":"BreadcrumbList","@id":"https:\/\/elbullifoundation.com\/elbullistore\/planta-del-tomate-en-la-naturaleza\/#breadcrumb","itemListElement":[{"@type":"ListItem","position":1,"name":"Portada","item":"https:\/\/elbullifoundation.com\/elbullistore\/"},{"@type":"ListItem","position":2,"name":"EL TOMATE EN LA NATURALEZA"}]},{"@type":"WebSite","@id":"https:\/\/elbullifoundation.com\/elbullistore\/#website","url":"https:\/\/elbullifoundation.com\/elbullistore\/","name":"elBullistore","description":"","potentialAction":[{"@type":"SearchAction","target":{"@type":"EntryPoint","urlTemplate":"https:\/\/elbullifoundation.com\/elbullistore\/?s={search_term_string}"},"query-input":{"@type":"PropertyValueSpecification","valueRequired":true,"valueName":"search_term_string"}}],"inLanguage":"es"},{"@type":"Person","@id":"https:\/\/elbullifoundation.com\/elbullistore\/#\/schema\/person\/b1d2521aeb19394f960c9793f68904eb","name":"developer","image":{"@type":"ImageObject","inLanguage":"es","@id":"https:\/\/elbullifoundation.com\/elbullistore\/#\/schema\/person\/image\/","url":"https:\/\/secure.gravatar.com\/avatar\/e2c07995198795d021427091655b07d46a82b40fe7f7536d66f64a6a2ec30e4f?s=96&d=mm&r=g","contentUrl":"https:\/\/secure.gravatar.com\/avatar\/e2c07995198795d021427091655b07d46a82b40fe7f7536d66f64a6a2ec30e4f?s=96&d=mm&r=g","caption":"developer"},"url":"https:\/\/elbullifoundation.com\/elbullistore\/author\/developer\/"}]}},"lang":"es","translations":{"es":8734,"en":9131,"ca":16257},"pll_sync_post":[],"_links":{"self":[{"href":"https:\/\/elbullifoundation.com\/elbullistore\/wp-json\/wp\/v2\/posts\/8734","targetHints":{"allow":["GET"]}}],"collection":[{"href":"https:\/\/elbullifoundation.com\/elbullistore\/wp-json\/wp\/v2\/posts"}],"about":[{"href":"https:\/\/elbullifoundation.com\/elbullistore\/wp-json\/wp\/v2\/types\/post"}],"author":[{"embeddable":true,"href":"https:\/\/elbullifoundation.com\/elbullistore\/wp-json\/wp\/v2\/users\/1"}],"replies":[{"embeddable":true,"href":"https:\/\/elbullifoundation.com\/elbullistore\/wp-json\/wp\/v2\/comments?post=8734"}],"version-history":[{"count":0,"href":"https:\/\/elbullifoundation.com\/elbullistore\/wp-json\/wp\/v2\/posts\/8734\/revisions"}],"wp:featuredmedia":[{"embeddable":true,"href":"https:\/\/elbullifoundation.com\/elbullistore\/wp-json\/wp\/v2\/media\/8901"}],"wp:attachment":[{"href":"https:\/\/elbullifoundation.com\/elbullistore\/wp-json\/wp\/v2\/media?parent=8734"}],"wp:term":[{"taxonomy":"category","embeddable":true,"href":"https:\/\/elbullifoundation.com\/elbullistore\/wp-json\/wp\/v2\/categories?post=8734"},{"taxonomy":"post_tag","embeddable":true,"href":"https:\/\/elbullifoundation.com\/elbullistore\/wp-json\/wp\/v2\/tags?post=8734"}],"curies":[{"name":"wp","href":"https:\/\/api.w.org\/{rel}","templated":true}]}}